{"id":149,"date":"2011-12-20T13:49:09","date_gmt":"2011-12-20T11:49:09","guid":{"rendered":"http:\/\/www.fspolitik.de\/?p=149"},"modified":"2011-12-20T13:49:09","modified_gmt":"2011-12-20T11:49:09","slug":"protokoll-zur-diskussion-wahrend-der-fachbereichsvollversammlung-am-19-12-2011","status":"publish","type":"post","link":"https:\/\/www.fspolitik.de\/?p=149","title":{"rendered":"Protokoll zur Diskussion w\u00e4hrend der Fachbereichsvollversammlung am 19.12.2011"},"content":{"rendered":"<p><strong>Verfasste Studierendenschaft<\/strong><\/p>\n<ul>\n<li>Einsetzen der Verfassten Studierendenschaften im Bildungsministerium f\u00fcr mehr Bildungsausgaben?<\/li>\n<li>W\u00fcnschenswert, aber fraglich, weil evtl. au\u00dferhalb des \u201ehochschulpolitischen Mandats\u201c<\/li>\n<li>\u201eVS konkret\u201c-Prozess an der Uni Freiburg: VS v\u00f6llig neu denken, losgel\u00f6st von den bereits existierenden Modellen<\/li>\n<\/ul>\n<p>&nbsp;<\/p>\n<p><strong>Studiensituation<\/strong><\/p>\n<ul>\n<li>Vernachl\u00e4ssigung der Lehr\u00e4mtler_innen, vor allem in der Studienabschlussphase<\/li>\n<\/ul>\n<p>Infoveranstaltungen notwendig<\/p>\n<ul>\n<li>Orientierungslosigkeit im Studienverlauf: Mentoringprojekte und kontinuierliche Betreuung durch \u00e4ltere Studierende statt standardisierter Seminare und geringer Wahlfreiheit<\/li>\n<li>Standardisierte Seminare wenn m\u00f6glich r\u00fcckg\u00e4ngig machen bzw. alte Wahlfreiheit wiederherstellen<\/li>\n<li>FS-Sprechstunde als gute M\u00f6glichkeit, Studierende individuell zu unterst\u00fctzen, ihnen Hilfestellung in ihrer Studienorganisation zu geben<\/li>\n<li>Auslaufende Studieng\u00e4nge: nicht mehr alle Veranstaltungen angeboten<\/li>\n<\/ul>\n<p>\u00ae Infoveranstaltung?!<\/p>\n<ul>\n<li> \u201eneuer\u201c Lehramtsstudiengang Politik und Wirtschaft: Koordination mit den VWLern schwierig bis unm\u00f6glich; Vernetzung mit der VWL-FS bzw. landesweit mit anderen FS, die \u00e4hnliche Probleme im Lehramtsbereich haben<\/li>\n<\/ul>\n<p>\u00ae Gr\u00fcndung eines AK folgt<\/p>\n<ul>\n<li>Master: Studienpl\u00e4ne unflexibel, Auslandsaufenthalt und Einhaltung der Regelstudienzeit nicht m\u00f6glich, kaum Anrechnungsm\u00f6glichkeiten der im Ausland erbrachten Leistungen<\/li>\n<\/ul>\n<p>\u00ae Evaluation ganzer Studieng\u00e4nge m\u00f6glich und n\u00f6tig?!<\/p>\n<ul>\n<li>Studiensituation im KG IV: zu wenig Schlie\u00dff\u00e4cher, vermehrt Diebstahl, Sitzplatzmangel in den Pr\u00fcfungsphasen\u00a0 \u00ae Containermit zus\u00e4tzlichen Arbeitspl\u00e4tzen, bis die UB fertig ist?!<\/li>\n<li>Anwesenheitspflicht: n\u00e4chstes Treffen des AKs \u201eGute Lehre statt Anwesenheitspflicht\u201c\u00a0 Di, 20.12.<\/li>\n<\/ul>\n<p>&nbsp;<\/p>\n<p><strong>Qualit\u00e4tssichernde Mittel<\/strong> (Ersatz f\u00fcr Studiengeb\u00fchren ab kommendem SoSe)<\/p>\n<ul>\n<li>Dem Vorschlag des Seminars zustimmen, um Stellen zu erhalten<\/li>\n<li>Forderung der Wiedereinf\u00fchrung des Exkursionstopfes statt Tutorate<\/li>\n<li>Kritik an der viel zu kurzfristigen Informationsweitergabe von Seiten des Seminars<\/li>\n<li>Forderung nach kontinuierlicher inhaltlicher Mitbestimmung (teilweise bereits erreicht!)<\/li>\n<li>Bewusstsein daf\u00fcr schaffen, dass Studierende als Teilgruppe des Seminars immer und rechtzeitig in solche Entscheidungen miteinbezogen werden m\u00fcssen<\/li>\n<\/ul>\n","protected":false},"excerpt":{"rendered":"<p>Verfasste Studierendenschaft Einsetzen der Verfassten Studierendenschaften im Bildungsministerium f\u00fcr mehr Bildungsausgaben? W\u00fcnschenswert, aber fraglich, weil evtl. au\u00dferhalb des \u201ehochschulpolitischen Mandats\u201c \u201eVS konkret\u201c-Prozess an der Uni Freiburg: VS v\u00f6llig neu denken, losgel\u00f6st von den bereits existierenden Modellen &nbsp; Studiensituation Vernachl\u00e4ssigung der Lehr\u00e4mtler_innen, vor allem in der Studienabschlussphase Infoveranstaltungen notwendig Orientierungslosigkeit im Studienverlauf: Mentoringprojekte und kontinuierliche Betreuung [&hellip;]<\/p>\n","protected":false},"author":2,"featured_media":0,"comment_status":"open","ping_status":"open","sticky":false,"template":"","format":"standard","meta":{"iawp_total_views":0,"footnotes":""},"categories":[18],"tags":[12,22,20,16,21,19],"class_list":["post-149","post","type-post","status-publish","format-standard","hentry","category-protokolle","tag-studiengebuhren","tag-studiensituation","tag-verfasste-studierendenschaft","tag-vollversammlung","tag-vs","tag-vv"],"_links":{"self":[{"href":"https:\/\/www.fspolitik.de\/index.php?rest_route=\/wp\/v2\/posts\/149","targetHints":{"allow":["GET"]}}],"collection":[{"href":"https:\/\/www.fspolitik.de\/index.php?rest_route=\/wp\/v2\/posts"}],"about":[{"href":"https:\/\/www.fspolitik.de\/index.php?rest_route=\/wp\/v2\/types\/post"}],"author":[{"embeddable":true,"href":"https:\/\/www.fspolitik.de\/index.php?rest_route=\/wp\/v2\/users\/2"}],"replies":[{"embeddable":true,"href":"https:\/\/www.fspolitik.de\/index.php?rest_route=%2Fwp%2Fv2%2Fcomments&post=149"}],"version-history":[{"count":1,"href":"https:\/\/www.fspolitik.de\/index.php?rest_route=\/wp\/v2\/posts\/149\/revisions"}],"predecessor-version":[{"id":150,"href":"https:\/\/www.fspolitik.de\/index.php?rest_route=\/wp\/v2\/posts\/149\/revisions\/150"}],"wp:attachment":[{"href":"https:\/\/www.fspolitik.de\/index.php?rest_route=%2Fwp%2Fv2%2Fmedia&parent=149"}],"wp:term":[{"taxonomy":"category","embeddable":true,"href":"https:\/\/www.fspolitik.de\/index.php?rest_route=%2Fwp%2Fv2%2Fcategories&post=149"},{"taxonomy":"post_tag","embeddable":true,"href":"https:\/\/www.fspolitik.de\/index.php?rest_route=%2Fwp%2Fv2%2Ftags&post=149"}],"curies":[{"name":"wp","href":"https:\/\/api.w.org\/{rel}","templated":true}]}}