{"id":2377,"date":"2018-04-18T11:06:20","date_gmt":"2018-04-18T09:06:20","guid":{"rendered":"http:\/\/www.fspolitik.de\/?p=2377"},"modified":"2018-04-18T11:06:20","modified_gmt":"2018-04-18T09:06:20","slug":"protokoll-der-fachbereichssitzung-vom-16-04-2018","status":"publish","type":"post","link":"https:\/\/www.fspolitik.de\/?p=2377","title":{"rendered":"Protokoll der Fachbereichssitzung vom 16.04.2018"},"content":{"rendered":"<h1>Tagesordnung<\/h1>\n<ol>\n<li>Formalia<\/li>\n<li>StuRa\n<ol>\n<li>Bericht aus dem StuRa<\/li>\n<li>Bewerbungen<\/li>\n<li>Finanzantr\u00e4ge<\/li>\n<li>Sonstige Antr\u00e4ge<\/li>\n<\/ol>\n<\/li>\n<li>Fachschaft Sommersemester<\/li>\n<li>Gesch\u00e4ftsf\u00fchrungstreffen<\/li>\n<li>Fachschaftsarbeit\n<ol>\n<li>Finanzen<\/li>\n<li>H\u00fctte<\/li>\n<li>Kaffee<\/li>\n<li>Party<\/li>\n<li>AK Liederbuch<\/li>\n<\/ol>\n<\/li>\n<li>Sonstiges<\/li>\n<li>Lob und Tadel<\/li>\n<\/ol>\n<p><!--more--><\/p>\n<ol>\n<li>Formalia<\/li>\n<\/ol>\n<ul>\n<li>Beschlussf\u00e4hig: ja<\/li>\n<li>Protokoll: HaHe<\/li>\n<li>Redeleitung: L. G.<\/li>\n<li>Anmerkungen zum Protokoll der letzten Sitzung: keine Anmerkungen<\/li>\n<\/ul>\n<ol start=\"2\">\n<li>StuRa<\/li>\n<\/ol>\n<p>2.1. Bericht aus dem StuRa<\/p>\n<ul>\n<li>Es werden noch Leute f\u00fcr den Wahlausschuss und-pr\u00fcfungsausschuss der Uni gesucht<\/li>\n<\/ul>\n<p>2.2. Bewerbungen<\/p>\n<ul>\n<li>keine Bewerbungen<\/li>\n<\/ul>\n<p>2.3. Finanzantr\u00e4ge<\/p>\n<ul>\n<li>Anarchistische Buchmesse: 4006,20\u20ac\n<ul>\n<li>Einziger angefragter Sponsor. Messe mit linken B\u00fcchern. Verschiedene linke Verlage. Ist in der KTS. Vortr\u00e4ge gibt es auch, zudem Workshops. Finanziert werden: Essen, Theater, Musik, (600 f\u00fcr Kulturprogramm, Aktionstraining 500, Workshops 300, Werbung 100, noch diverses mehr.) Es ist ein Wochenende. 20.-22. April.<\/li>\n<li>Staffelungen:\n<ul>\n<li>4609,20: 2\/3\/5<\/li>\n<li>3559,20: 9\/2\/- \u2192 angenommen<\/li>\n<li>3.000:<\/li>\n<li>2.509,20:<\/li>\n<li>1.945:<\/li>\n<\/ul>\n<\/li>\n<\/ul>\n<\/li>\n<li>Narthex Heft: Karl Marx\n<ul>\n<li>Philosophische Zeitung aus Frankfurt und Freiburg. Heft kostet 4 \u20ac. Auflage 500. Seiten 100.<\/li>\n<li>Gesamtkosten knappe 5000\u20ac. Beantragt auch an der Goethe Uni\u2026<\/li>\n<li>Weitere Einnahmen.<\/li>\n<li>1000\u20ac beantragt: 4\/2\/5 \u2192 angenommen<\/li>\n<\/ul>\n<\/li>\n<\/ul>\n<ul>\n<li>Kreidestaub: Themenwoche: Irgendwas mit Lehramt, alternative Schulkonzepte\n<ul>\n<li>473,20 \u20ac f\u00fcr Honorare.<\/li>\n<li>Abstimmung: einstimmig angenommen.<\/li>\n<\/ul>\n<\/li>\n<li>Sneep E.V.\n<ul>\n<li>720\u20ac f\u00fcr Tagungsanreise. 8 Personen. Irgendwas zu nachhaltiger Wirtschaft.<\/li>\n<li>720\u20ac abgelehnt<\/li>\n<li>320\u20ac 8\/2\/1 \u2192 angenommen<\/li>\n<li>240\u20ac<\/li>\n<\/ul>\n<\/li>\n<\/ul>\n<ul>\n<li>Regenbogenreferat:. Vortrag war schon.\n<ul>\n<li>Nachgelagerter Finanzantrag.<\/li>\n<li>553,26\u20ac aus Referatssondertopf\n<ul>\n<li>Bei einer Enthaltung angenommen<\/li>\n<\/ul>\n<\/li>\n<\/ul>\n<\/li>\n<\/ul>\n<ul>\n<li>MHG: Empowerment Training f\u00fcr muslimische Studierende\n<ul>\n<li>500\u20ac Honorar und Zugticket noch was.<\/li>\n<li>553\u20ac: angenommen (2 Entahltungen)<\/li>\n<\/ul>\n<\/li>\n<\/ul>\n<ul>\n<li>Banditi rebelli (oder so\u2026)\n<ul>\n<li>Ausstellung \u00fcber Aufst\u00e4nde in Italien.<\/li>\n<li>Eintritt frei.<\/li>\n<li>Kosten insgesamt \u00fcber 5.000\u20ac. Beantragt 1.200\u20ac<\/li>\n<li>1.200: 4\/1\/6 \u2192 angenommen<\/li>\n<li>800<\/li>\n<\/ul>\n<\/li>\n<\/ul>\n<ul>\n<li>Campus gr\u00fcn: \u00d6kosoziale Hochschultage\n<ul>\n<li>382,50\u20ac f\u00fcr Anreise und Honorar f\u00fcr Nico Pech\n<ul>\n<li>Viele\/2\/1 \u2192 angenommen<\/li>\n<\/ul>\n<\/li>\n<\/ul>\n<\/li>\n<\/ul>\n<p>2.4. Sonstige Antr\u00e4ge<\/p>\n<ul>\n<li>Antrag Konstituierung LAK\n<ul>\n<li>Soll es eine LAK geben?\n<ul>\n<li>Ja \u2192 einstimmig angenommen<\/li>\n<\/ul>\n<\/li>\n<li>Soll eine LAK Mittel zur Verf\u00fcgung bekommen?\n<ul>\n<li>Ja \u2192 angenommen<\/li>\n<\/ul>\n<\/li>\n<li>Sind wir bereit uns an der Finazioerung zu beteiligen\n<ul>\n<li>Ja \u2192 einstimmig angenommen<\/li>\n<\/ul>\n<\/li>\n<li>Stimmmodelle der LAK.\n<ul>\n<li>Reihung:\n<ul>\n<li>Jede VS eine Stimme: einstimmig abgelehnt<\/li>\n<li>100-Modell: 2\/3\/Rest<\/li>\n<li>Drittelmodell: 3 Stimmenstufen: mit einer Enthaltung angenommen<\/li>\n<\/ul>\n<\/li>\n<\/ul>\n<\/li>\n<li>Prinzip der doppelten Mehrheit: Mehrheit der Stimmen und Mehrheit der (anwesneden)Hochschulen\n<ul>\n<li>8\/2\/1 \u2192 angenommen<\/li>\n<\/ul>\n<\/li>\n<li>Sind Stimmh\u00e4ufungen m\u00f6glich?\n<ul>\n<li>Pro Hochschule eine Person anwesend sein?<\/li>\n<li>\u2192 Ja einstimmig angenommen<\/li>\n<\/ul>\n<\/li>\n<\/ul>\n<\/li>\n<\/ul>\n<ul>\n<li>Ideelle Untrerst\u00fctzung Kampagne Studis gegen Wohnungsnot\n<ul>\n<li>Am 3.Mai Freiburger B\u00fcndnistreffen<\/li>\n<li>\u2192 angenommen<\/li>\n<\/ul>\n<\/li>\n<\/ul>\n<ul>\n<li>Solidarit\u00e4t mit franz. j\u00fcdischeStudierendenvertretungen\n<ul>\n<li>Antisemitische Angriffe<\/li>\n<li>Einstimmig angenommen<\/li>\n<\/ul>\n<\/li>\n<\/ul>\n<ol start=\"3\">\n<li>Gesch\u00e4ftsf\u00fchrungstreffen<\/li>\n<\/ol>\n<ul>\n<li>Hingehen: N.R. , I. K. , ?. L. G.,<\/li>\n<li><span style=\"font-family: Times\\ New\\ Roman, serif;\"><span style=\"font-size: medium;\"><span style=\"color: #1f497d;\"><span style=\"font-family: Calibri, serif;\"><span style=\"font-size: small;\">1.<\/span><\/span><\/span><span style=\"color: #1f497d;\"><span style=\"font-size: xx-small;\">\u00a0\u00a0\u00a0\u00a0\u00a0\u00a0 <\/span><\/span><span style=\"color: #1f497d;\"><span style=\"font-family: Calibri, serif;\"><span style=\"font-size: small;\">die Situation in der Lehre (u.a. Wipo, Lehrplanung), <\/span><\/span><\/span><\/span><\/span><\/li>\n<li><span style=\"font-family: Times\\ New\\ Roman, serif;\"><span style=\"font-size: medium;\"><span style=\"color: #1f497d;\"><span style=\"font-family: Calibri, serif;\"><span style=\"font-size: small;\">2.<\/span><\/span><\/span><span style=\"color: #1f497d;\"><span style=\"font-size: xx-small;\">\u00a0\u00a0\u00a0\u00a0\u00a0\u00a0 <\/span><\/span><span style=\"color: #1f497d;\"><span style=\"font-family: Calibri, serif;\"><span style=\"font-size: small;\">NF R\u00fcland, <\/span><\/span><\/span><\/span><\/span><\/li>\n<li><span style=\"font-family: Times\\ New\\ Roman, serif;\"><span style=\"font-size: medium;\"><span style=\"color: #1f497d;\"><span style=\"font-family: Calibri, serif;\"><span style=\"font-size: small;\">3.<\/span><\/span><\/span><span style=\"color: #1f497d;\"><span style=\"font-size: xx-small;\">\u00a0\u00a0\u00a0\u00a0\u00a0\u00a0 <\/span><\/span><span style=\"color: #1f497d;\"><span style=\"font-family: Calibri, serif;\"><span style=\"font-size: small;\">MoEducation: Hier zur Info ich habe mit Frau Besters-Dilger vereinbart, dass wir nun auch zum SoSe aufnehmen (war ja auch eine studentische Forderung im FRat)<\/span><\/span><\/span><\/span><\/span><\/li>\n<li>Unsere Themen:\n<ul>\n<li>Zulassungsbeschr\u00e4nkungen M. Ed.<\/li>\n<li>Praktikum\/ Hauptseminare Bachelor<\/li>\n<li>Master: Forschungsprojekt mit Mentoring: Was gibt\u2019s neues?<\/li>\n<li>EUCOR: H\u00fcrden mit Anrechnungen in Freiburg. Wie kann das verbessert werden?<\/li>\n<li>Klausur Methoden und Statistik: Bei vielen Klausureinsichten wurden Fehler festgestellt.<\/li>\n<\/ul>\n<\/li>\n<\/ul>\n<ol start=\"4\">\n<li>Fachschaft im SoSe<\/li>\n<\/ol>\n<ul>\n<li>Vertagt auf die n\u00e4chste Sitzung<\/li>\n<\/ul>\n<ol start=\"5\">\n<li>Wahlen<\/li>\n<\/ol>\n<ul>\n<li>Suchen noch jemanden, der sich unsere Liste k\u00fcmmern will<\/li>\n<li>BVS sucht noch interessierte Menschen<\/li>\n<li>Es werden noch Menschen f\u00fcr die Wahlaussch\u00fcsse der Uni gesucht<\/li>\n<\/ul>\n<p>6. Fachschaftsarbeit<\/p>\n<p>6.1 Finanzen<\/p>\n<ul>\n<li>nichts neues.<\/li>\n<li>Finanzantrag 250\u20ac Sommerh\u00fctte: einstimmig angenommen<\/li>\n<\/ul>\n<p>4.2 H\u00fctte<\/p>\n<ul>\n<li>L\u00e4uft<\/li>\n<\/ul>\n<p>4.3 Kaffee<\/p>\n<ul>\n<li>Wir brauchen noch Leute\u2026<\/li>\n<\/ul>\n<p>4.4 Party<\/p>\n<ul>\n<li>nichts neues<\/li>\n<\/ul>\n<p>4.5 AK Vortrag<\/p>\n<ul>\n<li>Veranstaltungsreihe Kritische Perspektiven der Politikwissenschaft.<\/li>\n<li>Es gibt ein Facebookevent. Ladet viele Leute \u00fcber eure Kan\u00e4le ein!<\/li>\n<li>Finanzantrag: 60\u20ac f\u00fcr Gastgeschenke und Verpflegung<\/li>\n<li>Einstimmig angenommen!<\/li>\n<\/ul>\n<p>4.6 AK Liederbuch<\/p>\n<ul>\n<li>HaHe geht mal hin\u2026<\/li>\n<\/ul>\n<ol start=\"6\">\n<li>Sonstiges<\/li>\n<\/ol>\n<ul>\n<li>Anglistoparty: Wir m\u00fcssen die G\u00e4steliste schicken.<\/li>\n<li>Freitag Anglistoparty im TIK<\/li>\n<li>AK Vortrag startet!<\/li>\n<\/ul>\n<ol start=\"7\">\n<li>Lob und Tadel<\/li>\n<\/ol>\n<ul>\n<li>Tadel an die Erstis die nicht da waren, Lob f\u00fcr den Ersti der da war.<\/li>\n<\/ul>\n<p>&nbsp;<\/p>\n<p>&nbsp;<\/p>\n","protected":false},"excerpt":{"rendered":"<p>Tagesordnung Formalia StuRa Bericht aus dem StuRa Bewerbungen Finanzantr\u00e4ge Sonstige Antr\u00e4ge Fachschaft Sommersemester Gesch\u00e4ftsf\u00fchrungstreffen Fachschaftsarbeit Finanzen H\u00fctte Kaffee Party AK Liederbuch Sonstiges Lob und Tadel<\/p>\n","protected":false},"author":10,"featured_media":0,"comment_status":"closed","ping_status":"closed","sticky":false,"template":"","format":"standard","meta":{"iawp_total_views":0,"footnotes":""},"categories":[18],"tags":[],"class_list":["post-2377","post","type-post","status-publish","format-standard","hentry","category-protokolle"],"_links":{"self":[{"href":"https:\/\/www.fspolitik.de\/index.php?rest_route=\/wp\/v2\/posts\/2377","targetHints":{"allow":["GET"]}}],"collection":[{"href":"https:\/\/www.fspolitik.de\/index.php?rest_route=\/wp\/v2\/posts"}],"about":[{"href":"https:\/\/www.fspolitik.de\/index.php?rest_route=\/wp\/v2\/types\/post"}],"author":[{"embeddable":true,"href":"https:\/\/www.fspolitik.de\/index.php?rest_route=\/wp\/v2\/users\/10"}],"replies":[{"embeddable":true,"href":"https:\/\/www.fspolitik.de\/index.php?rest_route=%2Fwp%2Fv2%2Fcomments&post=2377"}],"version-history":[{"count":2,"href":"https:\/\/www.fspolitik.de\/index.php?rest_route=\/wp\/v2\/posts\/2377\/revisions"}],"predecessor-version":[{"id":2380,"href":"https:\/\/www.fspolitik.de\/index.php?rest_route=\/wp\/v2\/posts\/2377\/revisions\/2380"}],"wp:attachment":[{"href":"https:\/\/www.fspolitik.de\/index.php?rest_route=%2Fwp%2Fv2%2Fmedia&parent=2377"}],"wp:term":[{"taxonomy":"category","embeddable":true,"href":"https:\/\/www.fspolitik.de\/index.php?rest_route=%2Fwp%2Fv2%2Fcategories&post=2377"},{"taxonomy":"post_tag","embeddable":true,"href":"https:\/\/www.fspolitik.de\/index.php?rest_route=%2Fwp%2Fv2%2Ftags&post=2377"}],"curies":[{"name":"wp","href":"https:\/\/api.w.org\/{rel}","templated":true}]}}