{"id":2404,"date":"2018-06-23T14:10:08","date_gmt":"2018-06-23T12:10:08","guid":{"rendered":"http:\/\/www.fspolitik.de\/?p=2404"},"modified":"2018-06-23T14:10:08","modified_gmt":"2018-06-23T12:10:08","slug":"protokoll-der-fachbereichssitzung-vom-18-06-2018","status":"publish","type":"post","link":"https:\/\/www.fspolitik.de\/?p=2404","title":{"rendered":"Protokoll der Fachbereichssitzung vom 18.06.2018"},"content":{"rendered":"<div id=\"magicdomid4\" class=\"\"><span class=\"\">Tagesordnung:<\/span><\/div>\n<div id=\"magicdomid5\" class=\"\"><\/div>\n<div id=\"magicdomid6\" class=\"\"><span class=\"\">1. Formalia<\/span><\/div>\n<div id=\"magicdomid7\" class=\"\"><span class=\"\">2. StuRa<\/span><\/div>\n<div id=\"magicdomid8\" class=\"\"><span class=\"\">\u00a0\u00a0\u00a0 2.1. Bericht aus dem StuRa<\/span><\/div>\n<div id=\"magicdomid9\" class=\"\"><span class=\"\">\u00a0\u00a0\u00a0 2.2. Bewerbungen<\/span><\/div>\n<div id=\"magicdomid10\" class=\"\"><span class=\"\">\u00a0\u00a0\u00a0 2.3. Finanzantr\u00e4ge<\/span><\/div>\n<div id=\"magicdomid11\" class=\"\"><span class=\"\">\u00a0\u00a0\u00a0 2.4. Sonstige Antr\u00e4ge<\/span><\/div>\n<div id=\"magicdomid12\" class=\"\"><span class=\"author-p-94850\">\u00a0\u00a0\u00a0 2.5. Satzungs\u00e4ndernde Antr\u00e4ge<\/span><\/div>\n<div id=\"magicdomid13\" class=\"\"><span class=\"\">3.\u00a0<\/span><span class=\"author-p-94850\">Positionen BuFaTa<\/span><\/div>\n<div id=\"magicdomid14\" class=\"\"><span class=\"\">4. Fachschaftsarbeit<\/span><\/div>\n<div id=\"magicdomid15\" class=\"\"><span class=\"\">\u00a0\u00a0\u00a0 4.1. Kaffee<\/span><\/div>\n<div id=\"magicdomid16\" class=\"\"><span class=\"\">\u00a0\u00a0\u00a0 4.2. Party<\/span><\/div>\n<div id=\"magicdomid17\" class=\"\"><span class=\"\">\u00a0\u00a0\u00a0 4.3. H\u00fctte<\/span><\/div>\n<div id=\"magicdomid18\" class=\"\"><span class=\"\">\u00a0\u00a0\u00a0 4.4. Finanzen<\/span><\/div>\n<div id=\"magicdomid19\" class=\"\"><span class=\"author-p-94850\">\u00a0\u00a0\u00a0 4.5. Vergabe der dezentralen SVB 2019<\/span><\/div>\n<div id=\"magicdomid20\" class=\"\"><span class=\"author-p-94850\">\u00a0\u00a0\u00a0 4.6. Fachschaftsfoto<\/span><\/div>\n<div id=\"magicdomid21\" class=\"\"><span class=\"\">5. Termine und Sonstiges<\/span><\/div>\n<div id=\"magicdomid22\" class=\"\"><span class=\"\">6. Lob und Tadel<\/span><\/div>\n<div id=\"magicdomid23\" class=\"\"><\/div>\n<div id=\"magicdomid24\" class=\"\"><\/div>\n<p><!--more--><\/p>\n<div id=\"magicdomid29\" class=\"\"><span class=\"\">\u00a0<\/span><\/div>\n<div id=\"magicdomid30\" class=\"\"><span class=\"\">1. Formalia<\/span><\/div>\n<div id=\"magicdomid31\" class=\"\"><\/div>\n<div id=\"magicdomid32\" class=\"\"><span class=\"author-p-94850\">Redeleitung (w*): M.M.<\/span><\/div>\n<div id=\"magicdomid33\" class=\"\"><span class=\"author-p-94850\">Protokoll: J.V.<\/span><\/div>\n<div id=\"magicdomid34\" class=\"\"><span class=\"author-p-94850\">Beschlussf\u00e4higkeit:\u00a0<\/span><span class=\"author-p-99864\">Aber Sichi<\/span><\/div>\n<div id=\"magicdomid35\" class=\"\"><span class=\"author-p-94850\">Genehmigung des Protokolls:<\/span><span class=\"author-p-99864\">\u00a0Bitte die Protokolle wieder \u00fcber den Verteiler schicken! Und Facebookposts erstellen ware auch nice!\u00a0<\/span><\/div>\n<div id=\"magicdomid36\" class=\"\"><span class=\"author-p-94850\">Anmerkungen zur TO:<\/span><\/div>\n<div id=\"magicdomid37\" class=\"\"><span class=\"author-p-99864\">\u00a0\u00a0\u00a0 Nachbesprechung Sommerh\u00fctte, Gutschein D.K.<\/span><\/div>\n<div id=\"magicdomid38\" class=\"\"><\/div>\n<div id=\"magicdomid39\" class=\"\"><span class=\"author-p-99864\">Neuer TOP 2:\u00a0<\/span><\/div>\n<div id=\"magicdomid40\" class=\"\"><\/div>\n<ul>\n<li id=\"magicdomid41\"><span class=\"author-p-99864\">\u00a0\u00a0\u00a0 H\u00fcdde!<\/span>\n<ul>\n<li>\u00a0Was war? L.G., der eine Nacht da war berichtet.<\/li>\n<li>\u00a0Wissenssicherung und Make Fachschaft Sexy Again!<\/li>\n<\/ul>\n<\/li>\n<\/ul>\n<div id=\"magicdomid46\" class=\"\"><span class=\"author-p-99864\">\u00a0\u00a0\u00a0\u00a0\u00a0\u00a0\u00a0 2.1 Wissenssicherung\u00a0<\/span><\/div>\n<div id=\"magicdomid47\" class=\"\"><span class=\"author-p-99864\">\u00a0\u00a0\u00a0\u00a0\u00a0\u00a0\u00a0\u00a0<\/span><\/div>\n<div id=\"magicdomid48\" class=\"\">\n<ul class=\"list-bullet2\">\n<li><span class=\"author-p-99864\">Ewiger Kalender: Ein Kalender von dem Ganzen Jahr, in dem drin steht was ansteht.\u00a0\u00a0\u00a0\u00a0\u00a0\u00a0\u00a0\u00a0\u00a0\u00a0\u00a0\u00a0\u00a0 <\/span>\n<ul>\n<li><span class=\"author-p-99864\">Wie wird das\u00a0<\/span><span class=\"author-p-95895\">d<\/span><span class=\"author-p-99864\">okumentiert? Oldschool, die Fachschaft ist schliesslich konservativ. <\/span><\/li>\n<li><span class=\"author-p-99864\">In einem Ordner deponiert im Fachschaftsraum. Pads halten nicht so lange, dazu Server im AStA. Dazu BWSync &amp; Share oder MS Sharepoint.<\/span><\/li>\n<li><span class=\"author-p-99864\">Zust\u00e4ndig: J.E. macht das!\u00a0\u00a0\u00a0\u00a0\u00a0\u00a0\u00a0<\/span><\/li>\n<\/ul>\n<\/li>\n<li><span class=\"author-p-99864\">Pad-Strukturen f\u00fcr alle, weil zug\u00e4nge!\u00a0\u00a0<\/span><\/li>\n<\/ul>\n<\/div>\n<div id=\"magicdomid49\" class=\"\"><\/div>\n<div id=\"magicdomid50\" class=\"\"><\/div>\n<div id=\"magicdomid51\" class=\"\"><span class=\"author-p-99864\">\u00a0\u00a0\u00a0\u00a0\u00a0\u00a0\u00a0 2.2 Make Fachschaft Sexy Again<\/span><\/div>\n<div><\/div>\n<div id=\"magicdomid52\" class=\"\">\n<ul class=\"list-bullet2\">\n<li><span class=\"author-p-99864 u\"><u>Ersti-Woche<\/u><\/span><span class=\"author-p-99864\">, Tutorate, Kneipentouren. Hier ist die Basis von allem was danach folgt. L.G. berichtet davon was ansteht. <\/span>\n<ul>\n<li><span class=\"author-p-99864\">P.S.: Teams gendern! Quality instead of quantity!\u00a0<\/span><\/li>\n<\/ul>\n<\/li>\n<li><span class=\"author-p-99864\">Zentral: Werbung f\u00fcr die Fachschaft! Freitag: Meet-and-Greet f\u00fcr aktive Fachschachtler*innen.\u00a0<\/span><\/li>\n<li><span class=\"author-p-99864\">Lex Steinbr\u00fcck: Kein Wein unter f\u00fcnf Tacken kaufen!\u00a0<\/span><\/li>\n<li><span class=\"author-p-99864\">Zust\u00e4ndigkeiten: Pau-Sau, MaMau.\u00a0<\/span><\/li>\n<li><span class=\"author-p-99864\">Zudem: In die Ewige TO muss die Ersti-Woche rein!\u00a0<\/span><\/li>\n<li><span class=\"author-p-99864 u\"><u>Erstiheft<\/u><\/span><span class=\"author-p-99864\">\u00a0Make Cover witzig again!\u00a0<\/span><span class=\"author-p-99864 i\"><i>Nach lautem Jubel von drau\u00dfen LG: &#8222;Bei mir l\u00e4uft er erst an&#8230;Tor&#8220;\u00a0<\/i><\/span><\/li>\n<li><span class=\"author-p-99864\">Kackteristiken: Wer macht das, wannwowie?\u00a0<\/span><\/li>\n<li><span class=\"author-p-99864\">Sitzungsgestaltung: Es ist zu viel fucking StuRa, daf\u00fcr kommt keine Sau, Laaangweilig!\u00a0<\/span><\/li>\n<li><span class=\"author-p-99864\">Vorschlag aus der Theologie: Erst 30 min Stura, dann einen Cut und FS-Arbeit dazwischen einschieben.\u00a0<\/span>\n<ul>\n<li><span class=\"author-p-99864\">LG w\u00fcrde schwer daf\u00fcr pl\u00e4dieren das probehalber einzuf\u00fchren!\u00a0<\/span><\/li>\n<li><span class=\"author-p-99864\">Laut JE besteht die Gefahr dass etwas verloren geht. <\/span><\/li>\n<li><span class=\"author-p-99864\">NR: Bl\u00f6d wenn &#8222;Basisdemokratie&#8220; und dann geht das da durch verloren.<\/span><\/li>\n<li><span class=\"author-p-99864\">MM: Lasst uns das ausprobieren.<\/span><\/li>\n<li><span class=\"author-p-99864\">Hahe: AusproBIERen.\u00a0<\/span><\/li>\n<li><span class=\"author-p-99864 i\"><i>Weitere Debatte\u00a0<\/i><\/span><span class=\"author-p-99864\">LG-GO Ende der Redeliste<\/span><span class=\"author-p-99864 i\"><i>.<\/i><\/span><\/li>\n<\/ul>\n<\/li>\n<li><span class=\"author-p-99864\">Probeweise ab jetzt Implementieren! In 3-4 Wochen, vor den Klausuren nochmal dr\u00fcber sprechen.<\/span><\/li>\n<li><span class=\"author-p-99864\">Abstimmung: Bei einer Enthaltung aus dem StuRa-Pr\u00e4sidium angenommen.<\/span><\/li>\n<\/ul>\n<\/div>\n<div id=\"magicdomid53\" class=\"\"><\/div>\n<div id=\"magicdomid54\" class=\"\"><\/div>\n<div id=\"magicdomid55\" class=\"\"><\/div>\n<div id=\"magicdomid56\" class=\"\"><\/div>\n<div id=\"magicdomid57\" class=\"\"><\/div>\n<div id=\"magicdomid58\" class=\"\"><\/div>\n<div id=\"magicdomid59\" class=\"\"><\/div>\n<div id=\"magicdomid60\" class=\"\"><\/div>\n<div id=\"magicdomid61\" class=\"\"><\/div>\n<div id=\"magicdomid62\" class=\"\"><\/div>\n<div id=\"magicdomid63\" class=\"\"><\/div>\n<div id=\"magicdomid64\" class=\"\"><\/div>\n<div id=\"magicdomid65\" class=\"\">\n<ul class=\"list-bullet2\">\n<li><span class=\"author-p-99864\">Brunch<\/span><\/li>\n<li><span class=\"author-p-99864\">Hat uns damals den Arsch gerettet. In der vorletzten Vorlesungswoche ein Fr\u00fchst\u00fcck machen, Flyer, Facebook-Veranstaltung, etc. Zielgruppe: Menschen im zweiten Semester, die die Ersti-Woche dann auch stemmen sollen.\u00a0<\/span><\/li>\n<li><span class=\"author-p-99864\">offener &#8222;Stammtisch&#8220;: Veranstaltung als niederschwelliges Angebot f\u00fcr alle Politikstudierenden einmal im Monat, Werbung machen, bestimmtes Thema, lockere Atmosph\u00e4re. Stetig einmal im Semester: Stammtisch-Spezial, da mit den Dozierenden.\u00a0<\/span>\n<ul>\n<li><span class=\"author-p-99864\">Lokalit\u00e4t: Feierling, Borso<\/span><\/li>\n<\/ul>\n<\/li>\n<li><span class=\"author-p-99864 u\"><u>Wichtig: Alles ist die Fachschaft!\u00a0<\/u><\/span><span class=\"author-p-99864\">Die Marke mehr in den Vordergrund stellen.\u00a0<\/span><\/li>\n<\/ul>\n<\/div>\n<div id=\"magicdomid66\" class=\"\"><\/div>\n<div id=\"magicdomid67\" class=\"\"><\/div>\n<div id=\"magicdomid68\" class=\"\"><\/div>\n<div id=\"magicdomid69\" class=\"\"><\/div>\n<div id=\"magicdomid70\" class=\"\">\n<ul class=\"list-bullet2\">\n<li><span class=\"author-p-99864\">Termin Donnerstag 2. August, Semesterendstammtisch! Gleich bewerben. (Flyervorlage) AStA-Server zum Speichern? Oder Cloud-Speicher?!\u00a0<\/span><\/li>\n<li><span class=\"author-p-99864 u\"><u>Berufsperspektiven:\u00a0<\/u><\/span><span class=\"author-p-99864\">j\u00e4hrlich Wintersemester weitermachen, \u00fcber das Format nachdenken. Auftrag: Sich bald mit Wagschal und J\u00e4ckle zusammensetzen, die sind in jedem Fall heiss drauf. Mail an Wuwe Schagwal! Nicht dass wir keine Hand mehr auf der Sache haben. Etwa im November!\u00a0<\/span>\n<ul>\n<li><span class=\"author-p-99864\">Wiedervorlage n\u00e4chste Woche. JoMaV und HaHe sind bereit ihre Erfahrung zu Teilen!\u00a0<\/span><\/li>\n<\/ul>\n<\/li>\n<li><span class=\"author-p-99864\">In den ersten Wochen: Fachschaftssitzung vorbereiten + Pr\u00e4si zur Fachschaft! M<\/span><span class=\"author-p-99864 b\"><b>ut zur Unterkomplexit\u00e4t!<\/b><\/span><span class=\"author-p-99864\">\u00a0Und: Bier!<\/span><\/li>\n<li><span class=\"author-p-99864\">Viel Information, vereinfachter Ablauf, weil erste Woche ist viel los!<\/span><\/li>\n<\/ul>\n<\/div>\n<div id=\"magicdomid71\" class=\"\"><\/div>\n<div id=\"magicdomid72\" class=\"\"><\/div>\n<div id=\"magicdomid73\" class=\"\"><\/div>\n<div id=\"magicdomid74\" class=\"\"><\/div>\n<div id=\"magicdomid75\" class=\"\">\n<ul class=\"list-bullet2\">\n<li><span class=\"author-p-99864\">H\u00fcttenfotos: Es gibt eine Dropbox, Made by Propagandabeauftragte MaMau<\/span><\/li>\n<\/ul>\n<\/div>\n<div id=\"magicdomid76\" class=\"\">\n<ul class=\"list-bullet1\">\n<li><span class=\"author-p-99864\">Social Media: LG macht den Mario R\u00f6nsch und kickt alte Fachschachteln die noch Admins sind von der FS-Politik-Facebook-Page runter.\u00a0<\/span><\/li>\n<\/ul>\n<\/div>\n<div id=\"magicdomid79\" class=\"\"><span class=\"\">2. StuRa<\/span><span class=\"author-p-99864\">\u00a0*sheeesh*<\/span><\/div>\n<div id=\"magicdomid80\" class=\"\"><span class=\"\">\u00a0\u00a0\u00a0 2.1. Bericht aus StuRa<\/span><\/div>\n<div id=\"magicdomid81\" class=\"\"><\/div>\n<div id=\"magicdomid82\" class=\"\">\n<ul class=\"list-bullet1\">\n<li><span class=\"author-p-94850\">Vorstandsbericht<\/span><\/li>\n<li><span class=\"author-p-99864\">Iris und Leon suchen Nachfolger*innen! Die Uni genehmigt keine Wirtschaftspl\u00e4ne,\u00a0<\/span><\/li>\n<li><span class=\"author-p-94850\">UB-Sit<\/span><span class=\"author-p-99864\">ua<\/span><span class=\"author-p-94850\">tion<\/span><\/li>\n<li><span class=\"author-p-94850\">GoogleDoc zum flyern vor der UB, tragt euch ein<\/span><\/li>\n<li><span class=\"author-p-94850\">Ausschreibung Vorstand -&gt; Bis 25.6, bewerbt euch!<\/span><\/li>\n<li><span class=\"author-p-94850\">Haushaltsproblematik mit der Uni konnte aus der Welt ger\u00e4umt werden<\/span>\n<ul>\n<li><span class=\"author-p-94850\">Ein Haushalt, in dem formale \u00c4nderungen vorgenommen wurden, wird euch wahrscheinlich n\u00e4chste Woche vorgelegt<\/span><\/li>\n<\/ul>\n<\/li>\n<li><span class=\"author-p-94850\">Nachfragen der AfD zur Landtagsanfrage &#8211; haben wir beantwortet<\/span><\/li>\n<li><span class=\"author-p-94850\">Landtagsanfrage der Gr\u00fcnen zum Thema Psychische Belastung &amp; -Beratungsangebote an Hochschulen in BaW\u00fc<\/span><\/li>\n<li><span class=\"author-p-94850\">Morgen: externe Begehung der Uni bez\u00fcglich der Umstellung auf Systemakkreditierung<\/span><\/li>\n<li><span class=\"author-p-94850\">Studentische Perspektive wird geh\u00f6rt, werden das Gespr\u00e4ch anhand der vom StuRa verabschiedeten Stellungnahme f\u00fchren<\/span><\/li>\n<li><span class=\"author-p-94850\">Sehr erfolgreicher AStA-Infoabend mit Pizza letzte Woche, soll regelm\u00e4\u00dfig wiederholt werden<\/span><\/li>\n<li><span class=\"author-p-94850\">EPQ-Qualit\u00e4tskommission<\/span><\/li>\n<li>SWFR-Vertretungsversammlung<\/li>\n<li><span class=\"author-p-94850\">Land plant Mittelk\u00fcrzungen um 68% an den Studierendenwerken<\/span>\n<ul>\n<li><span class=\"author-p-99864\">Vertretungsversammlung Studiwerk: Landesrechnungshof (Un der isch wichtig!) will den Studierendenwerken die Mittel um 68% k\u00fcrzen. Sprich: Mieten gehen hoch, Mensa wird auch teurer. Sem\u00e4schderbeitr\u00e4ge steigen!\u00a0<\/span><\/li>\n<\/ul>\n<\/li>\n<\/ul>\n<\/div>\n<div id=\"magicdomid97\" class=\"\"><\/div>\n<div id=\"magicdomid98\" class=\"\"><\/div>\n<div id=\"magicdomid100\" class=\"\"><span class=\"\">\u00a0\u00a0\u00a0 2.2. Bewerbungen<\/span><\/div>\n<div><\/div>\n<ul>\n<li id=\"magicdomid101\">Isabel Gana Dresen (SVB-Gremium)\n<ul>\n<li><span class=\"author-p-94850\">Diskussion:<\/span><span class=\"author-p-96804\">\u00a0studiert Kulturanthropologie<\/span><span class=\"author-p-99864\">.<\/span><\/li>\n<li><span class=\"author-p-99864\">Es sind auch weiterhin dringend Menschen gesucht.\u00a0<\/span><\/li>\n<li><span class=\"author-p-94850\">Abst.:<\/span><span class=\"author-p-99864\">\u00a0Einstimmig<\/span><\/li>\n<\/ul>\n<\/li>\n<\/ul>\n<div id=\"magicdomid103\" class=\"\"><\/div>\n<div id=\"magicdomid104\" class=\"\"><\/div>\n<div id=\"magicdomid105\" class=\"\"><\/div>\n<div id=\"magicdomid107\" class=\"\"><span class=\"\">\u00a0\u00a0\u00a0 2.3. Finanzantr\u00e4ge<\/span><\/div>\n<div id=\"magicdomid108\" class=\"\"><\/div>\n<div id=\"magicdomid109\" class=\"\"><span class=\"author-p-94850\">Keine.<\/span><\/div>\n<div id=\"magicdomid110\" class=\"\"><\/div>\n<div id=\"magicdomid111\" class=\"\"><span class=\"\">\u00a0\u00a0\u00a0 2.4. Sonstige Antr\u00e4ge<\/span><\/div>\n<div id=\"magicdomid112\" class=\"\"><\/div>\n<div id=\"magicdomid113\" class=\"\">\n<ul class=\"list-bullet1\">\n<li><span class=\"author-p-94850\">Fahrradverleihsystem (Vorstand) &#8211;\u00a0<\/span><span class=\"author-p-94850 i\"><i>Zweite Lesung<\/i><\/span>\n<ul>\n<li><span class=\"author-p-94850\">Diskussion:<\/span><span class=\"author-p-99864\">\u00a0Warum wurde das nach der ersten Lesung abgestimmt?!\u00a0<\/span><span class=\"author-p-99864 i\"><i>Menschen tun ihren Unmut kund!<\/i><\/span><span class=\"author-p-99864\">\u00a0<\/span>\n<ul>\n<li><span class=\"author-p-94850\">Abst.:\u00a0<\/span><span class=\"author-p-94850 i\"><i>entf\u00e4llt<\/i><\/span><\/li>\n<\/ul>\n<\/li>\n<\/ul>\n<\/li>\n<\/ul>\n<\/div>\n<div id=\"magicdomid114\" class=\"\"><\/div>\n<div id=\"magicdomid115\" class=\"\"><\/div>\n<div id=\"magicdomid117\" class=\"\"><span class=\"author-p-94850\">\u00a0\u00a0\u00a0 2.5. Satzungs\u00e4ndernde Antr\u00e4ge<\/span><\/div>\n<div id=\"magicdomid118\" class=\"\"><\/div>\n<div id=\"magicdomid119\" class=\"\">\n<ul class=\"list-bullet1\">\n<li><span class=\"author-p-94850\">Beratendes Senatsmitglied (u-AK Satzungs\u00e4nderung) &#8211;\u00a0<\/span><span class=\"author-p-94850 i\"><i>Erste Lesung<\/i><\/span>\n<ul>\n<li><span class=\"author-p-94850\">Diskussion:<\/span><span class=\"author-p-99864\">\u00a0Die Leute sind auf &#8222;Kulanz&#8220; des Senats anwesend. Warum erst jetzt: Gesch\u00e4ftsordnungsrevision. Aber in die der Universit\u00e4t soll es doch nicht rein. Deshalb dieser Antrag. Vorschlag: Wartet auf die zweite Lesung. Ist Vertagt!<\/span><\/li>\n<li><span class=\"author-p-94850\">Abst.:<\/span><\/li>\n<\/ul>\n<\/li>\n<\/ul>\n<\/div>\n<div id=\"magicdomid120\" class=\"\"><\/div>\n<div id=\"magicdomid121\" class=\"\"><\/div>\n<div id=\"magicdomid124\" class=\"\"><span class=\"\">3.\u00a0<\/span><span class=\"author-p-94850\">Positionen BuFaTa<\/span><\/div>\n<div id=\"magicdomid125\" class=\"\"><\/div>\n<div id=\"magicdomid126\" class=\"\">\n<ul class=\"list-bullet1\">\n<li><span class=\"author-p-99864\">GO: Antrag auf Vertagung.\u00a0<\/span><\/li>\n<li><span class=\"author-p-99864\">Gegenrede: &#8222;ich finds ehrlichgesagt echt Scheisse, dass wir das seit 4 Wochen immer\u00a0 wieder vertagen&#8220;\u00a0<\/span>\n<ul>\n<li>Vertagt bei 3 Gegenstimmen<\/li>\n<\/ul>\n<\/li>\n<\/ul>\n<\/div>\n<div id=\"magicdomid130\" class=\"\"><span class=\"author-p-94850\">Die FS Politik der Uni Freiburg bezieht zu den Ergebnissen der BuFaTa Politik 2018 wie folgt Stellung:<\/span><\/div>\n<div id=\"magicdomid131\" class=\"\"><\/div>\n<div id=\"magicdomid132\" class=\"\">\n<ul class=\"list-bullet1\">\n<li><span class=\"author-p-94850\">Wir\u00a0 begr\u00fc\u00dfen die Einrichtung einer Vernetzungsplattform zum Austausch \u00fcber\u00a0 alle Themen, die im Bereich unserer T\u00e4tigkeit als Fachschaften anfallen.<\/span><\/li>\n<li><span class=\"author-p-94850\">Diskussion:<\/span><\/li>\n<li><span class=\"author-p-94850\">Abst.:<\/span><\/li>\n<\/ul>\n<\/div>\n<div id=\"magicdomid133\" class=\"\"><\/div>\n<div id=\"magicdomid134\" class=\"\"><\/div>\n<div id=\"magicdomid135\" class=\"\">\n<ul class=\"list-bullet1\">\n<li><span class=\"author-p-94850\">Wir kritisieren hinsichtlich der Institutionalisierung der BuFaTa Politik:<\/span><\/li>\n<li><span class=\"author-p-94850\">Die\u00a0 Einsetzung eines kernorganisationsteams liegt nahe und ist zielf\u00fchrend\u00a0 sowie sinnvoll. W\u00e4hrend keine Kritik an der Existenz desselben besteht,\u00a0 kritisieren wir die mangelnde Legitimationsbasis: Gerade als\u00a0 Politikstudierende sollten wir uns zur Demokratie bekennen und diese\u00a0 daher auch (in unseren Strukturen) leben. Dass nun ein\u00a0 Kernorganisationsteam eingesetzt wird, das nicht vom Plenum der BuFaTa\u00a0 zumindest formal gew\u00e4hlt wurde, bedauern wir sehr. Wir hoffen, dass sich\u00a0 die BuFaTa Politik dahingehend in den n\u00e4chsten Jahren weiter\u00a0 demokratisiert und diese Demokratisierung irgendwann in ihrer Satzung\u00a0 auch widerspiegelt.<\/span><\/li>\n<li><span class=\"author-p-94850\">Diskussion:<\/span><\/li>\n<li><span class=\"author-p-94850\">Abst.:<\/span><\/li>\n<\/ul>\n<\/div>\n<div id=\"magicdomid136\" class=\"\"><\/div>\n<div id=\"magicdomid137\" class=\"\"><\/div>\n<div id=\"magicdomid138\" class=\"\"><\/div>\n<div id=\"magicdomid139\" class=\"\">\n<ul class=\"list-bullet2\">\n<li><span class=\"author-p-94850\">Die\u00a0 Institutionalisierung ist zwar als langfristiges Ziel angedacht,\u00a0 dennoch schreitet der Prozess gerade in einem Tempo voran, indem wir f\u00fcr\u00a0 mehr Gem\u00e4chlichkeit pl\u00e4dieren: Eine institutionalisierte BuFaTa lehnen\u00a0 wir keineswegs ab, allerdings sind Ziel und Zweck unserer Treffen nicht\u00a0 klar genug herausgetreten, um bereits jetzt langfristige Strukturen\u00a0 sinnvoll zu entwickeln. Daher setzen wir uns in der BuFaTa daf\u00fcr ein,\u00a0 zun\u00e4chst einige Zeit ins Land streichen zu lassen um die Entwicklung\u00a0 rund um die BuFaTa bewerten und sinnvoll evaluieren zu k\u00f6nnen.<\/span><\/li>\n<li><span class=\"author-p-94850\">Diskussion:<\/span><\/li>\n<li><span class=\"author-p-94850\">Abst.:<\/span><\/li>\n<\/ul>\n<\/div>\n<div id=\"magicdomid140\" class=\"\"><\/div>\n<div id=\"magicdomid141\" class=\"\"><\/div>\n<div id=\"magicdomid142\" class=\"\">\n<ul class=\"list-bullet2\">\n<li><span class=\"author-p-94850\">Gerade\u00a0 in Konstanz f\u00fchlten wir uns vor Tatsachen gestellt, derer wir vor\u00a0 unserer Anreise noch nicht absehen konnten. Die von Teilnehmer*innen\u00a0 geforderte Beschleunigung der Institutionalisierung kann so nicht\u00a0 funktionieren: Unsere Fachschaft steht f\u00fcr gelebte Basisdemokratie und\u00a0 auch auf weiteren BuFaTas werden unsere Delegierten keine Entw\u00fcrfe\u00a0 unterst\u00fctzen ohne zuvor eine Mandatierung erhalten zu haben. In diesem\u00a0 Sinne w\u00fcrden wir f\u00fcr folgende BuFaTas, auf denen konkrete Beschl\u00fcsse\u00a0 gefasst werden sollten, die entsprechenden Antr\u00e4ge oder Positionierungen\u00a0 bereits in ausreichender Zeit zuvor bekanntgemacht werden, bspw. in\u00a0 Form eines Antragsbuches.<\/span><\/li>\n<li><span class=\"author-p-94850\">Diskussion:<\/span><\/li>\n<li><span class=\"author-p-94850\">Abst.:<\/span><\/li>\n<\/ul>\n<\/div>\n<div id=\"magicdomid143\" class=\"\"><\/div>\n<div id=\"magicdomid144\" class=\"\"><\/div>\n<div id=\"magicdomid145\" class=\"\">\n<ul class=\"list-bullet1\">\n<li><span class=\"author-p-94850\">Hinsichtlich der inhaltlichen Ausrichtung der BuFaTa m\u00fcssen wir uns kritisch zu den in Konstanz besprochenen Ergebnissen \u00e4u\u00dfern:<\/span><\/li>\n<li><span class=\"author-p-94850\">Die\u00a0 starke Ausrichtung der BuFaTa auf Hochschulpolitik ist in unseren Augen\u00a0 nicht zielf\u00fchrend. Bundesweite hochschulpolitische Zusammenschl\u00fcsse von\u00a0 Studierenden gibt es bereits und diese sind weitaus besser legitimiert\u00a0 als die BuFaTa Politik. Wir brauchen keinen zweiten fzs.<\/span><\/li>\n<li><span class=\"author-p-94850\">Diskussion:<\/span><\/li>\n<li><span class=\"author-p-94850\">Abst.:<\/span><\/li>\n<\/ul>\n<\/div>\n<div id=\"magicdomid146\" class=\"\"><\/div>\n<div id=\"magicdomid147\" class=\"\"><\/div>\n<div id=\"magicdomid148\" class=\"\"><\/div>\n<div id=\"magicdomid149\" class=\"\">\n<ul class=\"list-bullet2\">\n<li><span class=\"author-p-94850\">Gerade\u00a0 dass hinsichtlich allgemeinpolitischer Positionierungen ein\u00a0 Opt-Out-System bef\u00fcrwortet wird, entt\u00e4uscht uns. Die BuFaTa Politik\u00a0 bietet die M\u00f6glichkeit, als Zusammenschluss von Politikstudierenden,\u00a0 Stellung zu allen Themen zu beziehen. Der Prozess der\u00a0 Entscheidungsfindung ist dahingehend immer schwierig, jedoch sollte man\u00a0 aufgrund dessen nicht davon absehen. In unseren Augen sollten wir uns\u00a0 nicht vor unserer Verantwortung in Politik und Gesellschaft scheuen und\u00a0 aktiv werden.<\/span><\/li>\n<li><span class=\"author-p-94850\">Diskussion:<\/span><\/li>\n<li><span class=\"author-p-94850\">Abst.:<\/span><\/li>\n<\/ul>\n<\/div>\n<div id=\"magicdomid150\" class=\"\"><\/div>\n<div id=\"magicdomid151\" class=\"\"><\/div>\n<div id=\"magicdomid152\" class=\"\">\n<ul class=\"list-bullet2\">\n<li><span class=\"author-p-94850\">Langfristig\u00a0 sprechen wir uns f\u00fcr eine Angliederung der BuFaTa Politik an den freien\u00a0 zusammenschluss von Student*innenschaften (fzs) aus. Dies entspricht\u00a0 nicht nur dem Gedanken des fzs, es erm\u00f6glicht die Erweiterung unserer\u00a0 Reichweite und die st\u00e4rkt unsere politische T\u00e4tigkeit.<\/span><\/li>\n<li><span class=\"author-p-94850\">Diskussion:<\/span><\/li>\n<li><span class=\"author-p-94850\">Abst.:<\/span><\/li>\n<\/ul>\n<\/div>\n<div id=\"magicdomid153\" class=\"\"><\/div>\n<div id=\"magicdomid154\" class=\"\"><\/div>\n<div id=\"magicdomid155\" class=\"\">\n<ul class=\"list-bullet2\">\n<li><span class=\"author-p-94850\">Weiterhin\u00a0 begr\u00fc\u00dfen wir die BuFaTa als vernetztes Fachschaftenforum und den\u00a0 Austausch von Aktionen, Ideen und Arbeitsmaterialien. Hier bietet die\u00a0 BuFaTa zahlreiche Potentiale etwa auch standort\u00fcbergreifend.<\/span><\/li>\n<li><span class=\"author-p-94850\">Diskussion:<\/span><\/li>\n<li><span class=\"author-p-94850\">Abst.:<\/span><\/li>\n<\/ul>\n<\/div>\n<div id=\"magicdomid156\" class=\"\"><\/div>\n<div id=\"magicdomid157\" class=\"\"><\/div>\n<div id=\"magicdomid158\" class=\"\">\n<ul class=\"list-bullet1\">\n<li><span class=\"author-p-94850\">Der\u00a0 Ausweitung der BuFaTa-Mitglieder auf den gesamten deutschsprachigen\u00a0 Raum stehen wir skeptisch gegen\u00fcber. Es erschlie\u00dft sich uns nicht, warum\u00a0 das Ziel verfolgt werden soll, alle deutschsprechenden\u00a0 Politikfachschaften zu vereinen.<\/span><\/li>\n<li><span class=\"author-p-94850\">Diskussion:<\/span><\/li>\n<li><span class=\"author-p-94850\">Abst.:<\/span><\/li>\n<\/ul>\n<\/div>\n<div id=\"magicdomid159\" class=\"\"><\/div>\n<div id=\"magicdomid160\" class=\"\"><\/div>\n<div id=\"magicdomid163\" class=\"\"><span class=\"\">4. Fachschaftsarbeit<\/span><\/div>\n<div id=\"magicdomid164\" class=\"\"><span class=\"\">\u00a0\u00a0\u00a0 4.1. Kaffee<\/span><\/div>\n<div id=\"magicdomid165\" class=\"\"><span class=\"author-p-99864\">\u00a0\u00a0\u00a0\u00a0\u00a0\u00a0\u00a0\u00a0\u00a0\u00a0\u00a0 Was macht der Einkauf? Kaffee + W\u00fcrfelzucker gibt es noch von der H\u00fctte<\/span><\/div>\n<div id=\"magicdomid166\" class=\"\"><\/div>\n<div id=\"magicdomid167\" class=\"\"><span class=\"author-p-94850\">Morgen (19.06.) mit neutralem Wahlaufruf:<\/span><\/div>\n<div id=\"magicdomid168\" class=\"\"><span class=\"author-p-94850\">12 Uhr: J.A. und N.R.<\/span><\/div>\n<div id=\"magicdomid169\" class=\"\"><span class=\"author-p-94850\">13 Uhr: T.H.<\/span><span class=\"author-p-94849\">\u00a0&amp;<\/span><span class=\"author-p-94850\">\u00a0L.G.<\/span><span class=\"author-p-94849\">\u00b2<\/span><\/div>\n<div id=\"magicdomid170\" class=\"\"><\/div>\n<div id=\"magicdomid171\" class=\"\"><span class=\"\">\u00a0\u00a0\u00a0 4.2. Party<\/span><\/div>\n<div id=\"magicdomid172\" class=\"\"><\/div>\n<div id=\"magicdomid173\" class=\"\"><span class=\"author-p-94850\">l\u00e4uft<\/span><\/div>\n<div id=\"magicdomid174\" class=\"\"><\/div>\n<div id=\"magicdomid175\" class=\"\"><span class=\"\">\u00a0\u00a0\u00a0 4.3. H\u00fctte<\/span><\/div>\n<div id=\"magicdomid176\" class=\"\"><span class=\"author-p-99864\">\u00a0\u00a0\u00a0\u00a0\u00a0\u00a0\u00a0\u00a0\u00a0\u00a0\u00a0 <\/span><\/div>\n<div class=\"\"><span class=\"author-p-99864\">War cool!\u00a0<\/span><\/div>\n<div id=\"magicdomid177\" class=\"\"><span class=\"author-p-99864\">\u00a0\u00a0\u00a0\u00a0\u00a0\u00a0\u00a0\u00a0\u00a0\u00a0\u00a0\u00a0<\/span><\/div>\n<div id=\"magicdomid178\" class=\"\"><span class=\"author-p-99864\">Zwischenfrage IK: Was war mit der zweiten Hauptseminarsarbeitspr\u00fcfungsleistung? Sie will mal eine Mail schreiben und Nachfragen!\u00a0<\/span><\/div>\n<div id=\"magicdomid179\" class=\"\"><\/div>\n<div id=\"magicdomid180\" class=\"\"><\/div>\n<div id=\"magicdomid181\" class=\"\"><span class=\"\">\u00a0\u00a0\u00a0 4.4. Finanzen<\/span><\/div>\n<div id=\"magicdomid182\" class=\"\"><\/div>\n<div id=\"magicdomid183\" class=\"\">\n<ul class=\"list-bullet2\">\n<li><span class=\"author-p-94849\">30 \u20ac Gutschein f\u00fcr einen der Referenten bei der Podiumsdiskussion, der auf sein Honorar verzichtet hat<\/span><span class=\"author-p-99864\">.\u00a0<\/span>\n<ul>\n<li><span class=\"author-p-99864\">Abst.: Alle daf\u00fcr!\u00a0<\/span><\/li>\n<\/ul>\n<\/li>\n<\/ul>\n<\/div>\n<div id=\"magicdomid184\" class=\"\"><\/div>\n<div id=\"magicdomid185\" class=\"\"><\/div>\n<div id=\"magicdomid186\" class=\"\"><span class=\"author-p-94850\">\u00a0\u00a0\u00a0 4.5. Vergabe der dezentralen SVB 2019<\/span><\/div>\n<div id=\"magicdomid187\" class=\"\"><span class=\"author-p-99864\">\u00a0\u00a0\u00a0\u00a0\u00a0\u00a0\u00a0 LG macht den Erkl\u00e4rb\u00e4r<\/span><\/div>\n<div id=\"magicdomid188\" class=\"\"><span class=\"author-p-99864\">\u00a0\u00a0\u00a0\u00a0\u00a0\u00a0\u00a0\u00a0<\/span><\/div>\n<div id=\"magicdomid189\" class=\"\">\n<ul class=\"list-bullet1\">\n<li><span class=\"author-p-94849\">Zuweisung sollte uns zugegangen sein (C.D.???)<\/span><\/li>\n<li><span class=\"author-p-99864\">L.B. und J.E.\u00a0<\/span><\/li>\n<li><span class=\"author-p-94849\">Gespr\u00e4ch mit der Gesch\u00e4ftsf\u00fchrung suchen<\/span><\/li>\n<li><span class=\"author-p-94849\">J\u00e4ckle, Haas&#8230;<\/span><\/li>\n<li><span class=\"author-p-94849\">Verteilung?<\/span><\/li>\n<li><span class=\"author-p-99864\">Alles wie gehabt:\u00a0<\/span><span class=\"author-p-94849\">Tutorate<\/span><\/li>\n<li><span class=\"author-p-94849\">PolBi, IB &amp; Vergleichende<\/span>\n<ul>\n<li><span class=\"author-p-99864\">Wie schaut es mit der mittelm\u00e4ssigen<\/span><span class=\"author-p-96804\">\u00a0(die ist super!)\u00a0<\/span><span class=\"author-p-99864\">\u00a0Panke-Vorlesung aus?\u00a0<\/span><\/li>\n<\/ul>\n<\/li>\n<li><span class=\"author-p-99864\">Rest: Berufsperspektiven! \/ Allgemeiner Veranstaltungstopf!<\/span><\/li>\n<li><span class=\"author-p-99864\">Exkursionstopf?!\u00a0<\/span><\/li>\n<li><span class=\"author-p-99854\">J.V.: Tutorat nur alle 4 Wochen, eher nicht so notwendig, schelcht, eher schlecht<\/span><span class=\"author-p-95895\">. War damals 1 braver Student.<\/span><\/li>\n<li><span class=\"author-p-99854\">J.V.: Exkursions-Topf: Unn\u00f6tig? Umwidmen f\u00fcr Veranstaltungen, bei der Leute aus Freiburg mehr von haben, eher Vortr\u00e4ge<\/span><span class=\"author-p-99864\">. L<\/span><span class=\"author-p-96804\">.<\/span><span class=\"author-p-99864\">G<\/span><span class=\"author-p-96804\">.<\/span><span class=\"author-p-99864\">: Exkursionen eher be<\/span><span class=\"author-p-99854\">i<\/span><span class=\"author-p-99864\">behalten, weil Sozialvertr\u00e4glichkeit und so. J<\/span><span class=\"author-p-96804\">.<\/span><span class=\"author-p-99864\">V<\/span><span class=\"author-p-96804\">.<\/span><span class=\"author-p-99864\">: Dann halten wir die halt k\u00fcnstlich am Leben. H<\/span><span class=\"author-p-96804\">a.<\/span><span class=\"author-p-99864\">H<\/span><span class=\"author-p-96804\">e.<\/span><span class=\"author-p-99864\">: E<\/span><span class=\"author-p-94850\">x<\/span><span class=\"author-p-99864\">kursionen sind super! Haltet das am Leben, weill die Uni kriegt es nicht auf die Kette. Ausbauen, so dass jeder Studi mal die m\u00f6glichkeit hat auf eine Exkusion zu gehen.\u00a0<\/span><span class=\"author-p-96804\">Seminar sollte Entscheidungen \u00fcber Exkursionen und Geldervergabe mit FS abstimmen!\u00a0<\/span><span class=\"author-p-99864\">Wie w\u00e4re es mit einem autonomen Seminar<\/span><\/li>\n<li><span class=\"author-p-99864\">F\u00f6rderung f\u00fcr die EU-Vorlesung eindampfen!\u00a0<\/span><\/li>\n<li><span class=\"author-p-99864\">Vorschlag:\u00a0<\/span>\n<ul>\n<li><span class=\"author-p-99864\">15 Tutorate f\u00fcr drei Veranstaltungen<\/span><\/li>\n<li><span class=\"author-p-99864\">1000\u20ac f\u00fcr die Berufsperspektiven-Veranstaltung\u00a0<\/span><\/li>\n<li><span class=\"author-p-99864\">Rest f\u00fcr Exkursion (et. al. )(ist aber kompliziert)<\/span><\/li>\n<li><span class=\"author-p-99864\">Abst.: Einsti.\u00a0<\/span><\/li>\n<\/ul>\n<\/li>\n<\/ul>\n<\/div>\n<div id=\"magicdomid190\" class=\"\"><\/div>\n<div id=\"magicdomid191\" class=\"\"><\/div>\n<div id=\"magicdomid192\" class=\"\"><\/div>\n<div id=\"magicdomid193\" class=\"\"><\/div>\n<div id=\"magicdomid194\" class=\"\"><\/div>\n<div id=\"magicdomid195\" class=\"\"><\/div>\n<div id=\"magicdomid196\" class=\"\"><\/div>\n<div id=\"magicdomid197\" class=\"\"><\/div>\n<div id=\"magicdomid198\" class=\"\"><\/div>\n<div id=\"magicdomid199\" class=\"\"><\/div>\n<div id=\"magicdomid200\" class=\"\"><\/div>\n<div id=\"magicdomid201\" class=\"\"><\/div>\n<div id=\"magicdomid202\" class=\"\"><\/div>\n<div id=\"magicdomid203\" class=\"\"><\/div>\n<div id=\"magicdomid204\" class=\"\"><\/div>\n<div id=\"magicdomid205\" class=\"\"><\/div>\n<div id=\"magicdomid206\" class=\"\"><\/div>\n<div id=\"magicdomid208\" class=\"\"><span class=\"author-p-94850\">\u00a0\u00a0\u00a0 4.6. Fachschaftsfoto<\/span><\/div>\n<div id=\"magicdomid209\" class=\"\"><\/div>\n<div id=\"magicdomid210\" class=\"\"><span class=\"author-p-99864 b\"><b>\u00a0\u00a0\u00a0\u00a0\u00a0\u00a0\u00a0 Themen\/Motto (Wildbad Kreuth, Cultural Appropriation)?, Wie gehen wir vor, Termin festlegen!\u00a0<\/b><\/span><span class=\"author-p-99864 b u\"><b><u>9. Juli 19:30!!!<\/u><\/b><\/span><\/div>\n<div id=\"magicdomid211\" class=\"\"><span class=\"author-p-99864\">\u00a0\u00a0\u00a0\u00a0\u00a0\u00a0\u00a0 Thema ist Vertagt!\u00a0<\/span><\/div>\n<div id=\"magicdomid212\" class=\"\"><\/div>\n<div id=\"magicdomid213\" class=\"\"><span class=\"author-p-99864\">\u00a0\u00a0\u00a0 4.7 KGIV Vernetzungsgrillen<\/span><\/div>\n<div id=\"magicdomid214\" class=\"\">\n<ul class=\"list-bullet2\">\n<li><span class=\"author-p-99864\">Wann? Termin mitte Juli, relativ kurz vor den Pr\u00fcfungen oder in der zweiten Semesterferienwoche.\u00a0<\/span><span class=\"author-p-99864 b\"><b>Samstag den 21. Juli\u00a0<\/b><\/span><span class=\"author-p-99864\">die meisten Klausueren sind rum. HaHe und LeGr\u00fc k\u00fcmmern sich!\u00a0<\/span><\/li>\n<\/ul>\n<\/div>\n<div id=\"magicdomid217\" class=\"\"><span class=\"\">5. Termine und Sonstiges<\/span><\/div>\n<div id=\"magicdomid218\" class=\"\"><\/div>\n<ul>\n<li id=\"magicdomid219\"><span class=\"author-p-94850\">Morgen: WAHL!!1!ELF! &#8211; Geht alle hin!<\/span>\n<ul>\n<li>Rettet die Wahlen! Achtung Wahlraum: 1. OG Parlatorium UB<\/li>\n<li>Morgen ab ca. 19.30 Uhr: Wahlparty im Mensagarten<\/li>\n<\/ul>\n<\/li>\n<li>Sonntag, 08.07. 14-18 Uhr: Workshop How-To-HoPo (Anmeldung \u00fcber referat-\u00a0 hopo@stura.org)<span class=\"author-p-99864 i\"><i>HoppHoppHopo<\/i><\/span><\/li>\n<\/ul>\n<div id=\"magicdomid225\" class=\"\"><span class=\"\">6. Lob und Tadel<\/span><\/div>\n<div id=\"magicdomid226\" class=\"\"><\/div>\n<ul>\n<li id=\"magicdomid227\"><span class=\"author-p-94850\">Lob an den runing gag f\u00fcr 8,6 km.<\/span><\/li>\n<li>Tadel an J.V. f\u00fcr 8,6km<\/li>\n<li>Tadel an J.A. f\u00fcr Anruf an J\u00f6rg!<\/li>\n<li>Lob f\u00fcr die Orga!!<\/li>\n<li>Tadel wegen Stura!<\/li>\n<\/ul>\n","protected":false},"excerpt":{"rendered":"<p>Tagesordnung: 1. Formalia 2. StuRa \u00a0\u00a0\u00a0 2.1. Bericht aus dem StuRa \u00a0\u00a0\u00a0 2.2. Bewerbungen \u00a0\u00a0\u00a0 2.3. Finanzantr\u00e4ge \u00a0\u00a0\u00a0 2.4. Sonstige Antr\u00e4ge \u00a0\u00a0\u00a0 2.5. Satzungs\u00e4ndernde Antr\u00e4ge 3.\u00a0Positionen BuFaTa 4. Fachschaftsarbeit \u00a0\u00a0\u00a0 4.1. Kaffee \u00a0\u00a0\u00a0 4.2. Party \u00a0\u00a0\u00a0 4.3. H\u00fctte \u00a0\u00a0\u00a0 4.4. Finanzen \u00a0\u00a0\u00a0 4.5. Vergabe der dezentralen SVB 2019 \u00a0\u00a0\u00a0 4.6. Fachschaftsfoto 5. Termine und Sonstiges [&hellip;]<\/p>\n","protected":false},"author":10,"featured_media":0,"comment_status":"closed","ping_status":"closed","sticky":false,"template":"","format":"standard","meta":{"iawp_total_views":0,"footnotes":""},"categories":[18],"tags":[],"class_list":["post-2404","post","type-post","status-publish","format-standard","hentry","category-protokolle"],"_links":{"self":[{"href":"https:\/\/www.fspolitik.de\/index.php?rest_route=\/wp\/v2\/posts\/2404","targetHints":{"allow":["GET"]}}],"collection":[{"href":"https:\/\/www.fspolitik.de\/index.php?rest_route=\/wp\/v2\/posts"}],"about":[{"href":"https:\/\/www.fspolitik.de\/index.php?rest_route=\/wp\/v2\/types\/post"}],"author":[{"embeddable":true,"href":"https:\/\/www.fspolitik.de\/index.php?rest_route=\/wp\/v2\/users\/10"}],"replies":[{"embeddable":true,"href":"https:\/\/www.fspolitik.de\/index.php?rest_route=%2Fwp%2Fv2%2Fcomments&post=2404"}],"version-history":[{"count":2,"href":"https:\/\/www.fspolitik.de\/index.php?rest_route=\/wp\/v2\/posts\/2404\/revisions"}],"predecessor-version":[{"id":2406,"href":"https:\/\/www.fspolitik.de\/index.php?rest_route=\/wp\/v2\/posts\/2404\/revisions\/2406"}],"wp:attachment":[{"href":"https:\/\/www.fspolitik.de\/index.php?rest_route=%2Fwp%2Fv2%2Fmedia&parent=2404"}],"wp:term":[{"taxonomy":"category","embeddable":true,"href":"https:\/\/www.fspolitik.de\/index.php?rest_route=%2Fwp%2Fv2%2Fcategories&post=2404"},{"taxonomy":"post_tag","embeddable":true,"href":"https:\/\/www.fspolitik.de\/index.php?rest_route=%2Fwp%2Fv2%2Ftags&post=2404"}],"curies":[{"name":"wp","href":"https:\/\/api.w.org\/{rel}","templated":true}]}}