{"id":2489,"date":"2018-12-02T15:12:55","date_gmt":"2018-12-02T13:12:55","guid":{"rendered":"http:\/\/www.fspolitik.de\/?p=2489"},"modified":"2018-12-02T15:20:06","modified_gmt":"2018-12-02T13:20:06","slug":"protokoll-vom-26-11-2018","status":"publish","type":"post","link":"https:\/\/www.fspolitik.de\/?p=2489","title":{"rendered":"Protokoll vom 26.11.2018"},"content":{"rendered":"<p><strong>Protokoll vom 26.11.2018<\/strong><\/p>\n<p><strong>Tagesordnung:<\/strong><\/p>\n<p>1.Formalia<\/p>\n<p>2. StuRa<\/p>\n<p>2.1. Bericht aus dem StuRa<\/p>\n<p>2.2. Bewerbungen<\/p>\n<p>2.3. Finanzantr\u00e4ge<\/p>\n<p>2.4. Sonstige Antr\u00e4ge<\/p>\n<p>3. Bericht BufaTa<\/p>\n<p>4. Fachschaftsarbeit<\/p>\n<p>4.1. Kaffee<\/p>\n<p>4.2. Party<\/p>\n<p>4.3. H\u00fctte<\/p>\n<p>4.4. Finanzen<\/p>\n<p>4.5. Berufsperspektiven<\/p>\n<p>4.6. Nachh\u00fcttenparty<\/p>\n<p>4.7. T-Shirts und Logo<\/p>\n<p>4.8. Anfrage Referat gegen Faschismus<\/p>\n<p>4.9. Whatsapp-Gruppe<\/p>\n<p>5. Termine und Sonstige<\/p>\n<p>6. Lob und Tadel<\/p>\n<h1><\/h1>\n<p>&#8212;&#8212;&#8212;&#8212;&#8212;&#8212;&#8212;&#8212;&#8212;<!--more-->&#8212;&#8212;&#8212;&#8212;&#8211;<\/p>\n<p>&nbsp;<\/p>\n<p>Protokoll<\/p>\n<p>Tagesordnung<\/p>\n<ol>\n<li>Formalia<\/li>\n<\/ol>\n<p>Redeleitung (m *): MoM\u00fc<\/p>\n<p>Protokoll: L.S.<\/p>\n<p>Beschlussf\u00e4higkeit: JA<\/p>\n<p>Genehmigung des Protokolls: JA<\/p>\n<p>Vorschl\u00e4ge zur TO: K\u00fcrzel vor den Redebeitr\u00e4gen im Protokoll?<\/p>\n<ol start=\"2\">\n<li>StuRa<\/li>\n<\/ol>\n<p>2.1. Bericht aus dem StuRa<\/p>\n<p><strong>\u00a0Vorstandsbericht<\/strong><\/p>\n<ul>\n<li>WSSK &#8211; Urabstimmung\n<ul>\n<li>Die WSSK hat den Antrag auf Urabstimmung f\u00fcr nichtig erkl\u00e4rt. 2 der 3 Fragen seien unzul\u00e4ssig<\/li>\n<\/ul>\n<\/li>\n<\/ul>\n<ul>\n<li>Brief\n<ul>\n<li>Haben am 15.11 einen antisemitschen Brief erhalten und Anzeige erstattet<\/li>\n<\/ul>\n<\/li>\n<\/ul>\n<ul>\n<li>Jour Fixe am Dienstag, 13.11<\/li>\n<li>Exzellenz\n<ul>\n<li>Namen der Gutachter werden 4 Wochen vorher bekannt gegeben<\/li>\n<\/ul>\n<\/li>\n<li>Rektorat wird evtl. den StuRa besuchen<\/li>\n<li>Namen seitens der VS m\u00fcssen bis 10.12 bekannt gegeben werden<\/li>\n<li>VS mit 2 Leuten (max. 3), Senat mit 2<\/li>\n<li>Bericht Prorektorin Studium und Lehre: mental health<\/li>\n<li>gibt Podcasts, hat verschiedene Angebote genannt<\/li>\n<li>Atteste &#8211; Symptomabgabe<\/li>\n<li>Rektorat spricht von Rechtsrahmen<\/li>\n<li>Vorstand fragt nach, was damit genau gemeint ist<\/li>\n<li>ab wohl mal ein einzelnes Rechtsgutachten, auf welches sich die Uni st\u00fctzt<\/li>\n<li>Humanmedizin auch nicht (Begr\u00fcndung: gewisse Autonomie dieser Fakult\u00e4t)<\/li>\n<li>Vorschlag (Seitens Rektorat): Arbeitsgruppe im Januar dazu bilden<\/li>\n<li>Landesrektorenkonferenz 30.11 \u00e0 Rechtsgutachten einholen<\/li>\n<li>Fahrradverleihsystem<\/li>\n<li>Frage nach Zusicherung f\u00fcr Erh\u00f6hung des Semesterbeitrages<\/li>\n<li>Rektorat ist willig, kriegen vermutlich ein Schreiben<\/li>\n<li>Job Teaser<\/li>\n<li>450 Unis und 5000 Firmen<\/li>\n<li>Umsonst f\u00fcr Unis, Firmen zahlen wenn sie die Angebote f\u00fcr alle Unis schalten wollen<\/li>\n<li>Mensch war schon da, um das vorzustellen<\/li>\n<li>kein Studierender war dabei<\/li>\n<li>alle eher skeptisch<\/li>\n<li>Nutzung von Uni-Fl\u00e4chen<\/li>\n<li>Interesse da, die Regelung evtl. zu \u00e4ndern<\/li>\n<li>Termin Mitte Dezember, um dar\u00fcber zu reden<\/li>\n<li>UniCard<\/li>\n<li>R\u00fcckseiten\u00e4nderung ist machbar, kommt wahrscheinlich mit dem n\u00e4chstem &#8222;Schwall&#8220;<\/li>\n<\/ul>\n<p>&nbsp;<\/p>\n<ul>\n<li>FAK (verschiedene Themen beredet, vor allem Informationsaustausch)<\/li>\n<li>Rundlauf: Was geht an den anderen Hochschulen? Was sind wichtige Themen und Probleme?<\/li>\n<li>L\u00f6hne f\u00fcr studentische Hilfskr\u00e4fte<\/li>\n<li>PH will an Uni Niveau anpassen: Bei denen nur Mindestlohn, bei uns 10,01\u20ac<\/li>\n<li>Inklusion<\/li>\n<li>an anderen Hochschulen teils schwieriger, teils einfacher<\/li>\n<li>bei psychischen Erkrankungen zum Teil kollegialeres Verh\u00e4ltnis, andererseits kennt man sich (Studierende &#8211; Dozierende) eher<\/li>\n<li>Atteste und Symptompflicht<\/li>\n<li>keine andere der Freiburger Hochschulen hat eine Pflicht zur Symptomangabe<\/li>\n<li>Nachwuchsproblematik<\/li>\n<li>direktes Ansprechen der Leute<\/li>\n<li>klar Herausstellen, was man bereit getan und erreicht hat -&gt; pr\u00e4sent bleiben<\/li>\n<li>Vertagt: Earth Day, Dietenbach, LAK, Landesweites Semesterticket<\/li>\n<\/ul>\n<p>&nbsp;<\/p>\n<ul>\n<li>SWFR-Vertreter*innenversammlung<\/li>\n<li>2 studentische Mitglieder dringend gesucht, morgen in Eilabstimmung<\/li>\n<li>Gremium mit eher geringem Arbeitsaufwand, aber wichtig, da Kontakt zum SWFR<\/li>\n<li>AS-Sitzung des fzs in L\u00fcneburg<\/li>\n<li>Menschen f\u00fcr das europ\u00e4ische Board Meeting der European Students Union wurden mandatiert<\/li>\n<li>Gespr\u00e4che \u00fcber die Verbandsarbeit wurden gef\u00fchrt<\/li>\n<li>Diskussion \u00fcber den Umgang mit AfD-Hochschulgruppen<\/li>\n<li>Stura gegen Diskriminierung im Kontext von Blockchain<\/li>\n<li>Referate stellen sich vor und Positionieren sich gegen Diskriminierung<\/li>\n<\/ul>\n<p>&nbsp;<\/p>\n<p>&nbsp;<\/p>\n<p>2.2 Bewerbungen<\/p>\n<p>&nbsp;<\/p>\n<ul>\n<li>Anton Stauder (Stv. Referent gegen Antisemitismus)<\/li>\n<\/ul>\n<p><strong>Diskussion:\u00a0\u00a0\u00a0\u00a0<\/strong><\/p>\n<ul>\n<li>hat fehlerhafte Bewerbung ( nicht gegendert)<\/li>\n<li>wirkte ok<\/li>\n<li>macht seit Ende letzten Semesters im Referat mit<\/li>\n<li>Motivation gegen den steigenden Antisemitismus in der Gesellschaft angehen<\/li>\n<\/ul>\n<p>Abst.: JA: viele dagegen: &#8211; Enthaltung: 2 \u00e0 angenommen<\/p>\n<p>&nbsp;<\/p>\n<ul>\n<li>Marcia Hohoff<\/li>\n<\/ul>\n<p><strong>Diskussion<\/strong>: Wurde glaube ich im Eilverfahren abgestimmt?<\/p>\n<p>Abst.<\/p>\n<p>2.3. Finanzantr\u00e4ge<\/p>\n<ul>\n<li>Pr\u00fcfung Jahresabschluss 2017 (Haushaltsbeauftragte)<\/li>\n<li>beantragt: 5000\u20ac<\/li>\n<\/ul>\n<p><strong>Diskussion:<\/strong><\/p>\n<ul>\n<li>muss genehmigt werden, da der Abschluss gemacht werden muss<\/li>\n<li>rechtliche Verpflichtung<\/li>\n<li>sonst Klage und Prozess&#8230;<\/li>\n<\/ul>\n<p>Abst.: Ja: \u00e0 alle Angenommen<\/p>\n<p>&nbsp;<\/p>\n<ul>\n<li>Lange Nacht der Universit\u00e4t<\/li>\n<\/ul>\n<ul>\n<li>beantragt: 625\u20ac<\/li>\n<\/ul>\n<p><strong>Diskussion:<\/strong><\/p>\n<ul>\n<li>war schon vor einer Woche<\/li>\n<li>Aufwandsentsch\u00e4dig, Bands usw. finanzieren<\/li>\n<\/ul>\n<p>Abst.: ja: \u00e0 einstimmig angenommen<\/p>\n<ul>\n<li>sneep eV Herbsttagung<\/li>\n<\/ul>\n<ul>\n<li>beantragt: 200\u20ac<\/li>\n<\/ul>\n<p><strong>Diskussion<\/strong>:<\/p>\n<ul>\n<li>Gruppe mit nachhaltiger Wirtschaft und Ethik in Unternehmen<\/li>\n<li>pro Person 50 Euro<\/li>\n<li>zweiter Antrag wird folgen<\/li>\n<li>Warum ist das schon der dritte Antrag? Keine andern Geldquellen<\/li>\n<li>Was ist der konkrete Inhalt? Au\u00dfer auf Tagungen gehen?<\/li>\n<li>Organisieren Vortr\u00e4ge zu Wirtschaftethik Nachhaltigkeitsaktionen, auch in Kooperation mit dem Umweltreferat<\/li>\n<\/ul>\n<p>Abst.:ja:12 dagegen: 1 Enthaltungen: einige, \u00e0 angenommen<\/p>\n<ul>\n<li>ForUN HamMUN 2018<\/li>\n<\/ul>\n<ul>\n<li>beantragt: 2.050,70 \u20ac<\/li>\n<\/ul>\n<p><strong>Diskussion:<\/strong><\/p>\n<ul>\n<li>stellten sich vor, um Fragen auch zu beantragen. Ist bewusst, dass es eine hohe Summe ist.<\/li>\n<li>24 Student*innen viele mit PoWi<\/li>\n<li>Welchen gesell. Nutzen hat das Projekt?<\/li>\n<li>Reise nach Hamburg ist Teil der nat. ModelUN in New York<\/li>\n<li>Nutzen: Schon fr\u00fch f\u00fcr UN einsetzen und engagieren<\/li>\n<li>Politisches Engagement wurde im Stura widersprochen!<\/li>\n<li>ABER: Man steht schon sehr fr\u00fch f\u00fcr die Werte der UN, UN ist das einzige Mittel f\u00fcr multinationale Kooperation<\/li>\n<li>Ist eine Vortragsreihe geplant?<\/li>\n<li>Gibt eine Hochschulgruppe-&gt; Delegation<\/li>\n<li>Es gibt bereits Vortagsreihen, und Delegation will einen Abschlussbericht machen<\/li>\n<li>Frage zur Finanzierung: Fundraising? andere Sponsoren?<\/li>\n<li>Ja, fundraising aber es wird insgesamt 50.000 Euro kosten f\u00fcr 24 Student*innen. Daher an m\u00f6glichst viele Unterst\u00fctzung<\/li>\n<li>F\u00fcr NY: N\u00e4here Infos \u00fcber fundraising aber in der Vergangenheit wurde durch fundraising mehr eingenommen als ben\u00f6tigt<\/li>\n<li>Lehrstuhl f\u00fcr IB: 500<\/li>\n<li>Kaffeeverkauf: ca. 700<\/li>\n<li>Kosten sollen allen die M\u00f6glichkeit geben an dem Projekt teilnehmen, daher finanzielle Unterst\u00fctzung<\/li>\n<li>ist im Interesse der Student*innen auch f\u00fcr Zukunft des Projekts<\/li>\n<\/ul>\n<p>Abst.:<\/p>\n<p>Betrag:<\/p>\n<p>2050,70\u20ac ja:15 dagegen: &#8211; Enthaltungen: 2 \u00e0 angenommen<\/p>\n<p>1312:- \/<\/p>\n<ul>\n<li>Poolvernetzungstreffen<\/li>\n<\/ul>\n<ul>\n<li>beantragt: vertagt, wird momentan nicht behandelt (Pr\u00fcfung WSSK)<\/li>\n<\/ul>\n<p><strong>Diskussion<\/strong><\/p>\n<p>Abst.:<\/p>\n<p>2.4. Sonstige Antr\u00e4ge<\/p>\n<ul>\n<li>Ideelle Unterst\u00fctzung Period.Box<\/li>\n<\/ul>\n<p><strong>Diskussion:<\/strong><\/p>\n<p>Abst.:<\/p>\n<ul>\n<li>Ideelle Unterst\u00fctzung Rosekids eV<\/li>\n<\/ul>\n<p><strong>Diskussion:<\/strong><\/p>\n<p>Abst.:<\/p>\n<p>2.5 Wirtschaftsplan<\/p>\n<ul>\n<li>\u00a0\u00c4nderungsantrag 1 Gruppenunterst\u00fctzung (BUF)<\/li>\n<\/ul>\n<p><strong>Diskussion<\/strong><\/p>\n<p>Abst.:<\/p>\n<ul>\n<li>\u00c4nderungsantrag 2 Budgets und Sondert\u00f6pfe (Theologie)<\/li>\n<\/ul>\n<p><strong>Diskussion<\/strong><\/p>\n<p>Abst.:<\/p>\n<ol start=\"3\">\n<li>Bericht BuFaTa<\/li>\n<\/ol>\n<ul>\n<li>Bierreich! Alles bierseelig&#8230;<\/li>\n<li>Veschiedene Workshops: Kommunikation zwischen FS<\/li>\n<li>Manche Unis veranstalten gemeinsame Treffen aller Fachschaften<\/li>\n<li>Umgang mit Erstis, usw.<\/li>\n<li>grob \u00e4hnelt sich das Programm f\u00fcr Erstis zwischen den Fachschaften<\/li>\n<li>Umgang mit Rechts<\/li>\n<li>Nette Gespr\u00e4che,<\/li>\n<li>haben \u00fcber Satzung geredet<\/li>\n<li>muss aber noch mal besprochen werden f\u00fcr BuFaTa in der Zukunft<\/li>\n<li>alle Studieng\u00e4nge eines Fachs sollen einen Zusammenschluss bilden, eher lose, kein Verein eher Programm auf den BUFATA regeln<\/li>\n<li>n\u00e4here Infos in neuer GO<\/li>\n<li>Wie ist es mit Stimmrecht?\n<ul>\n<li>jede FS hat Mitgliedsrecht, Anzahl unbekannt, Stimmen jeweils eine Stimmkarte pro Studiengang<\/li>\n<li>BUFATA ist ja generell so ein Meeting aber was wird entschieden, was f\u00fcr uns hier anwendbar ist?<\/li>\n<li>viel Diskurs um rechtlichen Grundlagen aber leider weniger Inhaltliches<\/li>\n<\/ul>\n<\/li>\n<\/ul>\n<ol start=\"4\">\n<li>Fachschaftsarbeit<\/li>\n<\/ol>\n<p>4.1. Kaffee<\/p>\n<ul>\n<li>Kaffeeliste geht rum<\/li>\n<li>Wer kauft ein? Wir haben keine Kekse mehr uns nur noch wenig Milch! \u00e0S.<\/li>\n<li>Immer zu wenig Kekse!!!! Unversch\u00e4mtheit<\/li>\n<li>S geht einkaufen<\/li>\n<li>HSG Weitblick hat gefragt warum sie am Fr keinen Kaffeeverkauf mehr haben<\/li>\n<li>AK Kaffee hat den Start und Ausschreibung verpasst<\/li>\n<li>morgen ist schon gekl\u00e4rt!?<\/li>\n<\/ul>\n<p>Ist gekl\u00e4rt!<\/p>\n<ul>\n<li>Fr wurden die Gruppen angeschrieben wegen Bewerbungen, nur UN Gruppe und BFB<\/li>\n<li>AK Kaffee plant eine gro\u00dfe Putzaktion diese Woche. Alle willkommen&#8230;<\/li>\n<\/ul>\n<p>4.2. Party<\/p>\n<ul>\n<li>Plakate wurden erstellt<\/li>\n<li>2 Treffen geplant, aber kein fester Termin<\/li>\n<li>DJ sind so gut wie sicher<\/li>\n<li>Geld ist kein Problem<\/li>\n<li>Location steht<\/li>\n<li>12 last call f\u00fcr Basteltermin<\/li>\n<li>Eintrittspreise? Neue Ergebnisse<\/li>\n<li>Aktuell 5\u20ac<\/li>\n<\/ul>\n<p>4.3. H\u00fctte<\/p>\n<ul>\n<li>Offene Rechnungen?<\/li>\n<li>H\u00fctte hat noch nichts gesendet<\/li>\n<li>Getr\u00e4nke wurden zu wenig bezahlt&#8230;<\/li>\n<li>auf der H\u00fcttennachparty? Anonym noch &#8220; spenden&#8220;?<\/li>\n<li>Wie informieren wir die Leute \u00fcber das Problem?<\/li>\n<\/ul>\n<p>\u00e0 \u00dcber Mailverteiler<\/p>\n<p>4.4. Finanzen<\/p>\n<ul>\n<li>alles beantragt was im Budget drin ist, sonst alles gut<\/li>\n<\/ul>\n<p>&nbsp;<\/p>\n<p>4.5. Berufsperspektiven<\/p>\n<ul>\n<li>Freiwillige?<\/li>\n<li>Bericht von letztem Jahr<\/li>\n<li>Arbeit mit dem Seminar planen<\/li>\n<li>Werbung haupts\u00e4chlich<\/li>\n<li>einleitende worte<\/li>\n<li>Wen l\u00e4dt man ein?<\/li>\n<li>vielleicht ehem. Fachschaftsmitglieder*Innen oder \u00fcber das Seminar?<\/li>\n<li>2 Treffen des AK\n<ul>\n<li>vielseitige G\u00e4ste, alles vertreten, sehr positiv<\/li>\n<li>Arbeit mit dem Seminar war sehr gut<\/li>\n<li>Hat jmd. Lust?<\/li>\n<li>macht mit lohnt sich! auch Erstis!<\/li>\n<\/ul>\n<\/li>\n<li>3 Menschen haben bereit erkl\u00e4rt<\/li>\n<\/ul>\n<p>4.6. Nachh\u00fcttenparty<\/p>\n<p><strong>Termin: 7.12.<\/strong><\/p>\n<p>&nbsp;<\/p>\n<p><strong>Mottovorschl\u00e4ge:<\/strong><\/p>\n<p>&nbsp;<\/p>\n<ul>\n<li>Im Partykeller der jungen Bundesrepublik &#8211; Feiern wie Oma in jungen Jahren!<\/li>\n<li>-50er Jahre Wirtschaftswunder &#8220; Persil w\u00e4scht auch die braunste W\u00e4sche noch weis&#8230;&#8220;Mettigel?<\/li>\n<\/ul>\n<p>\u00e0 6 Ja-Stimmen<\/p>\n<p>&nbsp;<\/p>\n<ul>\n<li>3x Links ist 1x Rechts\u00a0 #allesvielzulinkshier\n<ul>\n<li>was soll das hei\u00dfen?<\/li>\n<li>eher nicht so toll<\/li>\n<\/ul>\n<\/li>\n<\/ul>\n<p>\u00e0 0 Stimmen<\/p>\n<p>&nbsp;<\/p>\n<p><strong>Bundestag &amp; Nacht<\/strong><\/p>\n<ul>\n<li><strong>wie verkleidet man sich?<\/strong><\/li>\n<li><strong>BT oder Berlin Tag und Nacht<\/strong><\/li>\n<li><strong>geklaut vom Neomagazin<\/strong><\/li>\n<li><strong>He vtl als Mutti des Landes<\/strong><\/li>\n<\/ul>\n<p><strong>\u00e0 8&#8230;. 8<\/strong><\/p>\n<p>&nbsp;<\/p>\n<p>Bitcoin-Geburtstagsparty! #10Jahre<\/p>\n<ul>\n<li>als Bitcoin verkleiden?<\/li>\n<\/ul>\n<p>\u00e0 0 Stimmen<\/p>\n<p>&nbsp;<\/p>\n<p>50 Jahre 68er &#8211; Hippies und so?<\/p>\n<ul>\n<li>?<\/li>\n<li>sehr unspezifisch<\/li>\n<li>-#niemandmusshippiesein<\/li>\n<\/ul>\n<p>\u00e0 5 Ja-Stimmen<\/p>\n<p>&nbsp;<\/p>\n<p>Verfassungsschutz<\/p>\n<ul>\n<li>breites Potenzial f\u00fcr Verkleidungen<\/li>\n<\/ul>\n<p>\u00e0 1 Ja-Stimme<\/p>\n<p>&nbsp;<\/p>\n<p>Volksfest in Sachsen<\/p>\n<ul>\n<li>h\u00e4ngt mit vorherigem Motto zusammen<\/li>\n<li>jeder wei\u00df wie die Sachsen feiern&#8230;<\/li>\n<li>auch Wir sind mehr?<\/li>\n<li>breites Publikum<\/li>\n<\/ul>\n<p>\u00e07&#8230;&#8230;8 Ja-Stimmen<\/p>\n<p>&nbsp;<\/p>\n<p><strong>\u00e0 M\u00fcnze entscheidet: Adler f\u00fcr Bundestag und Nacht<\/strong><\/p>\n<p>&nbsp;<\/p>\n<p>4.7. T-Shirts und Logo<\/p>\n<p>&nbsp;<\/p>\n<ul>\n<li>neues Fachschaftslogo \u00e0 Zustimmen oder nichts sagen<\/li>\n<li>wei\u00df-schwarz, schwarz-weis und rot-weis VFB ein leben lang!!!!!!!<\/li>\n<li>was bedeuten die Symbole?<\/li>\n<li>sieht cool aus!<\/li>\n<li>aus \u00e4sthetischen Gr\u00fcnden gegen die Rose<\/li>\n<li>Logo ist cool! danke an P.S<\/li>\n<li>Rose kann bleiben, aber Tannenzapfen w\u00e4ren besser<\/li>\n<li>Wo ist es dann abgebildet?<\/li>\n<li>Plakate, Pullis, Veranstaltungen<\/li>\n<li>also wenn wir das auf T-Shirt drucken dann m\u00fcssen wir nochmal reden<\/li>\n<li>oder ein Baum<\/li>\n<li>wei\u00df nicht wie man die Zapfen da ranmachen soll?<\/li>\n<li>immer noch gegen das Bl\u00fcmchen, da kein Bezug zur FS<\/li>\n<li>Vorschlag iwas mit Schwarzwald<\/li>\n<li>PC auf dem das gespeichert ist kaputt&#8230;<\/li>\n<li>nur auf Plakate und f\u00fcr T-Shirt nochmal besprechen?<\/li>\n<li>Ja passt so<\/li>\n<li>Stimmungsbild Rose ja Rose nein?<\/li>\n<li>Alternativen machen nur Sinn wenn wir gegen Rose sind<\/li>\n<li>Mit den T-Shirts nicht mehr so lange warten bitte<\/li>\n<li>jeder eine Stimme<\/li>\n<li>Rose, ohne, was anderes&#8230;<\/li>\n<li>7\/ 3\/ 9<\/li>\n<\/ul>\n<p>\u00e0 Alternative in naher Zukunft? N\u00e4chste Sitzung<\/p>\n<p>&nbsp;<\/p>\n<p>4.8. Anfrage Referat gegen Faschismus<\/p>\n<p>&nbsp;<\/p>\n<ul>\n<li>wollen Veranstaltung (Workshop) zu Kritischer Theorie machen und fragen uns f\u00fcr Kooperation an<\/li>\n<\/ul>\n<ul>\n<li>hat jmd. Lust?<\/li>\n<li>Datum? Scheinbar Januar<\/li>\n<li>gemeinsam Workshop ausarbeiten<\/li>\n<li>was ist kritische Theorie?<\/li>\n<li>Theorieschule, arbeitet sehr viel mit der NS Zeit, darf so nie wieder entstehen! Sehr interessant<\/li>\n<\/ul>\n<p>&nbsp;<\/p>\n<p>4.9. Whatsapp-Gruppe<\/p>\n<p>&nbsp;<\/p>\n<ul>\n<li>Weiterf\u00fchrung der Diskussion letzte Woche<\/li>\n<\/ul>\n<p>\u00e0 GO. Vertagung wegen Zeit<\/p>\n<p>\u00e0 ohne Gegenrede angenommen<\/p>\n<p>&nbsp;<\/p>\n<p>&nbsp;<\/p>\n<ol start=\"5\">\n<li>Termine und Sonstiges<\/li>\n<\/ol>\n<p>&nbsp;<\/p>\n<ul>\n<li>12.: 20Uhr Plakatetreffen, Medienraum im AstA<\/li>\n<li>12: Vaubar \/ Nachh\u00fcttenparty<\/li>\n<\/ul>\n<p>&nbsp;<\/p>\n<ul>\n<li>Treffen mit Artik wegen Podi zur Kommunalwahl<\/li>\n<li>&#8222;Listengrillen&#8220;<\/li>\n<li>Fragenskript bis Januar<\/li>\n<li>n\u00e4chstes Treffen am 18.12.<\/li>\n<li>AfD-Frage ist noch nicht gekl\u00e4rt, es gibt die Idee nur<\/li>\n<li>n\u00e4chste Woche nochmal als eigenen TOP<\/li>\n<\/ul>\n<p>&nbsp;<\/p>\n<ol start=\"6\">\n<li>Lob und Tadel<\/li>\n<\/ol>\n<p>&nbsp;<\/p>\n<ul>\n<li>Lob an die 2 Ps f\u00fcrs Logo<\/li>\n<li>Tadel an alle, die auf der H\u00fctte nicht ihre Getr\u00e4nke gezahlt haben<\/li>\n<li>Lob an alle, die auf der BuFaTa waren<\/li>\n<li>Lob an MoM\u00dc<\/li>\n<li>Tadel an Sitzungslautst\u00e4rke<\/li>\n<li>Tadel an die Hostos f\u00fcr fehlendes Bier<\/li>\n<li>Tadel an J.M. f\u00fcr Verschlafenheit<\/li>\n<li>Lob an alle, die zu Mo gehen<\/li>\n<\/ul>\n<p>&nbsp;<\/p>\n","protected":false},"excerpt":{"rendered":"<p>Protokoll vom 26.11.2018 Tagesordnung: 1.Formalia 2. StuRa 2.1. Bericht aus dem StuRa 2.2. Bewerbungen 2.3. Finanzantr\u00e4ge 2.4. Sonstige Antr\u00e4ge 3. Bericht BufaTa 4. Fachschaftsarbeit 4.1. Kaffee 4.2. Party 4.3. H\u00fctte 4.4. Finanzen 4.5. Berufsperspektiven 4.6. Nachh\u00fcttenparty 4.7. T-Shirts und Logo 4.8. Anfrage Referat gegen Faschismus 4.9. Whatsapp-Gruppe 5. Termine und Sonstige 6. Lob und Tadel [&hellip;]<\/p>\n","protected":false},"author":14,"featured_media":0,"comment_status":"closed","ping_status":"closed","sticky":false,"template":"","format":"standard","meta":{"iawp_total_views":0,"footnotes":""},"categories":[18],"tags":[],"class_list":["post-2489","post","type-post","status-publish","format-standard","hentry","category-protokolle"],"_links":{"self":[{"href":"https:\/\/www.fspolitik.de\/index.php?rest_route=\/wp\/v2\/posts\/2489","targetHints":{"allow":["GET"]}}],"collection":[{"href":"https:\/\/www.fspolitik.de\/index.php?rest_route=\/wp\/v2\/posts"}],"about":[{"href":"https:\/\/www.fspolitik.de\/index.php?rest_route=\/wp\/v2\/types\/post"}],"author":[{"embeddable":true,"href":"https:\/\/www.fspolitik.de\/index.php?rest_route=\/wp\/v2\/users\/14"}],"replies":[{"embeddable":true,"href":"https:\/\/www.fspolitik.de\/index.php?rest_route=%2Fwp%2Fv2%2Fcomments&post=2489"}],"version-history":[{"count":4,"href":"https:\/\/www.fspolitik.de\/index.php?rest_route=\/wp\/v2\/posts\/2489\/revisions"}],"predecessor-version":[{"id":2491,"href":"https:\/\/www.fspolitik.de\/index.php?rest_route=\/wp\/v2\/posts\/2489\/revisions\/2491"}],"wp:attachment":[{"href":"https:\/\/www.fspolitik.de\/index.php?rest_route=%2Fwp%2Fv2%2Fmedia&parent=2489"}],"wp:term":[{"taxonomy":"category","embeddable":true,"href":"https:\/\/www.fspolitik.de\/index.php?rest_route=%2Fwp%2Fv2%2Fcategories&post=2489"},{"taxonomy":"post_tag","embeddable":true,"href":"https:\/\/www.fspolitik.de\/index.php?rest_route=%2Fwp%2Fv2%2Ftags&post=2489"}],"curies":[{"name":"wp","href":"https:\/\/api.w.org\/{rel}","templated":true}]}}