{"id":2757,"date":"2018-11-12T23:13:05","date_gmt":"2018-11-12T21:13:05","guid":{"rendered":"http:\/\/www.fspolitik.de\/?p=2757"},"modified":"2019-01-08T23:17:45","modified_gmt":"2019-01-08T21:17:45","slug":"protokoll-der-fachbereichssitzung-vom-12-11-2018","status":"publish","type":"post","link":"https:\/\/www.fspolitik.de\/?p=2757","title":{"rendered":"Protokoll der Fachbereichssitzung vom 12.11.2018"},"content":{"rendered":"\n<p>Tagesordnung:<\/p>\n\n\n\n<p>1. Formalia<\/p>\n\n\n\n<p>2. Frage der FS Geschichte<\/p>\n\n\n\n<p>3. StuRa&nbsp;<\/p>\n\n\n\n<p>&nbsp;&nbsp;&nbsp; 3.1. Bericht aus dem StuRa&nbsp;<\/p>\n\n\n\n<p>&nbsp;&nbsp;&nbsp; 3.2. Bewerbungen&nbsp;<\/p>\n\n\n\n<p>&nbsp;&nbsp;&nbsp; 3.3. Finanzantr\u00e4ge&nbsp;<\/p>\n\n\n\n<p>&nbsp;&nbsp;&nbsp; 3.4. Sonstige Antr\u00e4ge&nbsp;<\/p>\n\n\n\n<p>4. Podiumsdiskussion<\/p>\n\n\n\n<p>5. Fachschaftsarbeit&nbsp;<\/p>\n\n\n\n<p>&nbsp;&nbsp;&nbsp; 5.1. Kaffee&nbsp;<\/p>\n\n\n\n<p>&nbsp;&nbsp;&nbsp; 5.2. Party&nbsp;<\/p>\n\n\n\n<p>&nbsp;&nbsp;&nbsp; 5.3. H\u00fctte<\/p>\n\n\n\n<p>&nbsp;&nbsp;&nbsp; 5.4 H\u00fcttennachparty<\/p>\n\n\n\n<p>&nbsp;&nbsp;&nbsp; 5.5. Finanzen<\/p>\n\n\n\n<p>&nbsp;&nbsp;&nbsp; 5.6. Berufsperspektiven<\/p>\n\n\n\n<p>&nbsp;&nbsp;&nbsp; 5.7 KG4-Vernetzungsgl\u00fchwein<\/p>\n\n\n\n<p>&nbsp;&nbsp;&nbsp; 5.8 Fachschafts-WhatsApp-Gruppe<\/p>\n\n\n\n<p>6. Termine und Sonstiges\u00a0<\/p>\n\n\n\n<!--nextpage-->\n\n\n\n<p>Tagesordnung<\/p>\n\n\n\n<p>1. Formalia<\/p>\n\n\n\n<p>Redeleitung (m*): L.L.<\/p>\n\n\n\n<p>Protokoll: A.Z.<\/p>\n\n\n\n<p>Beschlussf\u00e4higkeit: ja<\/p>\n\n\n\n<p>Genehmigung des Protokolls: keine Anmerkungen, genehmigt<\/p>\n\n\n\n<p>Vorschl\u00e4ge zur TO:&nbsp;<\/p>\n\n\n\n<p>2. Frage der FS Geschichte<\/p>\n\n\n\n<p>Geschichte und Anglistik wollen ihre H\u00fctte rekapitulieren\nund brauchen daf\u00fcr den \u00dcR1. K\u00f6nnen wir den Raum tauschen?<\/p>\n\n\n\n<p>M.M.: Prinzipiell ja, aber es k\u00f6nnte unten ein bisschen eng\nwerden.<\/p>\n\n\n\n<p>J.H.: Ja, aber f\u00fcr einmal k\u00f6nnen wir uns doch unten\nreinquetschen. Da k\u00f6nnte man ruhig ein bisschen solidarisch sein.<\/p>\n\n\n\n<p>L.B.: Die FS Geschichte k\u00f6nnte ja einen Kasten Pilsbier\nbereitstellen [Zustimmung]<\/p>\n\n\n\n<p>es gibt einen Deal!<\/p>\n\n\n\n<p>M.M.: es muss jmd \u00fcber den Verteiler schicken. Ich machs.<\/p>\n\n\n\n<p>3. StuRa&nbsp;<\/p>\n\n\n\n<p>&nbsp;&nbsp;&nbsp; 3.1. Bericht aus dem StuRa<\/p>\n\n\n\n<ul class=\"wp-block-list\"><li>&nbsp;Urabstimmung\n     (alle 3 Fragen) wurde im StuRa angenommen, WSSK pr\u00fcft gerade die\n     Fragen&nbsp;&nbsp;&nbsp;<\/li><li>Am\n     Donnerstag ab 19:00 Uhr im Audimax: lange Nacht der Uni<\/li><li>Haushalt\n     verz\u00f6gert sich um eine Woche<\/li><li>Die\n     Daten der Doktorand*innen (die rausfallen) fehlen noch<\/li><li>Haben\n     einige Ver\u00e4nderungen verschiedener Finanzt\u00f6pfe entworfen<\/li><li>werden\n     demn\u00e4chst die nicht abgerufenen Mittel der Fachschaften online zu\n     ver\u00f6ffentlichen<\/li><li>Bzw.\n     werden es auch ans Pr\u00e4sidium schicken, die dies dann mit dem\n     Sitzungsanhang rumschicken kann<\/li><li>Vorbesprechung\n     Jour Fix (Dienstag)<\/li><li>Themenvorschl\u00e4ge<\/li><li>Nachtschlie\u00dfung\n     nochmal ansprechen (in einem sp\u00e4teren JF, da das n\u00e4chste zeitlich sehr eng\n     wird)<\/li><li>Brief\n     vom Landesrechnungshof<\/li><li>Stand\n     wird erfragt werden, aber nicht im JF<\/li><li>Stand\n     Fahrradverleihsystem<\/li><li>Wir\n     k\u00f6nnen nicht \u00fcber die Doktorand*innenfinanzen entscheiden und\n     dementsprechend auch nicht die Kooperation f\u00fcr Doktorand*innen mit\n     abschlie\u00dfen<\/li><li>Wir\n     sind aber in Gespr\u00e4chen mit der Vertretung der Doktorand*innen um diese\n     auch in die Kooperation mit einzuschlie\u00dfen<\/li><li>Der\n     Preis wird (vermutlich) von 1,75\u20ac pro Student*in auf 1,50\u20ac pro Student*in\n     im Semester sinken<\/li><li>Apell:\n     Stellt (trotz der Platzproblematik) eure Fahrr\u00e4der nicht in Fluchtwegen\n     ab!<\/li><li>Demn\u00e4chst:\n     Freiburger Asten Konferenz<\/li><li>Demn\u00e4chst\n     die FETA (Freiburger Einf\u00fchrungstage des Astas)<\/li><li>Termin\n     12.11 &#8211; 16.11<\/li><li>Haftpflicht\n     f\u00fcr Studierendenvertretung eventuell m\u00f6glich<\/li><li>Haushaltsbeauftragte\n     wird weiter recherchieren<\/li><\/ul>\n\n\n\n<p>&nbsp;&nbsp;&nbsp; 3.2. Bewerbungen&nbsp;<\/p>\n\n\n\n<ul class=\"wp-block-list\"><li>David\n     Feeney (StuRa-Pr\u00e4sidium)<\/li><li>Diskussion:<\/li><\/ul>\n\n\n\n<p>\u00a0J.A.: Er war vor langer Zeit schon aktiv (das behauptete er zumindest). Er studiert mittlerweile Informatik. Er wurde heute vorsichtshalber mal eingearbeitet. Man kann ihn schon w\u00e4hlen, auch wenn er fr\u00fcher nicht besonders zuverl\u00e4ssig war, das hat sich aber ge\u00e4ndert, glaube ich.<\/p>\n\n\n\n<ul class=\"wp-block-list\"><li>Abst.:\n     bei vier Enthaltungen angenommen<\/li><\/ul>\n\n\n\n<p>&nbsp;&nbsp;&nbsp; 3.3. Finanzantr\u00e4ge&nbsp;<\/p>\n\n\n\n<p>&nbsp;Keine.<\/p>\n\n\n\n<p>&nbsp;&nbsp;&nbsp; 3.4. Sonstige Antr\u00e4ge&nbsp;<\/p>\n\n\n\n<ul class=\"wp-block-list\"><li>Notlagenfinanzierung\n     (Moritz May, Juso-Hochschulgruppe)<\/li><li>Diskussion:\n     GO auf Vertagung, angenommen<\/li><li>Abst.:<\/li><\/ul>\n\n\n\n<p>3. Podiumsdiskussion<\/p>\n\n\n\n<p>&nbsp;J.A.: Das Artik hat uns angefragt f\u00fcr eine Podi zur\nKommunalwahl. Das haben wir letztes Jahr such schon gemacht zur OB-Wahl, das\nwar auch ganz super. Der kritische Punkt ist, dass man vermutlich die AfD\neinladen m\u00fcsste, wo wir letztes Mal dagegen waren. Das haben wir dem Artik auch\nschon r\u00fcckgemeldet. Die Antwort kam ja \u00fcber den Verteiler. Noch ist nichts\nklar. Deshalb wollten wir heute nochmal weiter diskutieren, wie wir zur AfD\nstehen und ob wir mitmachen wollen.<\/p>\n\n\n\n<p>Mo.M\u00fc.: Das Artik hat auch gesagt, dass sie unter sich auch noch nicht gekl\u00e4rt haben, ob die AfD eingeladen wird, da steht also noch nichts fest.<\/p>\n\n\n\n<p>&nbsp;Ha.He: Ich finde es eine wichtige Sache solche Formate\nf\u00fcr junge Leute anzubieten. Mit der AfD ist es folgendes: Sollte man alle\nListen einladen, w\u00e4ren es 15 Listen, die AfD h\u00e4tte also nicht so einen gro\u00dfen\nSlot. Ich finde es sollte nicht an dieser Frage scheitern, auch wenn ich\nverstehen kann, dass man die AfD nicht dabei haben wollte. Es w\u00e4re einfach\ncool, wenn von uns 2, 3 Leute hingehen, um sich einzubringen.<\/p>\n\n\n\n<p>L.B.: Das erste Treffen ist schon n\u00e4chste Woche am 22.11 (20 Uhr). Ich w\u00fcrde auch bef\u00fcrworten, dass da jmd hingeht, wir k\u00f6nnen ja auf alle Fragen noch Einfluss nehmen.<\/p>\n\n\n\n<p>Ma.Ma.:Ich finde auch wir sollten so oder so jmd hin schicken, aber es w\u00e4re wichtig, dass wir jetzt vor dem ersten Treffen schon einen Standpunkt zur Einladung der AfD haben.<\/p>\n\n\n\n<p>&nbsp;L.L.: ICh finde auch, wir sollten eine geschlossene\nMeinung dazu haben. Aber wir sollten auch differenzieren, ob wir nur dagegen\nsind, oder ob wir wirklich nicht teilnehmen, wenn die AfD eingeladen\nwird.&nbsp;<\/p>\n\n\n\n<p>S.T.: Also ich glaube auch dass die AfD schei\u00dfe ist. Aber\nich finde trotzdem man sollte sie einladen, weil dann bekommt man auch deren\nW\u00e4hler*innen. Und wenn sie schei\u00dfe labern auf der B\u00fchne kann man sie ja\nargumentativ zerlegen.<\/p>\n\n\n\n<p>A.Z.: Artik und Format krass anspechend? Argument, dass wir\nW\u00e4hlerInnen erreichen, ist nicht sicher, hat eigentlich noch nie argumentiert,\nArgumente bringen nichts, Frage ob wir den Leuten eine B\u00fchne bieten wollen,\nGefahr dass leute kommen, die die Veranstaltung st\u00f6ren<\/p>\n\n\n\n<p>L.S.: stimmt A.Z. zu, \u00fcberzeugte W\u00e4hlerInnen kriegt man\ndamit nicht \u00fcberzeugt, sondern die die nicht entschieden sind, AfD sollte keine\nB\u00fchne geboten werden, an HaHe,. anschlie\u00dfen: Auch andere Parteien k\u00f6nnten\nproblematisch sein<\/p>\n\n\n\n<p>\u00a0I.K.: Ich w\u00fcrde A. und L. zustimmen. Ich glaube nicht, dass wir AfD-W\u00e4hler*innen da hin bekommen. Weil das sind gr\u00f6\u00dftenteils Hardliner*innen, die politikverdrossen sind und sich f\u00fcr sowas nicht interessieren. Ich glaube au\u00dferdem, es wird genug Veranstaltungen geben, wo alle eingeladen sind, deshalb sehe ich jetzt nicht die Notwendigkeit, dass wir was unterst\u00fctzen, wo die dabei sind.<\/p>\n\n\n\n<p>P.S.: Ich glaube auch, dass es wenig Sinn macht, die AfD einzuladen. Aber wir sollten das auch gut begr\u00fcnden, dass sie sich nicht als Opfer inszenieren k\u00f6nnen. Zum Beispiel, dass sie aktuell nicht im Gemeinderat sitzen?<\/p>\n\n\n\n<p>L.F..: gibt es schon Themen? Weil wenn AfD kommt, beschr\u00e4nkt\nes sich oft auf ein einziges Thema, wie wollen auch \u00fcber andere Themen\ndiskutieren (k\u00f6nnen), aber wenn keine Podiumsdiskussion zu stande kommt, w\u00e4re\nauch schade (nur weil es Unklarheiten gibt)<\/p>\n\n\n\n<p>Ha.He.: Ich glaube es k\u00f6nnte rechtlich etwas schwierig\nwerden, die AfD auszuladen. Da die AfD jetzt im Bundestag sitzt, zieht das auch\nnicht mehr. Wir m\u00fcssen als Organ der VS politische Neutralit\u00e4t wahren. Auch das\nArtik wird st\u00e4dtisch unterst\u00fctzt, deshalb glaube ich, dass es rechtlich echt\nschwierig wird, die AfD da auszuladen.<\/p>\n\n\n\n<p>Ma.Ma.: Ich glaube vor einem Jahr h\u00e4tte ich so \u00e4hnlich\nargumentiert wie S.T., aber jetzt sehe ich das einfach so, dass diese Partei\nein Gedankengut verbreitet, das diversen Gruppen ihr Rechte absprechen will,\nseien es Frauen* oder Migrant*innen. Und es wird wirklich genug Formate geben,\nbei denen die AfD dabei ist. Und die Leute, die sich zur AfD hingezogen f\u00fchlen,\nwerden eh eher nicht zu so einer Veranataltung des Artik kommen. Aber so oder\nso sollten wir da mitmachen, weil es eine gute Aktion ist.<\/p>\n\n\n\n<p>Histo: Wer kommt? Alles oder nur bestimmte Parteien? &#8211;> Steht noch nicht fest<\/p>\n\n\n\n<p>Ha.He.: Das steht absolut noch nicht fest.<\/p>\n\n\n\n<p>Mo.M\u00fc.: Antwort auf P.S.:Trotz rechtlicher Bedenken k\u00f6nnen\nwir uns dagegen \u00e4u\u00dfern, und sagen dass es schwierig ist, wie sich der Diskurs\nnach rechts verschoben hat. K\u00f6nnen sagen wir wollen keine Veranstaltung\nunterst\u00fctzten, die es evtl. weiter in diese Richtung dr\u00fcckt, k\u00f6nnen als FS Pol\nein Zeichen dagegen setzten<\/p>\n\n\n\n<p>I.K.: Ich meine ja es ist rechtlich etwas schwierig.\nAndererseits kann man sagen, dass die AfD eine menschenfeindliche und\ndemokratiefeindliche Partei ist, die auch in Teilen vom Verfassungsschutz\nbeobachtet hat. Ich finds da wichtig klare Kante zu zeigen.<\/p>\n\n\n\n<p>L.L.: Antowort auf L.F.: Reduktion auf ein Thema &#8211;> Wenn wir an der Planung teilnehmen, werden wir ja auch eine Einfluss auf die Themenwahl haben. Ich f\u00e4nde es auch ganz wichtig, dass wir am Planungsprozess teilnehmen. Deshalb bin ich auch dagegen, dass wir aus dem Projekt aussteigen, wenn die AfD teilnehmen sollte.\u00a0<\/p>\n\n\n\n<p>L.F.: stimmt, wir k\u00f6nnen Themen festlegen, aber aus meiner\nErfahrung gibt es immer einen Weg, zu dem Thema (Migration) zur\u00fcckzukommen\n(wenn die AfD teilnimmt)<\/p>\n\n\n\n<p>S.T.: Ich glaube man muss sich leider&nbsp;Gottes&nbsp;mit\nder AfD auseinandersetzen. Wenn 15% diese Partei w\u00e4hlen, kann man nicht sagen.\ndass die alle dumm sind oder Nazis sind, das stimmt nicht. Es bringt einfach\nnichts, die AfD aus dem Diskurs auszugrenzen, sondern uns ihnen argumentativ\nentgegen stellen und sie blo\u00df stellen.<\/p>\n\n\n\n<p>I.K.: Ich w\u00fcrde vehement widersprechen. Die AfD ist seit\neinigen Jahren pr\u00e4sent und wir sehen, dass dieser Diskurs nicht funktioniert,\ndas ist auch durch wiss. Studien widerlegt. Es gibt diesen Rechtsruck in D und\nder steigt, je mehr B\u00fchne die AfD bekommt. Au\u00dferdem riskieren wir, dass\nMenschen, die z.B. Migrationshintergrund haben oder queer sind, nicht zur\nDiskussion kommen, weil sie Angst vor dem AfD-Klientel haben. Und diese Leute\nzu sch\u00fctzen ist mir eindeutig wichtiger.<\/p>\n\n\n\n<p>J.H.: Stimme L.F. zu, diverse Talkshow haben \u00e4hnliche Situation, zB. auch bei der Diskkussion zur BT-Wahl, wenn AfD dabei ist wird jedes Thema zu Migration zur\u00fcckkommen, wollen sie prinzipiell nicht dabeihaben<\/p>\n\n\n\n<p>L.B.: Ich finde, weil das alles noch sehr unklar ist, auch\nrechtlich. Ich w\u00fcrde jetzt mal pragmatisch und ideologiefrei voschlagen, dass\nwir uns einbringen bei der Planung der Veranstaltung und uns da mal hinsetzen,\nuns gegen die AfD auszusprechen und falls sie teilnehmen sollten, k\u00f6nnen wir\nimmer noch entscheiden, ob wir weiter mitmachen, oder nicht.<\/p>\n\n\n\n<p>GO-Antrag: Schlie\u00dfung der Redeliste, keine Gegenrede<\/p>\n\n\n\n<p>L.F.: Antwort auf S.T.: Ich finde es auch wichtig, dass man\nargumentativ gegen solches Meinungsgut vorgeht. Daf\u00fcr ist eine Podi zur\nKommunalwahl aber der falsche Ort. Weil da soll es um kommunale Themen gehen\nund nicht um ideologische Grundsatzdiskussionen.<\/p>\n\n\n\n<p>L.S.: Es sind zwei Fragen: Sind wir f\u00fcr oder gegen die\nTeilnahme der AfD? Und wenn die AfD kommt, wie gehen wir dann weiter vor? Das\nsind zwei seperate Dinge, die wir nicht jetzt beschlie\u00dfen m\u00fcssen.<\/p>\n\n\n\n<p>Ma.Ma.: Verfahrensvorschlag. Was wir machen, falls die AfD\nteilnimmt, k\u00f6nnen wir das alles nochmal diskutieren. Aber wir sollten jetzt\nerstmal ein paar Leute zum ersten Treffen n\u00e4chste Woche schicken.<\/p>\n\n\n\n<p>Ha.He.: Verfahrensvorschlag: Wir sollten es weiter fassen\nals die AfD und generell von Gruppierungen sprechen, die rassistische,\nmenschenverachtende Meinungen vertreten. Dann h\u00e4tten wir ein bisschen unsere\nparteipolitische Neutralit\u00e4t gewahrt und w\u00e4ren gleichzeitig vorbereitet sollten\nweitere solche Parteien auftauchen.<\/p>\n\n\n\n<p>N.H.: Zu I.K. Ich denke, dass die AfD in ihrer heutigen Form\neher ein Symptom als die Ursache des Rechtsruck ist. Deshalb k\u00f6nnte die\nAusgrenzung eher der AfD nutzen.<\/p>\n\n\n\n<p>Histo: h\u00e4tte gerne, dass sich meine FS gegen die AfD\nausspricht, Diskussion wird sich eh nur um ein Thema drehen (Migrationsdebatte,\nVergewaltigung in Freiburg), AfD liegt in Frbg weit unter 10%, Partei braucht\nkeiner auf der Podiumsdiskussion, eh nicht relevant, zumal im Artik, der*die\ntypische AfD-W\u00e4hlerIn geht nicht ins Artik<\/p>\n\n\n\n<p>GO-Antrag: Abstimmung \u00fcber Ha.He. Vorschlag:<\/p>\n\n\n\n<p>Gegen menschenfeindliche, rassistische, sexistische,&#8230;\nGruppen auf der Podiumsdiskussion<\/p>\n\n\n\n<p>Gegenrede I.K.: Welche Parteien sind damit noch gemeint?<\/p>\n\n\n\n<p>Abstimmung \u00fcber GO: 13\/0\/3 &#8211;&gt; angenommen<\/p>\n\n\n\n<p>Abstimmung \u00fcber Vorgehensweise (menschenverachtende Parteien\nausschlie\u00dfen): 13\/3\/0 -&gt;angenommen: Die FS Politik spricht sich gegen die\nEinladung von Parteien und Gruppierungen, die menschenveratende Inhalte\ntransportieren, aus.<\/p>\n\n\n\n<p>Ma.Ma.: Wer w\u00fcrde da denn hingehen, wir schicken es auch\nnochmal \u00fcber den Verteiler<\/p>\n\n\n\n<p>&#8211;&gt; N.H., J.-B.T., S.T.<\/p>\n\n\n\n<p>5. Fachschaftsarbeit&nbsp;<\/p>\n\n\n\n<p>&nbsp;&nbsp;&nbsp; 4.1. Kaffee<\/p>\n\n\n\n<ul class=\"wp-block-list\"><li>Milch,\n     Zucker, Butterkekse kann aus AStA mitgenommen werden<\/li><li>vlt.\n     trotzdem noch ein paar Kekse kaufen (auch vegane)<\/li><li>L.L.\n     kauft ein<\/li><li>Soja-Milch\n     haben wir noch<\/li><li>Schichten:\n     12-13 Uhr Luca, Lena<\/li><\/ul>\n\n\n\n<p>&nbsp;&nbsp;&nbsp;&nbsp;&nbsp;&nbsp;&nbsp;&nbsp;&nbsp;&nbsp;&nbsp;&nbsp;&nbsp;&nbsp;&nbsp;&nbsp;&nbsp;&nbsp;&nbsp;&nbsp;&nbsp;&nbsp;\n13-14 Uhr Paul, Lenni<\/p>\n\n\n\n<p>&nbsp;&nbsp;&nbsp; 4.2. Party<\/p>\n\n\n\n<ul class=\"wp-block-list\"><li>Booking      steht bis auf ersten Slot auf dem gro\u00dfen Floor (wir rechnen mit ca. 600\u20ac      Kosten f\u00fcr DJs und DJanes)<\/li><li>haben      letztes Jahr Tringeld gegeben, wenn Party gut lief<\/li><li>2tr      Slot Goldfrettchen, 3er name?, sollen ~3 Leute daf\u00fcr auf G\u00e4steliste      setzten<\/li><li>900      \u20ac ans Artik, daf\u00fcr ist aber T\u00fcr, Garderobe und Gema mit drin<\/li><li>wir      haben damals Security gezahlt, Artik hat es gebucht<\/li><li>wir      haben Garderobe gemacht, haben DJs und DJanes bezahlt<\/li><li>haben      Shotbar gemacht<\/li><li>normale      Bar ist Artik betrieben (keine Einnahmen f\u00fcr uns)<\/li><li>wir      w\u00fcrden dieses mal nur die Kasse machen und unsere Shotbar, die ist dieses      Mal auch am Eingang vom gro\u00dfen Floor, was top ist (Schichteneinteilung      machen wir nach dem ersten Plakatetreffen)<\/li><li>Eintritt      mit 5\u20ac sinnvoll, haben Kosten von ~1700\u20ac<\/li><li>Treffen      am Bus- und Betttag:\u00a0 21.11, 20 Uhr im AStA<\/li><li>Party      ist am 11.1.<\/li><li>Awareness-Konzept      \u00fcberarbeiten und mit T\u00fcr treffen<\/li><li>letztes      Jahr ganz ok, aber gab keine Vorf\u00e4lle wo man h\u00e4tte einschreiten m\u00fcssen<\/li><li>aber      gut wenn es Leute gibt, die aufpassen<\/li><li>haben      ein Konzept (Mo.M\u00fc.), w\u00fcrde sich nochmal dransetzten und das mit Leuten      \u00fcberarbeiten (meldet euch bei Mo.M\u00fc.!)<\/li><li>mit      T\u00fcr-Menschen treffen, k\u00f6nnen wir aber am Tag der Party mittags machen<\/li><li>\u00a0Diskussion:<\/li><li>Ha.He.:      Uns f\u00e4llt also das Geld weg, das wir bei der Garderobe einnehmen.<\/li><li>A.Z.:      wird wahrscheinlich fast aufs Gleiche hinauskommen, Garderobe vlt.      200-300\u20ac, aber ist auch ultra stressig, sollten noch abkl\u00e4ren welche Anlagen MusikerInnen brauchen, oder ob wir Kram ausleihen m\u00fcssen?<\/li><li>P.S.:      F.R. hat Infos aufgeschrieben, Artik hat wohl aufgestockt,\u00a0 sollten      mal ihn fragen.<\/li><li>Ha.He:      Wenn ausgaben klar sind mal durchrechnen, wie wir mit Eintrittsgeldern      hinkommen, Soli-System? klappt bei manchen Leuten<\/li><li>A.Z.:      k\u00f6nnen es schon versuchen, aber 5\u20ac ist schon nicht so wenig (ist aber      gerechtfertigt), und bei 5\u20ac brauchen wir fast kein Wechselgeld, k\u00f6nnen im      AK mal dr\u00fcber diskutieren<\/li><li>L.L.:      vielleicht kommt ja trotzdem ein bisschen was rein<\/li><li>J.-B.T.:      Infos Versicherung? A.Z.: Passt<\/li><li>Ha.He.:      5\u20ac inzwischen (leider) fast schon g\u00fcnstig, haben schlie\u00dflich ein gutes  Lineup, k\u00f6nnte mal schauen wie viele andere FS-Partys verlangen, kein \u00fcbertrieben hoher PReis, aber m\u00fcssen auch Plus machen, k\u00f6nnnen mit Medi-Party und PhysRom-Party mithalten<\/li><li>I.K.:      lieber 6\u20ac, und Gefl\u00fcchtete und m\u00fcssen dann nicht zahlen, damit nicht nur rich-kids reinkommen<\/li><li>A.Z.:      k\u00f6nnen sich nicht nur Richkids leisten, Gefl\u00fcchtete kommen eh umsonst  rein, zu Ha.He.: haben nicht so viel eingenommen in Verh\u00e4ltnis dazu, wie  viel Aufwand es ist, letztes Jahr lief Shotbar nicht gut, dieses Jahr liegt die ShotBar besser, k\u00f6nnen uns die 6\u20ac mal \u00fcberlegen<\/li><li>L.L.:      Gut zum Soli: wichtig, dass gut Geld reinkommt, aber trotzdem keiner  abgezogen wird; Gl\u00fccksrad (Soli-Stand): Spiel, damit leute es witzig  finden und Soli zahlen<\/li><li>I.K.:      Das m\u00fcssen wir andersrum machen und sagen wir nehemn 6\u20ac UND SIE K\u00d6NNEN MIT  DEM RAD 1 \u20ac BIS 50ct sparen.<\/li><li>J.H.:      Erg\u00e4nzung: Argument f\u00fcr 5\u20ac stimmt (runder Betrag), wollten eigentlich nie      \u00fcber 5\u20ac kommen, aber Zeiten \u00e4ndern sich, schwierig zu sagen, dass nur      Gefl\u00fcchtete umsonst reinkommen, aber auch andere k\u00f6nnen finanzielle Probleme haben<\/li><li>GO-Antrag:      Verlagern in AK &#8211;> keine Gegenrede<\/li><\/ul>\n\n\n\n<p>&nbsp;&nbsp;&nbsp; 4.3. H\u00fctte<\/p>\n\n\n\n<ul class=\"wp-block-list\"><li>\u00a0Danke schonmal an alle, die etwas vorbereitet und gemacht haben!<\/li><li>\u00a0Feedbackrunde<\/li><li>super  geil, danke, hat Spa\u00df gemacht [viel Zustimmung]<\/li><li>Werwolf      hat gefehlt (#sad)<\/li><li>Der      Aufenthaltsraum war halt etwas klein, weshalb die Spiele etwas gefahlt      haben, was aber insgesamt auch eigentlich nicht schlimm war. Im Gro\u00dfen und      Ganzen wars echt toll<\/li><li>Auch  negatives Feedback kann gerne an <a rel=\"noreferrer noopener\" href=\"mailto:fspolitik@stura.org\" target=\"_blank\">fspolitik@stura.org<\/a><\/li><li>H\u00fctte  f\u00fcr n\u00e4chstes Jahr schon gebucht: Senklerhof\u00a0<\/li><li>Sommerh\u00fctte<\/li><li>Mietvertrag\u00a0  f\u00fcrs Posth\u00e4usle ist da. Dem liegt eine      Haftungserkl\u00e4rung\/Versicherungsnachweis bei die unterschrieben      werden\u00a0 muss. Wer haftpflichtversichert ist und da unterschreiben      w\u00fcrde melde sich bei L.B.<\/li><li>Es geht im Prinzip nur darum, dass wir garantieren alle Sch\u00e4den die wir an  der H\u00fctte verursachen zu zahlen<\/li><li>falls  was kaputt geht, \u00fcbernimmt das die FS (es sei denn die Person ist selber Schuld)<\/li><li>das geht auch mit Familienhaftpflicht<\/li><li>BALD!!!<\/li><\/ul>\n\n\n\n<p>GO-Antrag: Erstmal Finanzen H\u00fctte &#8211;> keine Gegenrede<\/p>\n\n\n\n<p>&nbsp;&nbsp;&nbsp; 4.4. Finanzen&nbsp;<\/p>\n\n\n\n<ul class=\"wp-block-list\"><li>&nbsp;Kosten\n     H\u00fctte:<\/li><li>bisher\n     ausgegeben ca. 1200\u20ac, fehlen noch H\u00fctte, Getr\u00e4nke, Auto &#8211;&gt;l\u00e4uft am\n     Ende wohl auf Kosten von ca. 2000\u20ac hinaus<\/li><li>reingeholt\n     \u00fcber Teilnahmebeitr\u00e4ge: ca.1700\u20ac<\/li><li>alle,\n     die noch nicht gezahlt haben bitte \u00fcberweisen an&nbsp;<\/li><\/ul>\n\n\n\n<p>&nbsp;&nbsp;&nbsp;&nbsp;&nbsp;&nbsp;&nbsp;&nbsp;&nbsp;&nbsp;&nbsp;&nbsp;&nbsp;&nbsp;&nbsp;&nbsp;&nbsp;&nbsp;&nbsp;\nAnna Zimmer, DE58 4306 0967 7926 6126 00, BIC: GENODEM1GLS<\/p>\n\n\n\n<p>&nbsp;&nbsp;&nbsp;&nbsp;&nbsp;&nbsp;&nbsp;&nbsp;&nbsp;&nbsp;&nbsp;&nbsp;&nbsp;&nbsp;&nbsp;&nbsp;&nbsp;&nbsp;&nbsp;\nwer nicht wei\u00df, wie viel er*sie zahlen soll kann bei A.Z. nachfragen<\/p>\n\n\n\n<ul class=\"wp-block-list\"><li>Zuschuss\n     durch die FS: ca. 300\u20ac<\/li><\/ul>\n\n\n\n<ul class=\"wp-block-list\"><li>Fachbereichsbudget\n     noch etwas \u00fcber 1200\u20ac: die lassen wir jetzt fast komplett \u00fcber die H\u00fctte\n     und die Erstiwoche auszahlen<\/li><\/ul>\n\n\n\n<ul class=\"wp-block-list\"><li>Finanzantrag\n     H\u00fctte<\/li><li>beantragt:\n     1000\u20ac<\/li><li>Diskussion:\n     \/<\/li><li>Abst.:\n     Mehrheit\/keiner\/1 -&gt; angenommen<\/li><\/ul>\n\n\n\n<ul class=\"wp-block-list\"><li>StuRa\n     hat 450\u20ac f\u00fcr die Fahrtkosten zur BuFaTa genehmigt, die restlichen 330\u20ac\n     \u00fcbernimmt die FS<\/li><li>aktueller\n     Kontostand: 1800\u20ac<\/li><\/ul>\n\n\n\n<p>&nbsp;&nbsp; 4.5. H\u00fcttennachparty<\/p>\n\n\n\n<ul class=\"wp-block-list\"><li>In\n     den letzten Jahren immer als Mottoparty im Dezember in der Vaubar.<\/li><li>Wer\n     wills organisieren?<\/li><li>Wer\n     schickt eine Einladung und ein Mottopad und Termindoodle \u00fcber den\n     Verteiler? J.A.<\/li><li>L.F.:\n     Kann wenn es soweit ist die Vaubar mieten.<\/li><\/ul>\n\n\n\n<p>&nbsp;&nbsp;&nbsp; 4.6. Berufsperspektiven<\/p>\n\n\n\n<p>&nbsp;&nbsp;&nbsp;&nbsp;&nbsp;&nbsp;&nbsp; GO-Antrag:\nVertagung&#8211;&gt;angenommen<\/p>\n\n\n\n<p>&nbsp;&nbsp;&nbsp; 4.7. KGIV-Vernetzungsgl\u00fchwein<\/p>\n\n\n\n<ul class=\"wp-block-list\"><li>Einladung\n     von K.K. bekommen (oder ganze Anglistik OMG?!)<\/li><li>Histos\n     haben schon Interesse bekundet<\/li><li>Zusagen\n     (Wer macht das?)<\/li><\/ul>\n\n\n\n<p>&nbsp;&nbsp;&nbsp; 4.8. Fachschafts-WhatsApp-Gruppe<\/p>\n\n\n\n<p>&nbsp;&nbsp;&nbsp;&nbsp;&nbsp;&nbsp;&nbsp;&nbsp;&nbsp;&nbsp;&nbsp;\nGO-Antrag: vertagen<\/p>\n\n\n\n<p>5. Termine und Sonstiges<\/p>\n\n\n\n<ul class=\"wp-block-list\"><li>Mail-Verteiler<\/li><li>Verteiler\n     ist neuerdings so eingestellt, dass die Absendeadressen versteckt werden<\/li><li>das\n     l\u00e4sst sich \u00e4ndern, allerdings w\u00e4re das schlechter f\u00fcr den Datenschutz<\/li><li>alternativ\/zus\u00e4tzlich\n     kann man auch umstellen, dass wenn man antwortet, man nicht mehr\n     automatisch an den Verteiler antwortet, sondern an die Person, von der die\n     Ursprungsmail gekommen ist<\/li><li>Wie\n     verbleiben?<\/li><li>Vertagt:\n     Details n\u00e4chste Woche<\/li><li>Stand\n     Homepage?<\/li><li>Vertagt<\/li><\/ul>\n\n\n\n<p><strong>Freiburger Einf\u00fchrungstage des AStA (FETA)<\/strong><\/p>\n\n\n\n<p>Montag, 12.11.2018, 16-18 Uhr im Studierendenhaus (Konf2):\nWorkshop zur Einf\u00fchrung in die Hochschulpolitik (organisiert vom Referat f\u00fcr\nHochschulpolitik und Referat f\u00fcr<\/p>\n\n\n\n<p>Kommunikation und Wissenssicherung).<\/p>\n\n\n\n<p>Dienstag, 13.11.2018, 16-18 Uhr im Studierendenhaus (Konf2):\nVorstellung des Antidiskriminierungsreferats mit Kaffee und Keksen.<\/p>\n\n\n\n<p>Mittwoch, 14.11.2018, 16-18 Uhr im Studierendenhaus (Konf1):\nWorkshop zu Partizipation von Frauen in der Politik (organisiert vom\nGenderreferat).<\/p>\n\n\n\n<p>Mittwoch, 14.11.2018, 18-20 Uhr im Studierendenhaus (Konf2):\nWorldcaf\u00e9 bei Kaffee und Kuchen mit dem Titel: Lernen am Limit-Keine Wohnung,\nkeine Kohle, kein Seminarplatz? Schluss damit! (organisiert vom AK Freie\nBildung).<\/p>\n\n\n\n<p>Donnerstag, 15.11.2018, 16-18 Uhr im Studierendenhaus\n(Konf2) Vorstellung des Sozialreferats und des Referats f\u00fcr Famili\u00e4re\nVerpflichtungen mit Kaffee und Waffeln.<\/p>\n\n\n\n<p>Freitag, 16.11.2018, 17-19 Uhr im F\u00f6rster*innenCaf\u00e9\n(Herderbau, Tennenbacherstr. 22, 1.OG): Kennenlerntreffen mit dem Umweltreferat\nbei Tee und Keksen.<\/p>\n\n\n\n<p><strong>Freitag, 16.11.2018, 20-22 Uhr im Studierendenhaus\n(Konf1): Politik, Partizipation und Pizza mit allen Referaten. &#8230; und Pizza\n&#8230;<\/strong><\/p>\n\n\n\n<p>Sonntag, 18.11.2018, 11-14 Uhr im Studierendenhaus (Konf1):\nBrunch und Buttons basteln mit dem Regenbogenreferat.<\/p>\n\n\n\n<p>19.-23.11.: Aktionstage f\u00fcr sexuelle und geschlechtliche\nVielfalt.<\/p>\n\n\n\n<p>15.11.: 19 Uhr, Audimax (KGII): Lange Nacht der Universit\u00e4t<\/p>\n\n\n\n<p>17.11., 10 Uhr vor dem Historischen Kaufhaus: Demo gegen\nreaktion\u00e4re Burschenschaften<\/p>\n\n\n\n<p>Mittwoch, 12.12. um 18 Uhr: Vollversammlung der Studierendenschaft.\nPaulussaal.<\/p>\n\n\n\n<p>6. Lob und Tadel<\/p>\n\n\n\n<ul class=\"wp-block-list\"><li>Lob  an alle, die auf der H\u00fctte waren! Es war mal wieder richtig gut!<\/li><li>Lob  an L.B. f\u00fcr pl\u00f6tzliches aber dennoch erwartetes H\u00fcttenerscheinen<\/li><li>Tadel an die Klos auf der H\u00fctte<\/li><li>Tadel an Genosse L.G. f\u00fcr \u00dcberlaufen zur FSPol Leipzig<\/li><li>Lob  f\u00fcr niemand in den Bus gekotzt<\/li><li>Lob an A.Z. f\u00fcr grandiose Kassenf\u00fchrung<\/li><li>Lob an den einen Histo\u00a0<\/li><li>Lob      an L.L. f\u00fcr starken Bierkonsum\u00a0<\/li><li>Lob      an J.E. aka FS-Mutti f\u00fcr H\u00fcttenbuchung<\/li><li>Lob  an L.L. f\u00fcr Redeleitung<\/li><\/ul>\n\n\n\n<p>Sitzung offiziell beendet, nichts wie raus hier!<\/p>\n","protected":false},"excerpt":{"rendered":"<p>Tagesordnung: 1. Formalia 2. Frage der FS Geschichte 3. StuRa&nbsp; &nbsp;&nbsp;&nbsp; 3.1. Bericht aus dem StuRa&nbsp; &nbsp;&nbsp;&nbsp; 3.2. Bewerbungen&nbsp; &nbsp;&nbsp;&nbsp; 3.3. Finanzantr\u00e4ge&nbsp; &nbsp;&nbsp;&nbsp; 3.4. Sonstige Antr\u00e4ge&nbsp; 4. Podiumsdiskussion 5. Fachschaftsarbeit&nbsp; &nbsp;&nbsp;&nbsp; 5.1. Kaffee&nbsp; &nbsp;&nbsp;&nbsp; 5.2. Party&nbsp; &nbsp;&nbsp;&nbsp; 5.3. H\u00fctte &nbsp;&nbsp;&nbsp; 5.4 H\u00fcttennachparty &nbsp;&nbsp;&nbsp; 5.5. Finanzen &nbsp;&nbsp;&nbsp; 5.6. Berufsperspektiven &nbsp;&nbsp;&nbsp; 5.7 KG4-Vernetzungsgl\u00fchwein &nbsp;&nbsp;&nbsp; 5.8 Fachschafts-WhatsApp-Gruppe 6. [&hellip;]<\/p>\n","protected":false},"author":14,"featured_media":0,"comment_status":"closed","ping_status":"closed","sticky":false,"template":"","format":"standard","meta":{"iawp_total_views":0,"footnotes":""},"categories":[18],"tags":[],"class_list":["post-2757","post","type-post","status-publish","format-standard","hentry","category-protokolle"],"_links":{"self":[{"href":"https:\/\/www.fspolitik.de\/index.php?rest_route=\/wp\/v2\/posts\/2757","targetHints":{"allow":["GET"]}}],"collection":[{"href":"https:\/\/www.fspolitik.de\/index.php?rest_route=\/wp\/v2\/posts"}],"about":[{"href":"https:\/\/www.fspolitik.de\/index.php?rest_route=\/wp\/v2\/types\/post"}],"author":[{"embeddable":true,"href":"https:\/\/www.fspolitik.de\/index.php?rest_route=\/wp\/v2\/users\/14"}],"replies":[{"embeddable":true,"href":"https:\/\/www.fspolitik.de\/index.php?rest_route=%2Fwp%2Fv2%2Fcomments&post=2757"}],"version-history":[{"count":2,"href":"https:\/\/www.fspolitik.de\/index.php?rest_route=\/wp\/v2\/posts\/2757\/revisions"}],"predecessor-version":[{"id":2759,"href":"https:\/\/www.fspolitik.de\/index.php?rest_route=\/wp\/v2\/posts\/2757\/revisions\/2759"}],"wp:attachment":[{"href":"https:\/\/www.fspolitik.de\/index.php?rest_route=%2Fwp%2Fv2%2Fmedia&parent=2757"}],"wp:term":[{"taxonomy":"category","embeddable":true,"href":"https:\/\/www.fspolitik.de\/index.php?rest_route=%2Fwp%2Fv2%2Fcategories&post=2757"},{"taxonomy":"post_tag","embeddable":true,"href":"https:\/\/www.fspolitik.de\/index.php?rest_route=%2Fwp%2Fv2%2Ftags&post=2757"}],"curies":[{"name":"wp","href":"https:\/\/api.w.org\/{rel}","templated":true}]}}