{"id":2784,"date":"2019-01-26T22:14:43","date_gmt":"2019-01-26T20:14:43","guid":{"rendered":"http:\/\/www.fspolitik.de\/?p=2784"},"modified":"2019-01-26T22:22:52","modified_gmt":"2019-01-26T20:22:52","slug":"protokoll-der-fachbereichssitzung-vom-14-01-2019","status":"publish","type":"post","link":"https:\/\/www.fspolitik.de\/?p=2784","title":{"rendered":"Protokoll der Fachbereichssitzung vom 14.01.2019"},"content":{"rendered":"\t\t<div data-elementor-type=\"wp-post\" data-elementor-id=\"2784\" class=\"elementor elementor-2784 elementor-bc-flex-widget\">\n\t\t\t\t\t\t<section class=\"elementor-section elementor-top-section elementor-element elementor-element-67af4e0 elementor-section-boxed elementor-section-height-default elementor-section-height-default\" data-id=\"67af4e0\" data-element_type=\"section\" data-e-type=\"section\">\n\t\t\t\t\t\t<div class=\"elementor-container elementor-column-gap-default\">\n\t\t\t\t\t<div class=\"elementor-column elementor-col-100 elementor-top-column elementor-element elementor-element-e41df4b\" data-id=\"e41df4b\" data-element_type=\"column\" data-e-type=\"column\">\n\t\t\t<div class=\"elementor-widget-wrap elementor-element-populated\">\n\t\t\t\t\t\t<div class=\"elementor-element elementor-element-7713dde elementor-widget elementor-widget-text-editor\" data-id=\"7713dde\" data-element_type=\"widget\" data-e-type=\"widget\" data-widget_type=\"text-editor.default\">\n\t\t\t\t<div class=\"elementor-widget-container\">\n\t\t\t\t\t\t\t\t\t<div id=\"magicdomid4\" class=\"\"><span class=\"\">Tagesordnung:<\/span><\/div><div id=\"magicdomid5\" class=\"\"><span class=\"\">\u00a0<\/span><\/div><div id=\"magicdomid6\" class=\"\"><span class=\"\">1. Formalia<\/span><\/div><div id=\"magicdomid7\" class=\"\"><span class=\"\">2. StuRa<\/span><\/div><div id=\"magicdomid8\" class=\"\"><span class=\"\">\u00a0\u00a0\u00a0 2.1. Bericht aus dem StuRa<\/span><\/div><div id=\"magicdomid9\" class=\"\"><span class=\"\">\u00a0\u00a0\u00a0 2.2. Bewerbungen<\/span><\/div><div id=\"magicdomid10\" class=\"\"><span class=\"\">\u00a0\u00a0\u00a0 2.3. Finanzantr\u00e4ge<\/span><\/div><div id=\"magicdomid11\" class=\"\"><span class=\"\">\u00a0\u00a0\u00a0 2.4. Sonstige Antr\u00e4ge<\/span><\/div><div id=\"magicdomid12\" class=\"\"><span class=\"\">3. Gesch\u00e4ftsf\u00fchrungstreffen<\/span><\/div><div id=\"magicdomid13\" class=\"\"><span class=\"\">4. Vorsingen<\/span><\/div><div id=\"magicdomid14\" class=\"\"><span class=\"\">5. Fachschaftsarbeit\u00a0<\/span><\/div><div id=\"magicdomid15\" class=\"\"><span class=\"\">\u00a0\u00a0\u00a0 5.1. Kaffee\u00a0<\/span><\/div><div id=\"magicdomid16\" class=\"\"><span class=\"\">\u00a0\u00a0\u00a0 5.2. Party\u00a0<\/span><\/div><div id=\"magicdomid17\" class=\"\"><span class=\"\">\u00a0\u00a0\u00a0 5.3. H\u00fctte\u00a0<\/span><\/div><div id=\"magicdomid18\" class=\"\"><span class=\"\">\u00a0\u00a0\u00a0 5.4. Finanzen\u00a0<\/span><\/div><div id=\"magicdomid19\" class=\"\"><span class=\"\">\u00a0\u00a0\u00a0 5.5. Berufsperspektiven<\/span><\/div><div id=\"magicdomid20\" class=\"\"><span class=\"\">\u00a0\u00a0\u00a0 5.6. Dozierendenstammtisch<\/span><\/div><div id=\"magicdomid21\" class=\"\"><span class=\"\">\u00a0\u00a0\u00a0 5.7. Semesterabschlussessen<\/span><\/div><div id=\"magicdomid22\" class=\"\"><span class=\"\">6. Termine und Sonstiges\u00a0<\/span><\/div><div id=\"magicdomid23\" class=\"\"><span class=\"\">7. Lob und Tadel\u00a0<\/span><\/div><div id=\"magicdomid24\" class=\"\"><span class=\"\">\u00a0<\/span><\/div><div id=\"magicdomid25\" class=\"\"><hr \/><\/div><div id=\"magicdomid26\" class=\"\"><span class=\"\">\u00a0<\/span><\/div><div id=\"magicdomid31\" class=\"\"><span class=\"\">1. Formalia<\/span><\/div><div id=\"magicdomid32\" class=\"\"><span class=\"\">\u00a0<\/span><\/div><div id=\"magicdomid33\" class=\"\"><span class=\"\">Redeleitung (w*):\u00a0<\/span><span class=\"author-p-5738\">M.M.<\/span><\/div><div id=\"magicdomid34\" class=\"\"><span class=\"\">Protokoll:<\/span><span class=\"author-p-5748\">\u00a0<\/span><span class=\"author-p-5738\">P.S.<\/span><\/div><div id=\"magicdomid35\" class=\"\"><span class=\"\">Beschlussf\u00e4higkeit:<\/span><span class=\"author-p-5738\">\u00a0ja<\/span><\/div><div id=\"magicdomid36\" class=\"\"><span class=\"\">Genehmigung des Protokolls:<\/span><span class=\"author-p-5738\">\u00a0angenommen.<\/span><\/div><div id=\"magicdomid37\" class=\"\"><span class=\"\">Vorschl\u00e4ge zur TO:<\/span><span class=\"author-p-5738\">\u00a0&#8211;<\/span><\/div><div id=\"magicdomid38\" class=\"\"><span class=\"\">\u00a0<\/span><\/div><div id=\"magicdomid39\" class=\"\"><span class=\"\">\u00a0<\/span><\/div><div id=\"magicdomid40\" class=\"\"><span class=\"\">2. StuRa<\/span><\/div><div id=\"magicdomid41\" class=\"\"><span class=\"\">\u00a0\u00a0\u00a0 2.1. Bericht aus dem StuRa<\/span><\/div><div id=\"magicdomid42\" class=\"\"><ul class=\"list-bullet1\"><li><span class=\"author-p-5738\">\u00a0\u00a0 Vorstandsbericht<\/span><ul><li><span class=\"author-p-5738\">N\u00e4chste MV des fzs in Freiburg, Anfang M\u00e4rz<\/span><\/li><li><span class=\"author-p-5738\">JF<\/span><\/li><li><span class=\"author-p-5738\">Wirtschaftsplan kommt demn\u00e4chst<\/span><\/li><li><span class=\"author-p-5738\">Klage (OVG1 S 13.18)<\/span><\/li><\/ul><\/li><\/ul><\/div><div id=\"magicdomid48\" class=\"\"><span class=\"\">\u00a0<\/span><\/div><div id=\"magicdomid49\" class=\"\"><span class=\"\">\u00a0\u00a0\u00a0 2.2. Bewerbungen<\/span><\/div><div id=\"magicdomid50\" class=\"\"><ul class=\"list-bullet1\"><li><span class=\"\">\u00a0<\/span><span class=\"author-p-5748\">\u00a0\u00a0\u00a0\u00a0<\/span><span class=\"author-p-5739\">Keine<\/span><\/li><\/ul><\/div><div id=\"magicdomid52\" class=\"\"><span class=\"\">\u00a0<\/span><\/div><div id=\"magicdomid53\" class=\"\"><span class=\"\">\u00a0\u00a0\u00a0 2.3. Finanzantr\u00e4ge<\/span><\/div><div id=\"magicdomid54\" class=\"\"><ul class=\"list-bullet1\"><li><span class=\"author-p-5748\">Vortrag: Who\u00b4s part of the Trans Community?<\/span><ul><li><span class=\"author-p-5748\">502,10\u20ac<\/span><\/li><li><span class=\"author-p-5748\">Viele Minderheiten oft nicht als Mitglieder der Trans-Community gesehen. Vertagung beantragen, weil Kooperation mit Regenbogenreferat.\u00a0<\/span><\/li><li><span class=\"author-p-5748\">Abstimmung: Mit zwei Enthaltungen angenommen.\u00a0<\/span><\/li><\/ul><\/li><\/ul><\/div><div id=\"magicdomid59\" class=\"\"><ul class=\"list-bullet1\"><li><span class=\"author-p-5748\">FS Geschichte f\u00fcr HistoCup<\/span><ul><li><span class=\"author-p-5748\">758\u20ac Hallenmiete\u00a0<\/span><\/li><li><span class=\"author-p-5748\">Abstimmung: Mit drei E<\/span><span class=\"author-p-5741\">n<\/span><span class=\"author-p-5748\">tahltungen angenommen.<\/span><\/li><\/ul><\/li><\/ul><\/div><div id=\"magicdomid65\" class=\"\"><ul class=\"list-bullet1\"><li><span class=\"author-p-5748\">Thelologie:irgendwas mit Religio, Dies Akademicus\u00a0<\/span><ul><li><span class=\"author-p-5748\">200\u20ac Geschenke, Druckkosten\u00a0<\/span><span class=\"author-p-5739\">(50\u20ac Druckkoste, 15 Geschenke)\u00a0<\/span><\/li><li><span class=\"author-p-5748\">Abstimmung: auf Sicht angenommen (1 Gegenstimme, ein paar Enthaltungen)<\/span><\/li><\/ul><\/li><\/ul><p>\u00a0<\/p><\/div><div id=\"magicdomid69\" class=\"\"><ul class=\"list-bullet1\"><li><span class=\"author-p-5738\">\u00a0\u00a0\u00a0<\/span><span class=\"\">\u00a02.4. Sonstige Antr\u00e4ge<\/span><\/li><\/ul><\/div><div id=\"magicdomid70\" class=\"\"><ul class=\"list-bullet1\"><li><span class=\"author-p-5739\">Antr\u00e4ge aus VV mit empfehlendem Charakter (weil VV nicht mehr beschlussf\u00e4hig war)\u00a0<\/span><\/li><\/ul><\/div><div id=\"magicdomid71\" class=\"\"><ul class=\"list-bullet2\"><li><span class=\"author-p-5738\">Der Studieendenrat der Studierendenschaft m\u00f6ge beschlie\u00dfen,dass die Universit\u00e4t aufgefordert wird, ihre Definition von \u2018Vielfalt\u2019 um die Dimension der sozio-\u00f6konomischen Herkunft zu erweitern. Zudem wird die Schaffung einer Stelle gefordert, welche Studierende bei der Bew\u00e4ltigung des Studiums mit unterschiedlichen Informations- und Beratungsangeboten unterst\u00fctzt, sowie die Gleichstellung von Studierenden aus sozio-\u00f6konomisch benachteiligter Herkunft innerhalb der universit\u00e4ren Strukturen vorantreibt.\u00a0<\/span><ul><li><span class=\"author-p-5748\">Abstimmung: Einstimmig angenommen.<\/span><\/li><li><span class=\"author-p-5739\">\u00c4nderungsantrag: \u00c4nderung eines Wortes beantragt<\/span><\/li><li><span class=\"author-p-5739\">einstimmig angenommen<\/span><\/li><\/ul><\/li><\/ul><\/div><div id=\"magicdomid75\" class=\"\"><ul class=\"list-bullet1\"><li><span class=\"author-p-5739\">FS Geschichte beantragt: Die Vollversammlung m\u00f6ge beschlie\u00dfen, das zum Wintersemester 2018\/19 eingef\u00fchrte Eignungsfeststellungsverfahren im Fach Geschichte abzulehnen.<\/span><ul><li><span class=\"author-p-5741\">Abstimmung: einstimmig angenommen<\/span><\/li><\/ul><\/li><\/ul><\/div><div id=\"magicdomid77\" class=\"\">\u00a0<\/div><div id=\"magicdomid78\" class=\"\"><span class=\"\">3. Gesch\u00e4ftsf\u00fchrungstreffen<\/span><\/div><div id=\"magicdomid79\" class=\"\"><span class=\"author-p-5739\">War heute 10:30, haben es verpasst<\/span><\/div><div id=\"magicdomid80\" class=\"\"><span class=\"author-p-5739\">Neuer Ersatztermin morgen 15.1. 16 Uhr<\/span><\/div><div id=\"magicdomid81\" class=\"\"><ul class=\"list-bullet1\"><li><span class=\"author-p-5739\">I. K. : Kann hingehen, aber gerne noch weitere, auch Erstis<\/span><\/li><\/ul><\/div><div id=\"magicdomid82\" class=\"\"><ul class=\"list-bullet1\"><li><span class=\"author-p-5739\">J. A. : U.W. und C. H. Werden nicht da sein<\/span><\/li><\/ul><\/div><div id=\"magicdomid83\" class=\"\"><ul class=\"list-bullet1\"><li><span class=\"author-p-5739\">J. B. : gehe mit<\/span><\/li><\/ul><\/div><div id=\"magicdomid84\" class=\"\"><ul class=\"list-bullet1\"><li><span class=\"author-p-5741\">Partyplakate<\/span><ul><li><span class=\"author-p-5748\">Todesfall war pers\u00f6nlich im Seminar bekannt.\u00a0<\/span><\/li><li><span class=\"author-p-5741\">Satirischer Jahresr\u00fcckblick<\/span><\/li><li><span class=\"author-p-5741\">W\u00e4re Journalist nicht pers\u00f6nlich bekannt gewesen, h\u00e4tten sie uns sicherlich nicht geschrieben<\/span><\/li><li><span class=\"author-p-5741\">k\u00f6nnen uns Entschuldigen, dass wir niemanden pers\u00f6nlich verletzen wollten, dennoch betonen, dass es Satire ist und genau dies Sinn und Zweck ist, zu polarisieren und die Themen nochmal wachzurufen<\/span><\/li><li><span class=\"author-p-5741\">Strategie letzte Jahre: Kritik zur Kenntnis genommen, fertig &#8211; k\u00f6nnten ja auch mal fundiertere Kritik anbringen<\/span><\/li><li><span class=\"author-p-5741\">Selbst die Papst-Sachen k\u00f6nnte man ja dann nicht machen &#8211; so Dinge wie die, die in Freiburg geschehen machen wir ja zum Beispiel nicht und das reicht<\/span><\/li><li><span class=\"author-p-5741\">haben bzgl. Kommentar auf FB ja auch eine Mail verschickt, das sollte angesprochen werden, dass Kritik seitens des Seminars an uns gewandt ge\u00e4u\u00dfert werden sollte und nicht \u00fcber FB<\/span><\/li><\/ul><\/li><\/ul><\/div><div id=\"magicdomid92\" class=\"\"><ul class=\"list-bullet1\"><li><span class=\"author-p-5741\">IB-Vorsingen<\/span><ul><li><span class=\"author-p-5739\">Freitag, Samstag &#8222;Testvortr\u00e4ge&#8220; der Bewerber auf die IB Professur\u00a0<\/span><\/li><li><span class=\"author-p-5739\">Kein Input unsererseits<\/span><\/li><\/ul><\/li><\/ul><\/div><div id=\"magicdomid95\" class=\"\"><ul class=\"list-bullet1\"><li><span class=\"author-p-5741\">Berufsperspektiven (s.u.)<\/span><ul><li><span class=\"author-p-5748\">gibt einen AK, direkt mit J\u00e4ckle zusammensetzten.\u00a0<\/span><\/li><li><span class=\"author-p-5739\">Wann? In Semesterferien macht keinen Sinn.\u00a0<\/span><span class=\"author-p-5748\">SoSe-Start 2019<\/span><span class=\"author-p-5739\">\u00a0Ende April,<\/span><span class=\"author-p-5748\">\u00a0<\/span><span class=\"author-p-5739\">Anfang Mai.\u00a0<\/span><\/li><\/ul><\/li><\/ul><\/div><div id=\"magicdomid98\" class=\"\"><ul class=\"list-bullet1\"><li><span class=\"author-p-5741\">Dozierendenstammtisch (s.u.)<\/span><ul><li><span class=\"author-p-5739\">Doodle?\u00a0<\/span><\/li><li><span class=\"author-p-5739\">Morgen ansprechen und Termine von J\u00e4ckle vorschlagen lassen?<\/span><\/li><li><span class=\"author-p-5739\">Aber peinlich wenn an Terminen keiner kann.<\/span><\/li><li><span class=\"author-p-5739\">Terminvorschl\u00e4ge einfacher als &#8222;rumzudoodlen&#8220;\u00a0<\/span><\/li><li><span class=\"author-p-5739\">Keine Einw\u00e4nde<\/span><\/li><\/ul><\/li><\/ul><\/div><div id=\"magicdomid104\" class=\"\"><ul class=\"list-bullet1\"><li><span class=\"author-p-5739\">Master Studiengang:<\/span><ul><li><span class=\"author-p-5739\">T<\/span><span class=\"author-p-5741\">ausch von PL und SL wann und wann in den Verlaufsplan offiziell packen?<\/span><\/li><li><span class=\"author-p-5739\">Kein Diskussionsbedarf<\/span><\/li><\/ul><\/li><\/ul><\/div><div id=\"magicdomid107\" class=\"\"><ul class=\"list-bullet1\"><li><span class=\"author-p-5741\">Hauptseminare<\/span><ul><li><span class=\"author-p-5748\">Hauptseminarbesucher<\/span><span class=\"author-p-5738\">*Innen<\/span><span class=\"author-p-5748\">\u00a0im 2. Semester, keine Vertiefung m\u00f6glich.<\/span><\/li><li><span class=\"author-p-5739\">\u00a0I<\/span><span class=\"author-p-5748\">rgendeine Form der Verregelung. Hauptseminare sollte Hauptseminare bleiben.\u00a0<\/span><span class=\"author-p-5739\">Aber auch verst\u00e4ndlich, dass man studieren kann was man m\u00f6chte.<\/span><span class=\"author-p-5748\">\u00a0<\/span><\/li><li><span class=\"author-p-5748\">Sollte das Grundlagenseminar oder die Vorlesung des Moduls schon belegt haben.<\/span><\/li><li><span class=\"author-p-5739\">Qualit\u00e4t des Seminars aber auch Aufgabe des D<\/span><span class=\"author-p-5741\">ozierenden<\/span><span class=\"author-p-5739\">, Texte bereitstellen&#8230;<\/span><\/li><li><span class=\"author-p-5739\">Erw\u00e4hnung, Betonung schon in der Erstiwoche, sodass man von Anfang an informiert ist. Bisher noch nicht ausreichend betont. Seminararten explizit erkl\u00e4ren. Auch Fachschaft kann erkl\u00e4ren. Seminarnamen\/Bezeichnung \u00e4ndern?\u00a0<\/span><\/li><li><span class=\"author-p-5739\">Belegung im Bereich&#8220;Vertiefung ausgew\u00e4hlter Themenbereiche. Namens\u00e4nderung So gut wie unm\u00f6glich.\u00a0<\/span><\/li><\/ul><\/li><\/ul><p>\u00a0<\/p><\/div><div id=\"magicdomid116\" class=\"\"><span class=\"\">4. Vorsingen<\/span><\/div><div id=\"magicdomid117\" class=\"\"><ul class=\"list-bullet1\"><li><span class=\"author-p-5741\">M.S. und I.K. haben einen Fragenkatalog erarbeitet, der aus Gr\u00fcnden der Natur eines Bewerbungsverfahren au\u00dferhalb des Protokolls vorgestellt wird<\/span><\/li><\/ul><\/div><div id=\"magicdomid118\" class=\"\"><ul class=\"list-bullet1\"><li><span class=\"author-p-5738\">Vorsingen findet ganzen Freitag und Samstag-Morgens statt (siehe FB-Seite Seminar)<\/span><\/li><\/ul><\/div><div id=\"magicdomid119\" class=\"\"><ul class=\"list-bullet1\"><li><span class=\"author-p-5738\">Fr. Destradi: Vortrag Dienstag (morgen) Abend, 20:15 im Haus zur lieben Hand<\/span><span class=\"author-p-5739\">\u00a0Gr\u00f6\u00dfer Saal, Thema: &#8222;Indien und der Globale S\u00fcden \u2013 Engagement und Zur\u00fcckhaltung einer aufstrebenden Macht&#8220;\u00a0<\/span><\/li><\/ul><\/div><div id=\"magicdomid120\" class=\"\"><ul class=\"list-bullet1\"><li><span class=\"author-p-5741\">Taktung der Vortr\u00e4ge\u00a0<\/span><span class=\"author-p-5741 url\"><a href=\"https:\/\/www.facebook.com\/politik.uni.freiburg\/\">https:\/\/www.facebook.com\/politik.uni.freiburg\/<\/a><\/span><\/li><\/ul><\/div><div id=\"magicdomid121\" class=\"\"><ul class=\"list-bullet1\"><li><span class=\"author-p-5738\">Fachbereiche Kontakt<\/span><\/li><\/ul><\/div><div id=\"magicdomid122\" class=\"\"><ul class=\"list-bullet1\"><li><span class=\"author-p-5739\">GoogleDoc f\u00fcr die Bl\u00f6cke geht heute Abend noch \u00fcber Verteiler<\/span><\/li><\/ul><\/div><div id=\"magicdomid123\" class=\"\"><ul class=\"list-bullet2\"><li><span class=\"author-p-5739\">Ist rumgegangen<\/span><\/li><\/ul><\/div><div id=\"magicdomid125\" class=\"\">\u00a0<\/div><div id=\"magicdomid126\" class=\"\"><span class=\"\">5. Fachschaftsarbeit\u00a0<\/span><\/div><div id=\"magicdomid127\" class=\"\"><span class=\"\">\u00a0\u00a0\u00a0 5.1. Kaffee\u00a0<\/span><\/div><ul><li>Liste geht rum<\/li><\/ul><div id=\"magicdomid129\" class=\"\"><ul class=\"list-bullet2\"><li><span class=\"author-p-5739\">Kaffee (m\u00f6glichst viel) muss im AStA geholt werden<\/span><\/li><\/ul><\/div><div id=\"magicdomid132\" class=\"\"><span class=\"\">\u00a0<\/span><\/div><div id=\"magicdomid133\" class=\"\"><span class=\"\">\u00a0\u00a0\u00a0 5.2. Party\u00a0<\/span><\/div><div id=\"magicdomid134\" class=\"\"><ul class=\"list-bullet1\"><li><span class=\"\">\u00a0<\/span><span class=\"author-p-5741\">l\u00e4uft<\/span><\/li><\/ul><\/div><div id=\"magicdomid135\" class=\"\"><span class=\"\">\u00a0<\/span><\/div><div id=\"magicdomid137\" class=\"\"><span class=\"\">\u00a0\u00a0\u00a0 5.3. H\u00fctte\u00a0<\/span><\/div><div id=\"magicdomid138\" class=\"\"><ul class=\"list-bullet1\"><li><span class=\"\">\u00a0<\/span><span class=\"author-p-5741\">l\u00e4uft<\/span><\/li><\/ul><\/div><div id=\"magicdomid140\" class=\"\"><span class=\"\">\u00a0<\/span><\/div><div id=\"magicdomid141\" class=\"\"><span class=\"\">\u00a0\u00a0\u00a0 5.4. Finanzen\u00a0<\/span><\/div><div id=\"magicdomid142\" class=\"\"><ul class=\"list-bullet1\"><li><span class=\"\">\u00a0<\/span><span class=\"author-p-5741\">l\u00e4uft<\/span><\/li><\/ul><\/div><div id=\"magicdomid144\" class=\"\">\u00a0<\/div><div id=\"magicdomid145\" class=\"\"><span class=\"\">\u00a0\u00a0\u00a0 5.5. Berufsperspektiven<\/span><\/div><div id=\"magicdomid146\" class=\"\"><ul class=\"list-bullet1\"><li><span class=\"author-p-5741\">l\u00e4uft<\/span><\/li><\/ul><\/div><div id=\"magicdomid148\" class=\"\"><span class=\"\">\u00a0\u00a0\u00a0\u00a0<\/span><\/div><div id=\"magicdomid149\" class=\"\"><span class=\"\">\u00a0\u00a0\u00a0 5.6. Dozierendenstammtisch<\/span><\/div><div id=\"magicdomid151\" class=\"\"><ul class=\"list-bullet1\"><li><span class=\"author-p-5737\">s.o.<\/span><\/li><\/ul><\/div><div id=\"magicdomid152\" class=\"\">\u00a0<\/div><div id=\"magicdomid153\" class=\"\"><span class=\"\">\u00a0\u00a0\u00a0 5.7. Semesterabschlussessen<\/span><\/div><div id=\"magicdomid155\" class=\"\"><ul class=\"list-bullet1\"><li><span class=\"author-p-5737\">findet am 11.2. bei Mo statt<\/span><\/li><\/ul><\/div><div id=\"magicdomid156\" class=\"\"><ul class=\"list-bullet1\"><li><span class=\"author-p-5737\">Essen geht auf FS-Kosten, Getr\u00e4nke zum Selbstkostenpreis<\/span><\/li><\/ul><\/div><div id=\"magicdomid157\" class=\"\"><ul class=\"list-bullet2\"><li><span class=\"author-p-5741\">doodle wegen ern\u00e4hrungsform?<\/span><\/li><\/ul><\/div><div id=\"magicdomid160\" class=\"\">\u00a0<\/div><div id=\"magicdomid161\" class=\"\"><span class=\"\">5. Termine und Sonstiges<\/span><\/div><div id=\"magicdomid163\" class=\"\"><ul class=\"list-bullet1\"><li><span class=\"author-p-5742\">Sonntag\u00a0<\/span><span class=\"author-p-5738\">H<\/span><span class=\"author-p-5742\">isto<\/span><span class=\"author-p-5741\">cup<\/span><span class=\"author-p-5737\">\u00a0(Wentzingerhalle<\/span><span class=\"author-p-5739\">\u00a0am Westbad<\/span><span class=\"author-p-5737\">)<\/span><\/li><\/ul><\/div><div id=\"magicdomid164\" class=\"\"><ul class=\"list-bullet1\"><li><span class=\"author-p-5739\">Morgen Vortrag Frau Destradi (s.o.)<\/span><\/li><\/ul><\/div><div id=\"magicdomid165\" class=\"\"><ul class=\"list-bullet1\"><li><span class=\"author-p-5739\">Freitag, Samstag Vorsingen (s.o.)<\/span><\/li><\/ul><\/div><div id=\"magicdomid166\" class=\"\"><ul class=\"list-bullet1\"><li><span class=\"author-p-5739\">Aktionstage Antisemitismus vom Referat f\u00fcr Hopo<\/span><\/li><\/ul><\/div><div id=\"magicdomid167\" class=\"\"><span class=\"\">\u00a0<\/span><\/div><div id=\"magicdomid168\" class=\"\"><span class=\"\">6. Lob und Tadel<\/span><\/div><div id=\"magicdomid169\" class=\"\"><span class=\"author-p-5739\">Lob an 4 Leute, die aufger\u00e4umt haben<\/span><\/div><div id=\"magicdomid170\" class=\"\"><span class=\"author-p-5739\">Lob an I. K. Und M. S. F\u00fcr Fragenkatalog<\/span><\/div><div id=\"magicdomid171\" class=\"\"><span class=\"author-p-5739\">Lob an M. M. F\u00fcr Berufungskommission<\/span><\/div><div id=\"magicdomid172\" class=\"\"><span class=\"author-p-5739\">Tadel an Fachschaft f\u00fcr wenig Vorbereitung auf Vorsingen<\/span><\/div><div id=\"magicdomid173\" class=\"\"><span class=\"author-p-5737\">Lob an J.V. f\u00fcr Fachschaftsverbundenheit aus dem Exil<\/span><\/div><div id=\"magicdomid174\" class=\"\"><span class=\"author-p-5737\">Tadel an HaHe f\u00fcr keine Party (nur ikonographische Anwesenheit)<\/span><\/div><div id=\"magicdomid175\" class=\"\">\u00a0<\/div>\t\t\t\t\t\t\t\t<\/div>\n\t\t\t\t<\/div>\n\t\t\t\t\t<\/div>\n\t\t<\/div>\n\t\t\t\t\t<\/div>\n\t\t<\/section>\n\t\t\t\t<\/div>\n\t\t","protected":false},"excerpt":{"rendered":"<p>Tagesordnung:\u00a01. Formalia2. StuRa\u00a0\u00a0\u00a0 2.1. Bericht aus dem StuRa\u00a0\u00a0\u00a0 2.2. Bewerbungen\u00a0\u00a0\u00a0 2.3. Finanzantr\u00e4ge\u00a0\u00a0\u00a0 2.4. Sonstige Antr\u00e4ge3. Gesch\u00e4ftsf\u00fchrungstreffen4. Vorsingen5. Fachschaftsarbeit\u00a0\u00a0\u00a0\u00a0 5.1. Kaffee\u00a0\u00a0\u00a0\u00a0 5.2. Party\u00a0\u00a0\u00a0\u00a0 5.3. H\u00fctte\u00a0\u00a0\u00a0\u00a0 5.4. Finanzen\u00a0\u00a0\u00a0\u00a0 5.5. Berufsperspektiven\u00a0\u00a0\u00a0 5.6. Dozierendenstammtisch\u00a0\u00a0\u00a0 5.7. Semesterabschlussessen6. Termine und Sonstiges\u00a07. Lob und Tadel\u00a0\u00a0 \u00a01. Formalia\u00a0Redeleitung (w*):\u00a0M.M.Protokoll:\u00a0P.S.Beschlussf\u00e4higkeit:\u00a0jaGenehmigung des Protokolls:\u00a0angenommen.Vorschl\u00e4ge zur TO:\u00a0&#8211;\u00a0\u00a02. StuRa\u00a0\u00a0\u00a0 2.1. Bericht aus dem StuRa \u00a0\u00a0 Vorstandsbericht N\u00e4chste MV [&hellip;]<\/p>\n","protected":false},"author":10,"featured_media":0,"comment_status":"closed","ping_status":"closed","sticky":false,"template":"","format":"standard","meta":{"iawp_total_views":0,"footnotes":""},"categories":[18],"tags":[],"class_list":["post-2784","post","type-post","status-publish","format-standard","hentry","category-protokolle"],"_links":{"self":[{"href":"https:\/\/www.fspolitik.de\/index.php?rest_route=\/wp\/v2\/posts\/2784","targetHints":{"allow":["GET"]}}],"collection":[{"href":"https:\/\/www.fspolitik.de\/index.php?rest_route=\/wp\/v2\/posts"}],"about":[{"href":"https:\/\/www.fspolitik.de\/index.php?rest_route=\/wp\/v2\/types\/post"}],"author":[{"embeddable":true,"href":"https:\/\/www.fspolitik.de\/index.php?rest_route=\/wp\/v2\/users\/10"}],"replies":[{"embeddable":true,"href":"https:\/\/www.fspolitik.de\/index.php?rest_route=%2Fwp%2Fv2%2Fcomments&post=2784"}],"version-history":[{"count":3,"href":"https:\/\/www.fspolitik.de\/index.php?rest_route=\/wp\/v2\/posts\/2784\/revisions"}],"predecessor-version":[{"id":2787,"href":"https:\/\/www.fspolitik.de\/index.php?rest_route=\/wp\/v2\/posts\/2784\/revisions\/2787"}],"wp:attachment":[{"href":"https:\/\/www.fspolitik.de\/index.php?rest_route=%2Fwp%2Fv2%2Fmedia&parent=2784"}],"wp:term":[{"taxonomy":"category","embeddable":true,"href":"https:\/\/www.fspolitik.de\/index.php?rest_route=%2Fwp%2Fv2%2Fcategories&post=2784"},{"taxonomy":"post_tag","embeddable":true,"href":"https:\/\/www.fspolitik.de\/index.php?rest_route=%2Fwp%2Fv2%2Ftags&post=2784"}],"curies":[{"name":"wp","href":"https:\/\/api.w.org\/{rel}","templated":true}]}}