{"id":2810,"date":"2019-02-24T22:34:39","date_gmt":"2019-02-24T20:34:39","guid":{"rendered":"http:\/\/www.fspolitik.de\/?p=2810"},"modified":"2019-02-24T22:34:40","modified_gmt":"2019-02-24T20:34:40","slug":"protokoll-der-fachbereichssitzung-vom-21-01-2019","status":"publish","type":"post","link":"https:\/\/www.fspolitik.de\/?p=2810","title":{"rendered":"Protokoll der Fachbereichssitzung vom 21.01.2019"},"content":{"rendered":"\n<p style=\"font-size:-2px\"><\/p>\n\n\n\n<p><\/p>\n\n\n\n<p style=\"font-size:-4px\">Fachschaftssitzung vom 21.01.2019&nbsp; Tagesordnung: &nbsp; 1. Formalia 2. StuRa &nbsp;&nbsp;&nbsp; 2.1. Bericht aus dem StuRa &nbsp;&nbsp;&nbsp; 2.2. Bewerbungen &nbsp;&nbsp;&nbsp; 2.3. Finanzantr\u00e4ge &nbsp;&nbsp;&nbsp; 2.4. Sonstige Antr\u00e4ge 3. Berichte&nbsp;&nbsp;&nbsp; 3.1. Gesch\u00e4ftsf\u00fchrungstreffen&nbsp;&nbsp;&nbsp; 3.2. Vorsingen\/Fachschaftssitzung am Samstag4. Fachschaftsarbeit &nbsp;&nbsp;&nbsp; 4.1. Kaffee &nbsp;&nbsp;&nbsp; 4.2. Party &nbsp;&nbsp;&nbsp; 4.3. H\u00fctte &nbsp;&nbsp;&nbsp; 4.4. Finanzen&nbsp;&nbsp;&nbsp; 4.5. Berufsperspektiven5. Termine und Sonstiges 6. Lob und Tadel &nbsp;<\/p>\n\n\n\n<p>&#8212;&#8212;&#8212;&#8212;&#8212;&#8212;&#8212;&#8212;&#8212;&#8212;&#8212;&#8212;&#8212;&#8212;&#8212;&#8211; <br><\/p>\n\n\n\n<p>Protokoll &nbsp; Tagesordnung &nbsp; 1. Formalia &nbsp; Redeleitung (w*): A. Z.&nbsp;Protokoll: J. S. \/ M.M.Beschlussf\u00e4higkeit: JAGenehmigung des Protokolls vom 14.1.: angenommen&nbsp;Genehmigung des Protokolls vom 19.1.: angenommenVorschl\u00e4ge zur TO: keine &nbsp; 2. StuRa &nbsp;&nbsp;&nbsp; 2.1. Bericht aus dem StuRa<\/p>\n\n\n\n<ul class=\"wp-block-list\"><li>&nbsp;&nbsp; Eilantrag zur Unterst\u00fctzung der Fridaysforfuture Demo<\/li><\/ul>\n\n\n\n<ul class=\"wp-block-list\"><li>Kritisch angemerkt, dass Antr\u00e4ge fr\u00fcher erfolgen m\u00fcssen&nbsp;<\/li><\/ul>\n\n\n\n<ul class=\"wp-block-list\"><li>Vorstandsbericht<\/li><\/ul>\n\n\n\n<ul class=\"wp-block-list\"><li>Dietenbach-Podiumsdiskussion wird von uns geplant<\/li><\/ul>\n\n\n\n<ul class=\"wp-block-list\"><li>Neuer Haushalt wird vorbereitet und euch n\u00e4chste Woche vorgestellt<\/li><\/ul>\n\n\n\n<ul class=\"wp-block-list\"><li>Diese Woche Jour Fixe und Freiburger Asten Konferenz&nbsp;<\/li><\/ul>\n\n\n\n<p>&nbsp; &nbsp;&nbsp;&nbsp; 2.2. Bewerbungen &nbsp; &nbsp;&nbsp;&nbsp; 2.3. Finanzantr\u00e4ge<\/p>\n\n\n\n<ul class=\"wp-block-list\"><li>Fahrtkosten Systemakkreditierungs-Seminar in Aachen<\/li><\/ul>\n\n\n\n<ul class=\"wp-block-list\"><li>Diskussion: Person geht wohl \u00f6fter auf diese Seminare, aber sonst setzt sich niemand mit dem Thema auseinander, es braucht viele Seminare um sich in das Thema einzuarbeiten<\/li><\/ul>\n\n\n\n<ul class=\"wp-block-list\"><li>Setzt sich zusammen aus Bahnticket und \u00d6PNV<\/li><\/ul>\n\n\n\n<ul class=\"wp-block-list\"><li>hat die Uni angefragt, ob die das bezahlen, aber das ging leider nicht, es solls beim StuRa fragen<\/li><\/ul>\n\n\n\n<ul class=\"wp-block-list\"><li>Abst.: 65\u20ac 8\/0\/6 -&gt; angenommen<\/li><\/ul>\n\n\n\n<p>&nbsp; &nbsp;&nbsp;&nbsp; 2.4. Sonstige Antr\u00e4ge<\/p>\n\n\n\n<ul class=\"wp-block-list\"><li>Ideelle Unterst\u00fctzung: Wiwilli-Verein<\/li><\/ul>\n\n\n\n<ul class=\"wp-block-list\"><li>Diskussion: St\u00e4dtepartnerschaft Nicaragua, schon lange Kontakt<\/li><\/ul>\n\n\n\n<p>&nbsp;&nbsp;&nbsp;&nbsp;&nbsp;&nbsp;&nbsp;&nbsp;&nbsp;&nbsp;&nbsp;&nbsp;&nbsp;&nbsp;&nbsp;&nbsp;&nbsp;&nbsp;&nbsp;&nbsp;&nbsp;&nbsp;&nbsp; wollen nur R\u00e4ume der Uni nutzen<\/p>\n\n\n\n<ul class=\"wp-block-list\"><li>Abst.: bei 3 Enthaltungen angenommen<\/li><\/ul>\n\n\n\n<ul class=\"wp-block-list\"><li>&nbsp;Neurodiversit\u00e4t als Dimension der Vielfalt (Studieren ohne H\u00fcrden)<\/li><\/ul>\n\n\n\n<ul class=\"wp-block-list\"><li>Diskussion: kein spezieller Ausl\u00f6ser&nbsp;<\/li><\/ul>\n\n\n\n<ul class=\"wp-block-list\"><li>Abst.: alle daf\u00fcr<\/li><\/ul>\n\n\n\n<ul class=\"wp-block-list\"><li>Demokratie und Courage (Ideelle Unterst\u00fctzung)<\/li><\/ul>\n\n\n\n<ul class=\"wp-block-list\"><li>Diskussion: wollen vor allem Material drucken<\/li><\/ul>\n\n\n\n<p>&nbsp;&nbsp;&nbsp;&nbsp;&nbsp;&nbsp;&nbsp;&nbsp;&nbsp;&nbsp;&nbsp;&nbsp;&nbsp;&nbsp;&nbsp;&nbsp;&nbsp;&nbsp;&nbsp;&nbsp;&nbsp;&nbsp;&nbsp;&nbsp;&nbsp;&nbsp;&nbsp; machen gute Arbeit in Schulen (Schulungen zu Demokratie und Vielfalt aus dem linken Bereich)<\/p>\n\n\n\n<ul class=\"wp-block-list\"><li>Abst.: bei 2 Enthaltungen angenommen<\/li><\/ul>\n\n\n\n<p>3. Berichte&nbsp;&nbsp;&nbsp; 3.1. Gesch\u00e4ftsf\u00fchrungstreffen<\/p>\n\n\n\n<ul class=\"wp-block-list\"><li>Master: \u00c4nderung der Pr\u00fcfungsordnung<\/li><\/ul>\n\n\n\n<ul class=\"wp-block-list\"><li>da lediglich die Form der Pr\u00fcfung ge\u00e4ndert wurde, nicht aber die Art (SL\/PL), muss das nicht in die Pr\u00fcfungsordnung aufgenommen werden<\/li><\/ul>\n\n\n\n<ul class=\"wp-block-list\"><li>ab kommendem Semester in Kraft (Modulhandbuch)<\/li><\/ul>\n\n\n\n<ul class=\"wp-block-list\"><li>Vorsingen<\/li><\/ul>\n\n\n\n<ul class=\"wp-block-list\"><li>haben uns abgesprochen<\/li><\/ul>\n\n\n\n<ul class=\"wp-block-list\"><li>wurden auf die Idee der Frageb\u00f6gen aufmerksam gemacht<\/li><\/ul>\n\n\n\n<ul class=\"wp-block-list\"><li>Dozierendenstammtisch<\/li><\/ul>\n\n\n\n<ul class=\"wp-block-list\"><li>wir sollen einen Termin doodlen und dann zusenden<\/li><\/ul>\n\n\n\n<ul class=\"wp-block-list\"><li>Berufsperspektiven<\/li><\/ul>\n\n\n\n<ul class=\"wp-block-list\"><li>muss ins n\u00e4chste Semester verlegt werden<\/li><\/ul>\n\n\n\n<ul class=\"wp-block-list\"><li>AK Berufsperspektiven soll sich an J\u00e4ckle wenden<\/li><\/ul>\n\n\n\n<ul class=\"wp-block-list\"><li>Partyplakate<\/li><\/ul>\n\n\n\n<ul class=\"wp-block-list\"><li>Kritik des Seminars wurde ge\u00e4u\u00dfert<\/li><\/ul>\n\n\n\n<ul class=\"wp-block-list\"><li>Positionierung der Fachschaft wurde er\u00f6rtert<\/li><\/ul>\n\n\n\n<p>&nbsp;&nbsp;&nbsp; 3.2. Vorsingen\/Fachschaftssitzung am Samstag&nbsp;&nbsp;&nbsp; GO-Antrag: Personal-Entscheidung, deshalb geheimes Protokoll&nbsp;&nbsp;&nbsp; keine Gegenrede, angenommen&nbsp;&nbsp;&nbsp; &#8230;&nbsp;&nbsp;&nbsp; vertagt auf sp\u00e4testens \u00fcbern\u00e4chste Woche: alle sollten nochmal ausf\u00fchrlich die Protokolle lesen und sich eine Meinung bilden (auch die, die heute nicht da sind)&nbsp;&nbsp;&nbsp; J.A. sammelt die Unterlagen f\u00fcr uns&nbsp;&nbsp; <br>4. Fachschaftsarbeit &nbsp;&nbsp;&nbsp; 4.1. Kaffee &nbsp;22.01.&nbsp;Einkauf: Nils S.&nbsp;12-13 Uhr: J.S.&nbsp; Felix&nbsp;&nbsp;13-14 Uhr: L.R. und La.S.<br>&nbsp;&nbsp;&nbsp; 4.2. Party<\/p>\n\n\n\n<ul class=\"wp-block-list\"><li>Vorfall mit Goldfrettchen ans Artik r\u00fcckmelden<\/li><\/ul>\n\n\n\n<ul class=\"wp-block-list\"><li>ziemlich ungl\u00fccklich gelaufen<\/li><\/ul>\n\n\n\n<ul class=\"wp-block-list\"><li>F.R. oder P.S. sollten das am besten r\u00fcckmelden<\/li><\/ul>\n\n\n\n<ul class=\"wp-block-list\"><li>geht nicht den Vorfall an sich, sondern um die Art und Kommunikation<\/li><\/ul>\n\n\n\n<ul class=\"wp-block-list\"><li>Abrechnung mit Artik fehlt noch<\/li><\/ul>\n\n\n\n<ul class=\"wp-block-list\"><li>Raummiete und Getr\u00e4nkebons<\/li><\/ul>\n\n\n\n<ul class=\"wp-block-list\"><li>Gewinn vermutlich 500-600\u20ac<\/li><\/ul>\n\n\n\n<ul class=\"wp-block-list\"><li>genaue Zahl kommt noch<\/li><\/ul>\n\n\n\n<ul class=\"wp-block-list\"><li>Aufr\u00e4umen nicht suuper viel Arbeit, aber es waren nur 4<\/li><\/ul>\n\n\n\n<ul class=\"wp-block-list\"><li>n\u00e4chstes Mal besser kommunizieren und soldiarisch mit aufr\u00e4umen<\/li><\/ul>\n\n\n\n<ul class=\"wp-block-list\"><li>Feedback Shotbar<\/li><\/ul>\n\n\n\n<ul class=\"wp-block-list\"><li>Baufehler Rad?<\/li><\/ul>\n\n\n\n<ul class=\"wp-block-list\"><li>an sich aber cooles Konzept, k\u00f6nnte auch gut Gewinn gemacht werden<\/li><\/ul>\n\n\n\n<ul class=\"wp-block-list\"><li>wurde zu teuer eingekauft<\/li><\/ul>\n\n\n\n<ul class=\"wp-block-list\"><li>Rad war nicht ideal konzipiert<\/li><\/ul>\n\n\n\n<ul class=\"wp-block-list\"><li>ziemliche Nullrechnung, eher Minus<\/li><\/ul>\n\n\n\n<ul class=\"wp-block-list\"><li>Shotbar an sich super cool, um pr\u00e4sent zu sein<\/li><\/ul>\n\n\n\n<ul class=\"wp-block-list\"><li>m\u00fcssten das alles besser konzipieren, und bessere Eingebote einholen, damit wir auch Gewinn machen<\/li><\/ul>\n\n\n\n<ul class=\"wp-block-list\"><li>Gelbe Westen?<\/li><\/ul>\n\n\n\n<ul class=\"wp-block-list\"><li>fragen mal beim Artik nach?<\/li><\/ul>\n\n\n\n<ul class=\"wp-block-list\"><li>Party AK das How-To-Party anpassen!<\/li><\/ul>\n\n\n\n<ul class=\"wp-block-list\"><li>inklusive realistischen Mengen, die weggingen<\/li><\/ul>\n\n\n\n<ul class=\"wp-block-list\"><li>war mal mehr, da wir mal mehr Leute reingelassen haben<\/li><\/ul>\n\n\n\n<p>&nbsp; &nbsp;&nbsp;&nbsp; 4.3. H\u00fctte<\/p>\n\n\n\n<ul class=\"wp-block-list\"><li>&nbsp;l\u00e4uft<\/li><\/ul>\n\n\n\n<p>&nbsp;&nbsp;&nbsp; 4.4. Finanzen<\/p>\n\n\n\n<ul class=\"wp-block-list\"><li>Gelder von der Party schon eingezahlt<\/li><\/ul>\n\n\n\n<ul class=\"wp-block-list\"><li>StuRa hat \u00fcberwiesen<\/li><\/ul>\n\n\n\n<ul class=\"wp-block-list\"><li>Konto wieder fl\u00fcssig, ca. 4000\u20ac (- ca. 1000\u20ac ans Artik)<\/li><\/ul>\n\n\n\n<ul class=\"wp-block-list\"><li>Anmeldegeb\u00fchr HistoCup bezahlt?<\/li><\/ul>\n\n\n\n<ul class=\"wp-block-list\"><li>5\u20ac<\/li><\/ul>\n\n\n\n<ul class=\"wp-block-list\"><li>Getr\u00e4nkrechnung Vaubar Nachh\u00fcttenparty kommt noch<\/li><\/ul>\n\n\n\n<ul class=\"wp-block-list\"><li>niedriger 3-Stelliger Bereich (~noch 130\u20ac)<\/li><\/ul>\n\n\n\n<p>&nbsp; &nbsp;&nbsp;&nbsp; 4.5. Berufsperspektiven<\/p>\n\n\n\n<ul class=\"wp-block-list\"><li>gibt einen AK<\/li><\/ul>\n\n\n\n<ul class=\"wp-block-list\"><li>Treffen erst, wenn R\u00fcckmeldung von Wagschal vorliegen (Termine und Personen)<\/li><\/ul>\n\n\n\n<ul class=\"wp-block-list\"><li>mal bei J\u00e4ckle nachfragen<\/li><\/ul>\n\n\n\n<ul class=\"wp-block-list\"><li>\u00dcberlegt: BZ-Redakteur und Schwarzwaldmild-Mensch<\/li><\/ul>\n\n\n\n<p>&nbsp;&nbsp;&nbsp;&nbsp;&nbsp;&nbsp;&nbsp; 4.6 Dozierendenstammtisch<\/p>\n\n\n\n<ul class=\"wp-block-list\"><li>Wer macht Doodle?<\/li><\/ul>\n\n\n\n<ul class=\"wp-block-list\"><li>M.M. macht Doodle, eintragen bis Freitag, schicken die dann ans Seminar und reservieren Feierling (~20 Leute)<\/li><\/ul>\n\n\n\n<ul class=\"wp-block-list\"><li>2te und 3te Vorlesungsfreie Woche<\/li><\/ul>\n\n\n\n<p>5. Termine und Sonstiges<\/p>\n\n\n\n<ul class=\"wp-block-list\"><li>&nbsp;Logo<\/li><\/ul>\n\n\n\n<ul class=\"wp-block-list\"><li>\u00e4ndern wird schwierig, da die Original-Datei abhanden gekommen ist<\/li><\/ul>\n\n\n\n<ul class=\"wp-block-list\"><li>I.K. fragen, ob sie es \u00e4ndert?<\/li><\/ul>\n\n\n\n<ul class=\"wp-block-list\"><li>T-Shirt mal angehen!<\/li><\/ul>\n\n\n\n<ul class=\"wp-block-list\"><li>Z\u00fcndstoff-Laden?<\/li><\/ul>\n\n\n\n<ul class=\"wp-block-list\"><li>Diskussion um Farbe etc. sollte dann noch kommen<\/li><\/ul>\n\n\n\n<ul class=\"wp-block-list\"><li>hochaufl\u00f6sende Datei vorhanden?<\/li><\/ul>\n\n\n\n<ul class=\"wp-block-list\"><li>P.S. wird gefragt&nbsp;<\/li><\/ul>\n\n\n\n<p>&nbsp; 6. Lob und Tadel &nbsp; Lob an 1. FDP 1949 f\u00fcr erfolgreichen dritten Platz beim Histocup (Deutscher Meister wird nur die FS Pol!)Lob an das Meter-Cup Team f\u00fcr den dritten Platz!Lob an die 4 Aufr\u00e4umerInnen bei der PartyLob an HaHe f\u00fcr LivetickerLob an Salome f\u00fcr Aushilfe bei KaffeeTadel an Sportteam, da sie f\u00fcr die SigerInnnenwerbung nicht mehr da warenTadel an Geschichte wegen Spiel Geschichte gegen Altfachschaftler*innen Geschichte (Verz\u00f6gerung)Tadel an D.P. weil: kann gar nichts&nbsp;Lob an die TU Dresden f\u00fcr nicht Berufen von W.J.P.<\/p>\n","protected":false},"excerpt":{"rendered":"<p>Fachschaftssitzung vom 21.01.2019&nbsp; Tagesordnung: &nbsp; 1. Formalia 2. StuRa &nbsp;&nbsp;&nbsp; 2.1. Bericht aus dem StuRa &nbsp;&nbsp;&nbsp; 2.2. Bewerbungen &nbsp;&nbsp;&nbsp; 2.3. Finanzantr\u00e4ge &nbsp;&nbsp;&nbsp; 2.4. Sonstige Antr\u00e4ge 3. Berichte&nbsp;&nbsp;&nbsp; 3.1. Gesch\u00e4ftsf\u00fchrungstreffen&nbsp;&nbsp;&nbsp; 3.2. Vorsingen\/Fachschaftssitzung am Samstag4. Fachschaftsarbeit &nbsp;&nbsp;&nbsp; 4.1. Kaffee &nbsp;&nbsp;&nbsp; 4.2. Party &nbsp;&nbsp;&nbsp; 4.3. H\u00fctte &nbsp;&nbsp;&nbsp; 4.4. Finanzen&nbsp;&nbsp;&nbsp; 4.5. Berufsperspektiven5. Termine und Sonstiges 6. Lob und Tadel [&hellip;]<\/p>\n","protected":false},"author":14,"featured_media":0,"comment_status":"closed","ping_status":"closed","sticky":false,"template":"","format":"standard","meta":{"iawp_total_views":0,"footnotes":""},"categories":[18],"tags":[],"class_list":["post-2810","post","type-post","status-publish","format-standard","hentry","category-protokolle"],"_links":{"self":[{"href":"https:\/\/www.fspolitik.de\/index.php?rest_route=\/wp\/v2\/posts\/2810","targetHints":{"allow":["GET"]}}],"collection":[{"href":"https:\/\/www.fspolitik.de\/index.php?rest_route=\/wp\/v2\/posts"}],"about":[{"href":"https:\/\/www.fspolitik.de\/index.php?rest_route=\/wp\/v2\/types\/post"}],"author":[{"embeddable":true,"href":"https:\/\/www.fspolitik.de\/index.php?rest_route=\/wp\/v2\/users\/14"}],"replies":[{"embeddable":true,"href":"https:\/\/www.fspolitik.de\/index.php?rest_route=%2Fwp%2Fv2%2Fcomments&post=2810"}],"version-history":[{"count":3,"href":"https:\/\/www.fspolitik.de\/index.php?rest_route=\/wp\/v2\/posts\/2810\/revisions"}],"predecessor-version":[{"id":2813,"href":"https:\/\/www.fspolitik.de\/index.php?rest_route=\/wp\/v2\/posts\/2810\/revisions\/2813"}],"wp:attachment":[{"href":"https:\/\/www.fspolitik.de\/index.php?rest_route=%2Fwp%2Fv2%2Fmedia&parent=2810"}],"wp:term":[{"taxonomy":"category","embeddable":true,"href":"https:\/\/www.fspolitik.de\/index.php?rest_route=%2Fwp%2Fv2%2Fcategories&post=2810"},{"taxonomy":"post_tag","embeddable":true,"href":"https:\/\/www.fspolitik.de\/index.php?rest_route=%2Fwp%2Fv2%2Ftags&post=2810"}],"curies":[{"name":"wp","href":"https:\/\/api.w.org\/{rel}","templated":true}]}}