{"id":2814,"date":"2019-02-24T22:45:43","date_gmt":"2019-02-24T20:45:43","guid":{"rendered":"http:\/\/www.fspolitik.de\/?p=2814"},"modified":"2019-02-24T22:45:44","modified_gmt":"2019-02-24T20:45:44","slug":"protokoll-der-fachbereichssitzung-vom-28-01-2019","status":"publish","type":"post","link":"https:\/\/www.fspolitik.de\/?p=2814","title":{"rendered":"Protokoll der Fachbereichssitzung vom 28.01.2019"},"content":{"rendered":"\n<p> Fachschaftssitzung vom 28.01.2019\u00a0 Tagesordnung: \u00a0 1. Formalia 2. StuRa \u00a0\u00a0\u00a0 2.1. Bericht aus dem StuRa \u00a0\u00a0\u00a0 2.2. Bewerbungen \u00a0\u00a0\u00a0 2.3. Finanzantr\u00e4ge \u00a0\u00a0\u00a0 2.4. Sonstige Antr\u00e4ge 3. Vorsingen4. Fachschaftsarbeit \u00a0\u00a0\u00a0 4.1. Kaffee \u00a0\u00a0\u00a0 4.2. Party \u00a0\u00a0\u00a0 4.3. H\u00fctte \u00a0\u00a0\u00a0 4.4. Finanzen \u00a0\u00a0\u00a0 4.5. Berufsperspektiven\u00a0\u00a0\u00a0 4.6 Dozierendenstammtisch5. Termine und Sonstiges 6. Lob und Tadel \u00a0 <\/p>\n\n\n\n<p>&#8212;&#8212;&#8212;&#8212;&#8212;&#8212;&#8212;&#8212;&#8212;&#8212;&#8212;&#8212;&#8212;&#8211; \u00a0<\/p>\n\n\n\n<p>\u00a0\u00a0 2.2. Bewerbungen\u00a0\u00a0keine\u00a0 \u00a0 \u00a0\u00a0\u00a0<\/p>\n\n\n\n<p>Tagesordnung \u00a0 <\/p>\n\n\n\n<p><strong> 1. Formalia<\/strong> \u00a0<\/p>\n\n\n\n<p> Redeleitung (m*): Ju.SProtokoll:L.S<\/p>\n\n\n\n<p>Beschlussf\u00e4higkeit:Ja<\/p>\n\n\n\n<p>Genehmigung des Protokolls:Ja<\/p>\n\n\n\n<p>Vorschl\u00e4ge zur TO:keine\u00a0 \u00a0 <\/p>\n\n\n\n<p><strong>2. StuRa <\/strong>\u00a0\u00a0\u00a0<\/p>\n\n\n\n<p> 2.1. Bericht aus dem StuRa\u00a0&#8211; Uniwahlen 25.06. voraussichtlich\u00a0 &#8211; im M\u00e4rz gibt es eine Exellenzbegehung\u00a0 &#8211; Freiburger Astenkonferenz: Neutraler Wahlaufruf f\u00fcr Dietenbach\u00a0 &#8211; 46 Internat. Studies werden von Geb\u00fchren befreit\u00a0\u00a0\u00a0 &#8211; AK f\u00fcr die Frage mit der Symptomabgabe\u00a0\u00a0 &#8211; Wirtschaftplan sieht vor, das R\u00fccklagen 1\/2 f\u00fcr Fahrradverleihsystem\u00a0 25% mehr Ausgaben als Einnahmen, Initiativenbudget&#8230;\u00a0 &#8211; FS Pol bekommt 1034 Euro\u00a0\u00a0 &#8211; Gruppenunterst\u00fctzungstopf bleibt gleich\u00a0 &#8211; Sondertopf f\u00fcr Initiativen um 500 Euro erh\u00f6ht, daf\u00fcr Initativen 50 euro\u00a0&#8211; BUF und andere gegen diese \u00c4nderung- grunds\u00e4tzlich viele andere T\u00f6pfe, die nicht genutzt werden\u00a0&#8211; Initativen nicht &#8220; bestrafen&#8220; daf\u00fcr, dass sie wenig Geld ausgeben, indem man das Geld k\u00fcrzt- vtl Antrag, dass Initativen abgeschafft werden- Abstimmugn \u00fcber \u00c4nderungsantrag\u00a0beineiner Enthaltung angenmmen-\u00a0 Abstimmung \u00fcber Wirtschaftsplan mit \u00c4nderung1 Enthaltung, Rest daf\u00fcr<br>&#8211; Antrag, dass Restmittel die \u00fcberzogenen Konten ausgeglichen werden- Rersmittel der SVB werden an die Studienvertretung vergeben- am Ende immer was \u00fcbrig, daher werden die Gelder an die ZSF und die UB vergeben- alles an die ZfS!\u00a0&#8211; Abstimmung:bei einer Enthaltung angenommen<br>&#8211; Stura soll beschliesen, dass die symptomabgabe auf Atesten auf Legalit\u00e4t \u00fcberpr\u00fcft werden soll- Problem: Bei Attesten muss das Symptom dabei stehen, das Pr\u00fcfungsamt entscheidet dann, ob die Krankheit gen\u00fcgt, Vorstand will das pr\u00fcfenEinstimmg angenommen<br>&#8211;\u00a0 Bewerbung auf Mitgliedschaft der AS\u00a0&#8211;\u00a0 gut wenn man Mitglied im AS ist, weil man dann im SZS dabei istAbstimmung:Einstimmig angenommen<br>&#8211; Tech. Fakult\u00e4t, dass der Stura in den Semesterferien tagen soll,\u00a0&#8211; also einmal weniger tagen als angedacht- Ja: &#8211; Nein : viele polit. Enthaltung: 1<\/p>\n\n\n\n<p> 2.3. Finanzantr\u00e4ge- Kreidekreis benatragt f\u00fcr Busmiete und Spritkosten 1050 aus dem Gruppenunterst\u00fctzungstopfbei einer Enthaltung angenommen<br>\u00a02.4. Sonstige Antr\u00e4ge\u00a0\u00a0 keine\u00a0\u00a0\u00a0<\/p>\n\n\n\n<p>&#8211; Stura soll die Protestaktion der MiA der Uni unterst\u00fctzen, morgen als Eilantrag von FSPOL im Stura\u00a0\u00a0w\u00fcrde den Antrag schreibenAbstimmung: Ja: alle\u00a0 Nein: Enthaltung:\u00a0\u00a0<\/p>\n\n\n\n<p>\u00a0 3. Vorsingen- M.M vtl vertagen, weil wenige anwesend sind, auf jeden Fall am Semseterabschluss amchen- Vertagung auf bis sp\u00e4testens 11.2Ja: einstimmig angenommen\u00a0 \u00a0 \u00a0<\/p>\n\n\n\n<p><strong> 4. Fachschaftsarbeit \u00a0<\/strong>\u00a0<\/p>\n\n\n\n<p>\u00a0 4.1. Kaffee- M.M. macht eine Liste OMG- Props an Paul und an M.M.- wegen \u00fcbern\u00e4chsten\u00a0 Mittowch abwarten<br>\u00a0 4.2. Party- R\u00fcckmeldung ans Artik?- wird noch gemacht\u00a0\u00a0&#8211; Mo.M\u00fc Gelbwesten von Regenbogref. verloren, daher Reg.ref wollen Pinke kaufen und uns in Rechnung stellen- teurer?- Ja, aber auch egal weil wir diese auch bekommmen haben daher zahlen wir das\u00a0&#8211; wo ist das Shotrad-\u00a0\u00a0\u00a0 \u00a0 \u00a0\u00a0\u00a0 4.3. H\u00fctte \u00a0l\u00e4uft\u00a0 \u00a0 \u00a0\u00a0\u00a0 4.4. Finanzen \u00a0nicht da\u00a0 \u00a0 \u00a0\u00a0\u00a0 4.5. Berufsperspektiven\u00a0&#8211; es wird mehr Kommunikation erw\u00fcnscht, mehr Transparenz etc.\u00a0&#8211; letzte Woche wurden schon G\u00e4ste genannt<br>\u00a0\u00a0\u00a0\u00a0 4.6 Dozierendenstammtisch<\/p>\n\n\n\n<ul class=\"wp-block-list\"><li>&nbsp;Habe folgende E-mail an J\u00e4ckle und UWE Gesendet (Samstag):&nbsp;&nbsp;<\/li><\/ul>\n\n\n\n<ul class=\"wp-block-list\"><li>&#8222;bez\u00fcglich\n des Termins f\u00fcr den Dozierendenstammtisch hatten wir die&nbsp; zweite \nvorlesungsfreie Woche angedacht. Terminlich hat sich seitens der&nbsp; \nFachschaft entweder der 18.02, der 19.02 oder der 20.02 ergeben. \nDeshalb&nbsp; wollten wir einmal nachfragen, welcher Termin dem Seminar denn \nam besten passen w\u00fcrde. Um das Reservieren der Kneipe k\u00fcmmert sich dann \ndie Fachschaft, wenn der Termin steht.&#8220;<\/li><\/ul>\n\n\n\n<ul class=\"wp-block-list\"><li>kam noch keine Antwort<\/li><\/ul>\n\n\n\n<ul class=\"wp-block-list\"><li>keine weiteren Nachfragen<\/li><\/ul>\n\n\n\n<p>&nbsp;\n&nbsp;\n&nbsp;\n5. Termine und Sonstiges\n<\/p>\n\n\n\n<ul class=\"wp-block-list\"><li>Logo + Tshirts?<\/li><\/ul>\n\n\n\n<ul class=\"wp-block-list\"><li>I.K. hat ein How To Homepage erstellt f\u00fcr das OceanWP Theme (hat sehr viele M\u00f6glichkeiten die Seite zu individualisieren)<\/li><\/ul>\n\n\n\n<p>&#8211; P.S einfach ein shirt machen um es zu entscheiden?- Ha.He eher nicht sinnvoll, geht ja um deS Thema rose oder nicht\u00a0-P.S eindeutig Team Rose- I.k. mit Ha.He auf jeden Fall\u00a0&#8211; wird vertagt<br>&#8211; i:k.hat einen How-to-homepage erstellt, im pad abrufbar\u00a0 \u00a0 <\/p>\n\n\n\n<p><strong>6. Lob und Tadel <\/strong><\/p>\n\n\n\n<p>&#8211; Tadel an die vielen, die heute nicht da sind- Lob f\u00fcr das Pizzast\u00fcck- Lob an alle die da sind, v.a. Erstis- Tadel an Frauenquote- Tadel dass das angemerkt wurde- Lob dass das angemerkt wurde- Beste Urlaubsw\u00fcnsche gehen raus an Mo &lt;3 <\/p>\n","protected":false},"excerpt":{"rendered":"<p>Fachschaftssitzung vom 28.01.2019\u00a0 Tagesordnung: \u00a0 1. Formalia 2. StuRa \u00a0\u00a0\u00a0 2.1. Bericht aus dem StuRa \u00a0\u00a0\u00a0 2.2. Bewerbungen \u00a0\u00a0\u00a0 2.3. Finanzantr\u00e4ge \u00a0\u00a0\u00a0 2.4. Sonstige Antr\u00e4ge 3. Vorsingen4. Fachschaftsarbeit \u00a0\u00a0\u00a0 4.1. Kaffee \u00a0\u00a0\u00a0 4.2. Party \u00a0\u00a0\u00a0 4.3. H\u00fctte \u00a0\u00a0\u00a0 4.4. Finanzen \u00a0\u00a0\u00a0 4.5. Berufsperspektiven\u00a0\u00a0\u00a0 4.6 Dozierendenstammtisch5. Termine und Sonstiges 6. Lob und Tadel \u00a0 &#8212;&#8212;&#8212;&#8212;&#8212;&#8212;&#8212;&#8212;&#8212;&#8212;&#8212;&#8212;&#8212;&#8211; \u00a0 [&hellip;]<\/p>\n","protected":false},"author":14,"featured_media":0,"comment_status":"closed","ping_status":"closed","sticky":false,"template":"","format":"standard","meta":{"iawp_total_views":0,"footnotes":""},"categories":[18],"tags":[],"class_list":["post-2814","post","type-post","status-publish","format-standard","hentry","category-protokolle"],"_links":{"self":[{"href":"https:\/\/www.fspolitik.de\/index.php?rest_route=\/wp\/v2\/posts\/2814","targetHints":{"allow":["GET"]}}],"collection":[{"href":"https:\/\/www.fspolitik.de\/index.php?rest_route=\/wp\/v2\/posts"}],"about":[{"href":"https:\/\/www.fspolitik.de\/index.php?rest_route=\/wp\/v2\/types\/post"}],"author":[{"embeddable":true,"href":"https:\/\/www.fspolitik.de\/index.php?rest_route=\/wp\/v2\/users\/14"}],"replies":[{"embeddable":true,"href":"https:\/\/www.fspolitik.de\/index.php?rest_route=%2Fwp%2Fv2%2Fcomments&post=2814"}],"version-history":[{"count":1,"href":"https:\/\/www.fspolitik.de\/index.php?rest_route=\/wp\/v2\/posts\/2814\/revisions"}],"predecessor-version":[{"id":2815,"href":"https:\/\/www.fspolitik.de\/index.php?rest_route=\/wp\/v2\/posts\/2814\/revisions\/2815"}],"wp:attachment":[{"href":"https:\/\/www.fspolitik.de\/index.php?rest_route=%2Fwp%2Fv2%2Fmedia&parent=2814"}],"wp:term":[{"taxonomy":"category","embeddable":true,"href":"https:\/\/www.fspolitik.de\/index.php?rest_route=%2Fwp%2Fv2%2Fcategories&post=2814"},{"taxonomy":"post_tag","embeddable":true,"href":"https:\/\/www.fspolitik.de\/index.php?rest_route=%2Fwp%2Fv2%2Ftags&post=2814"}],"curies":[{"name":"wp","href":"https:\/\/api.w.org\/{rel}","templated":true}]}}