{"id":2817,"date":"2019-04-02T11:09:13","date_gmt":"2019-04-02T09:09:13","guid":{"rendered":"http:\/\/www.fspolitik.de\/?p=2817"},"modified":"2019-04-02T11:09:15","modified_gmt":"2019-04-02T09:09:15","slug":"protokoll-der-fachbereichssitzung-vom-04-02-2019","status":"publish","type":"post","link":"https:\/\/www.fspolitik.de\/?p=2817","title":{"rendered":"Protokoll der Fachbereichssitzung vom 04.02.2019"},"content":{"rendered":"\n<p>Fachschaftssitzung vom 4.02.2019<\/p>\n\n\n\n<p>Tagesordnung: <\/p>\n\n\n\n<p>1. Formalia <\/p>\n\n\n\n<p>2. StuRa <\/p>\n\n\n\n<p>&nbsp;&nbsp;&nbsp; 2.1. Bericht aus dem StuRa <\/p>\n\n\n\n<p>&nbsp;&nbsp;&nbsp; 2.2. Bewerbungen <\/p>\n\n\n\n<p>&nbsp;&nbsp;&nbsp; 2.3. Finanzantr\u00e4ge <\/p>\n\n\n\n<p>&nbsp;&nbsp;&nbsp; 2.4. Sonstige Antr\u00e4ge <\/p>\n\n\n\n<p>3. Vorsingen&nbsp;<\/p>\n\n\n\n<p>4. Fachschaftsarbeit <\/p>\n\n\n\n<p>&nbsp;&nbsp;&nbsp; 4.1. Kaffee <\/p>\n\n\n\n<p>&nbsp;&nbsp;&nbsp; 4.2. Party <\/p>\n\n\n\n<p>&nbsp;&nbsp;&nbsp; 4.3. H\u00fctte <\/p>\n\n\n\n<p>&nbsp;&nbsp;&nbsp; 4.4. Finanzen <\/p>\n\n\n\n<p>&nbsp;&nbsp;&nbsp; 4.5. Berufsperspektiven<\/p>\n\n\n\n<p>&nbsp;&nbsp;&nbsp; 4.6 Kritische Perspektiven<\/p>\n\n\n\n<p>&nbsp;&nbsp;&nbsp; 4.7 Dozierendenstammtisch<\/p>\n\n\n\n<p>&nbsp;&nbsp;&nbsp; 4.8 Listengrillen<\/p>\n\n\n\n<p>5. Termine und Sonstiges <\/p>\n\n\n\n<p>6. Lob und Tadel <\/p>\n\n\n\n<p>&#8212;&#8212;&#8212;&#8212;&#8212;&#8212;&#8212;&#8212;&#8212;&#8212;&#8212;&#8212;&#8212;&#8211; <\/p>\n\n\n\n<p>Protokoll <\/p>\n\n\n\n<p>Tagesordnung <\/p>\n\n\n\n<p>1. Formalia <\/p>\n\n\n\n<p>Redeleitung (w*): I.K.<\/p>\n\n\n\n<p>Protokoll: L.F.<\/p>\n\n\n\n<p>Beschlussf\u00e4higkeit: ja<\/p>\n\n\n\n<p>Genehmigung des Protokolls: ja<\/p>\n\n\n\n<p>Vorschl\u00e4ge zur TO: &#8211;<\/p>\n\n\n\n<p>2. StuRa <\/p>\n\n\n\n<p>&nbsp;&nbsp;&nbsp; 2.1. Bericht aus dem StuRa<\/p>\n\n\n\n<p>Vorstandsbericht<\/p>\n\n\n\n<ul class=\"wp-block-list\"><li>LAK\n     in Ulm<\/li><li>Rundgang\n     der Hochschulen<\/li><li>Wahl\n     mehrerer Menschen<\/li><li>Pr\u00e4sidium<\/li><li>Sprecher\n     AK Hochschulpakt<\/li><li>Wahl\n     Akkreditierung<\/li><li>Ger\u00fcchte\n     \u00fcber eine Novellierung des LHG in der zweite Jahresh\u00e4lfte<\/li><li>Besprechung\n     Redeverhalten<\/li><li>AK\n     Lehramt, Treffen mit Theresia Bauer und diesem AK<\/li><li>SWFR\n     Dietenbach Kampagne<\/li><li>SWFR\n     hat eine Pressemitteilung ver\u00f6ffentlicht, die unseren Beschluss zitiert<\/li><li>SWFR\n     plant Wahlaufruf<\/li><li>sucht\n     Studierende f\u00fcr Social Media Kampagne<\/li><li>suchen\n     Studis f\u00fcr Info-Stand vor Mensa<\/li><li>Universit\u00e4tswahlen\n     2019 &#8211; Bitte um Benennung von Studierenden f\u00fcr den Wahlausschuss und den\n     Wahlpr\u00fcfungsausschuss<\/li><\/ul>\n\n\n\n<p>&#8222;Wie besprochen, bitten wir\nf\u00fcr die Universit\u00e4tswahlen 2019 um den Vorschlag von zwei(!) Studierenden als\nMitglied plus einer*einem Studierenden als Ersatzmitglied f\u00fcr den Wahlausschuss<em>\nsowie<\/em> einer*einem Studierenden als Mitglied plus einer*einem Studierenden\nals Ersatzmitglied f\u00fcr den Wahlpr\u00fcfungsausschuss.<\/p>\n\n\n\n<p>Die Details sind dem angef\u00fcgten\nSchreiben, das heute auch auf den Hauspostweg geht, zu entnehmen. F\u00fcr Ihre\nR\u00fcckmeldung bis sp\u00e4testens Ende April sind wir Ihnen sehr verbunden, da wir nur\nso den weiteren Ablauf der Vorbereitungen einhalten k\u00f6nnen.&#8220;<\/p>\n\n\n\n<p>Wahlausschuss: demokratische\nLegitimation, beschlie\u00dft Listenvorstellung, Ausz\u00e4hlung \u00fcberpr\u00fcfen<\/p>\n\n\n\n<p>Wahlpr\u00fcfungsausschuss: 1 Monat\nnach der Wahl (2 Stunden), nickt ab Dieses Jahr gro\u00dfe Wahlen, deswegen etwas\nmehr Zeitaufwand als sonst.<\/p>\n\n\n\n<p>Bitte Au\u00dfenreferat<\/p>\n\n\n\n<p>Was st\u00f6rt euch an der Uni Freiburg?<\/p>\n\n\n\n<p>\u00e0\nWir w\u00fcrden gerne wissen, was ihr f\u00fcr Probleme im Studium, mit der Uni, in eurem\nStudiengang, an eurer Fakult\u00e4t, an den dezentralen Einrichtungen (UB, ZfS,\nRechenzetrum) usw. seht. Das kann im Prinzip alles sein &#8211; vom HISinOne, \u00fcber\nein zu knappes Kursangebot, Symptomangabe, zu straffe Pr\u00fcfungszeiten, fehlende\nKommunikation, zu wenig UB-Sitzpl\u00e4tze, \u00fcberf\u00fcllte Seminare, fehlende Lehrb\u00fccher\netc.<\/p>\n\n\n\n<p>Daher sind die Fachschaften gefragt &#8211; diskutiert und sammelt\ndas, was euch schon immer aufgeregt hat und sendet eure Punkte an<\/p>\n\n\n\n<p>referat-aussen@stura.org<\/p>\n\n\n\n<p>&nbsp;&nbsp;&nbsp; 2.2. Bewerbungen <\/p>\n\n\n\n<p>&nbsp;&nbsp;&nbsp; 2.3. Finanzantr\u00e4ge <\/p>\n\n\n\n<p>&nbsp;&nbsp;&nbsp; 2.4. Sonstige Antr\u00e4ge <\/p>\n\n\n\n<p>\u00c4nderungsantrag \u00fcberzogene Konten SVB2018 (Asoziales\nNetzwerk)<\/p>\n\n\n\n<p>Diskussion:<\/p>\n\n\n\n<p>pl\u00e4diert f\u00fcr Option A<\/p>\n\n\n\n<p>Vorschlag f\u00fcr Reihung: zuerst \u00c4nderungsantrag Option 1, dann\nOption 2&nbsp;<\/p>\n\n\n\n<p>Abst.: bei einer Enthaltung angenommen<\/p>\n\n\n\n<p>Die Vernetzungsgruppe (Ideelle Unterst\u00fctzung)<\/p>\n\n\n\n<p>Diskussion:<\/p>\n\n\n\n<p>Abst.: einstimmig angenommen<\/p>\n\n\n\n<p>Solidarisierung Magdeburg (Verschiedene)<\/p>\n\n\n\n<p>Diskussion:<\/p>\n\n\n\n<p>Abst.: einstimmig angenommen<\/p>\n\n\n\n<p>neuer WP (Vorstand)<\/p>\n\n\n\n<p>Diskussion:<\/p>\n\n\n\n<p>Abst.: einstimmig angenommen<\/p>\n\n\n\n<p>StuRabbit (Christian Kr\u00f6per)<\/p>\n\n\n\n<p>Diskussion:<\/p>\n\n\n\n<p>Abst.: einstimmig angenommen<\/p>\n\n\n\n<p>Verfassungsbeschwerde einstellen (RCDS)<\/p>\n\n\n\n<p>Diskussion:<\/p>\n\n\n\n<p>laut RCDS soll Klage 25.000\u20ac kosten, sind aber nur 6000\u20ac.\nEgal ob der Antrag angenommen wird. Fordern zus\u00e4tzlich faschistoide\nGesinnungspr\u00fcfungen.<\/p>\n\n\n\n<p>Viele Fehler im Antrag des RCDS. Es werden keine\nGerichtskosten auf uns zukommen. Man soll sich politisch engagieren d\u00fcrfen,\nohne Angst vor Strafverfolgung. Gesinnungspr\u00fcfung soll nur Extremisusverfahren\nsein.&nbsp;<\/p>\n\n\n\n<p>Stimmt mit dem Inhalt nicht \u00fcberein. Zus\u00e4tzlich wurde im\nAntrag nicht auf Fakten eingegangen und nicht gut argumentiert.<\/p>\n\n\n\n<p>Problem ist, dass RCDS in der Vergangenheit festgehalten.\nScheint egal zu sein, dass Daten beim Verfassungsschutz sind.<\/p>\n\n\n\n<p>Gegenantrag beim Vorstand. Wird morgen gemeinsam abgestimmt.<\/p>\n\n\n\n<p>Aspekt des Datenschutzes.<\/p>\n\n\n\n<p>Vorschlag Reihung: Vorstand\/Nein\/RCDS<\/p>\n\n\n\n<p>Abst.:einstimmig angenommen<\/p>\n\n\n\n<p>(Verfassungsbeschwerde unterst\u00fctzen (Vorstand)<\/p>\n\n\n\n<p>Diskussion:<\/p>\n\n\n\n<p>Abst.:)<\/p>\n\n\n\n<p>3. Vorsingen<\/p>\n\n\n\n<p>&nbsp; Antrag auf Verschieben der Abstimmung.<\/p>\n\n\n\n<p>4. Fachschaftsarbeit <\/p>\n\n\n\n<p>&nbsp;&nbsp;&nbsp; 4.1. Kaffee <\/p>\n\n\n\n<p>&nbsp; 1.Schicht: Julius und Jonathan<\/p>\n\n\n\n<p>&nbsp; 2.Schicht: Julius&nbsp;<\/p>\n\n\n\n<p>&nbsp; Einkauf: wird in der Whatsapp Gruppe gekl\u00e4rt<\/p>\n\n\n\n<p>&nbsp;&nbsp;&nbsp; 4.2. Party <\/p>\n\n\n\n<p>&nbsp; AK ArTik nicht anwesend.<\/p>\n\n\n\n<p>&nbsp;&nbsp;&nbsp; 4.3. H\u00fctte <\/p>\n\n\n\n<p>&nbsp; l\u00e4uft<\/p>\n\n\n\n<p>&nbsp;&nbsp;&nbsp; 4.4. Finanzen <\/p>\n\n\n\n<ul class=\"wp-block-list\"><li>Histos\n     haben gefragt, ob wir und die anderen KGIV-Fachschaften uns an den Kosten\n     f\u00fcr Anschaffung eines dreiteiligen Uni-Standard-M\u00fclleimers (475 \u20ac) im Fachschaftsraum\n     anteilig beteiligen (also 118,75 \u20ac) wollen<\/li><li>J.A.\n     hat nachgefragt, warum die FSen das zahlen sollen, weil das doch\n     eigentlich die Uni machen sollte<\/li><li>Histos\n     antworteten, dass Steck (Uni) meinte, wenn die Uni die M\u00fclleimer leeren\n     soll, m\u00fcssen wir selbst zahlen&#8230; Uni f\u00fchle sich wohl nicht zust\u00e4ndig f\u00fcr\n     FS-Raum<\/li><li>I.K.:\n     man k\u00f6nnte \u00fcberlegen, ob man nur einen Stahlm\u00fclleimer kauft, der nur einen\n     Slot hat und wenn der FS Raum ein Fluchtweg ist (Fluchtraum), was er\n     glaube ich ist, die Stahlt\u00fcr, sollte man Steck nochmal kontaktieren, da in\n     Fluchtwegen (wie er mir schrieb) Stahlm\u00fclltonnen aufzustellen sind und\n     dann w\u00e4re das Sache der Uni<\/li><\/ul>\n\n\n\n<p>Diskussion: ist sich ziemlich sicher, dass FS Raum ein Fluchtraum\nist. s.o.<\/p>\n\n\n\n<p>&nbsp;&nbsp;&nbsp; 4.5. Berufsperspektiven<\/p>\n\n\n\n<p>AK nicht anwesend<\/p>\n\n\n\n<p>&nbsp;&nbsp; 4.6. Kritische Perspektiven in der\nPolitikwissenschaft<\/p>\n\n\n\n<ul class=\"wp-block-list\"><li>Im\n     vergangenen Jahr hat die Fachschaft eine Veranstaltung zu kritischen\n     Perspektiven in der Politikwissenschaft veranstaltet<\/li><li>das\n     war gut besucht und es gab viel positives Feedback<\/li><li>f\u00e4nde\n     es cool, das im SoSe2019 nochmal aufzulegen<\/li><\/ul>\n\n\n\n<p>&nbsp; Antrag, Abstimmung zu vertagen.<\/p>\n\n\n\n<p>&nbsp;4.7 Dozierendenstammtisch<\/p>\n\n\n\n<ul class=\"wp-block-list\"><li>Antwort\n     vom Seminar:<\/li><\/ul>\n\n\n\n<p>\u00e0\n\u201evon Seiten der Dozierenden wird es genauso wie bei Ihnen immer Termine geben,\ndie bei einzelnen halt nicht gehen. Ich w\u00fcrde vorschlagen Sie setzen einen\nTermin fest, teilen mir diesen mit und ich kann ihn dann unter meinen\nKolleginnen und Kollegen zirkulieren.<\/p>\n\n\n\n<p>F\u00fcr mich pers\u00f6nlich ginge jetzt\ndie Woche vom 18.-22.02. nicht, aber bei anderen sieht es sicher besser\naus.&#8220;<\/p>\n\n\n\n<p>3 Termine wurden vorgeschlagen: 18.\/19.\/20.02.&nbsp;<\/p>\n\n\n\n<p>Vorschlag, Termin abzusagen, da sich nur wenige am Doodle\nbeteiligt haben.&nbsp;<\/p>\n\n\n\n<p>Letztes Jahr waren auch nur 6 Studis da.<\/p>\n\n\n\n<p>Das sind ja schon recht viele.<\/p>\n\n\n\n<p>Will Termin doch beibehalten, da sich wohl doch ein paar\nLeute finden w\u00fcrden.<\/p>\n\n\n\n<p>20.02 soll jetzt festgelegt werden. Tischreservierung um\n19:00Uhr.&nbsp;&nbsp;<\/p>\n\n\n\n<p>4.8 Listengrillen<\/p>\n\n\n\n<p>vertagt<\/p>\n\n\n\n<p>5. Termine und Sonstiges <\/p>\n\n\n\n<ul class=\"wp-block-list\"><li>Protokollvorlage?<\/li><li>brauchen\n     jemanden, der Protokoll vorbereitet vor der Sitzung<\/li><li>M.M.\n     meldet sich.<\/li><li>n\u00e4chste\n     Woche schon um 18 Uhr Sitzung, damit Essen nicht so sp\u00e4t wird?<\/li><li>Vorschlag\n     angenommen<\/li><li>Logo?<\/li><li>Heute\n     mit P.S. geredet.W\u00e4re cool, wenn das so langsam mal gemacht werden\n     w\u00fcrde.&nbsp;<\/li><li>Haben\n     wir schon bei Z\u00fcndstoff angefragt wegen des Druckens? nein, haben wir\n     nicht, da Vorschlag von P.S. noch ausstehend.<\/li><li>&nbsp;Ist\n     Fraktion: kann man so lassen, wies ist. P.S. soll T Shirt Vorlage\n     vorstellen.<\/li><li>Diskussion\n     vertagt.<\/li><li>Finanzmensch!!!!11!!\n     (siehe Chat)<\/li><li>was\n     w\u00fcrde das bedeuten diese Aufgabe zu \u00fcbernehmen? Geht das auch, wenn man\n     bald 1 Jahr ins Ausland geht?<\/li><li>Ich\n     denke man k\u00f6nnte es vlt mit Jo zusammen machen. Wenn man ins Ausland geht,\n     muss man halt ne Vertretung finden (Jo?). Es geht vor allem darum, dass\n     man ein Konto er\u00f6ffnet, Rechnungen bezahlt wenn sie anfallen und Kasse und\n     Konto ein bisschen im Auge beh\u00e4lt. Ist jetzt nicht sooooo viel Arbeit.<\/li><li>&nbsp;Rechnungen in ne Excel-Tabelle eintragen\n     und abheften. Das wars eig.<\/li><li>Sinn\n     der Sache sollte nicht sein, das aus dem Ausland heraus zu machen, da\n     super anstrengend.<\/li><li>Frage\n     vertagt. Aber sollte dringend gekl\u00e4rt werden. Proaktiv Leute ansprechen,\n     die kein Baf\u00f6g bekommen<\/li><li>Sitzungstermine<\/li><li>immer\n     vor der StuRa-Sitzung<\/li><li>07.02.\n     Podiumsdiskussion zu Dietenbach<\/li><li>16.2.\n     ab 20:22 Uhr im Konf1: ASchtA-Fasnet (mit Bier, Tombola f\u00fcr den guten\n     Zweck, Eduroam-S\u00f6rfer*innen und vielen schlechten B\u00fcttenreden) &#8211; kommt\n     vorbei!<\/li><\/ul>\n\n\n\n<p>6. Lob und Tadel <\/p>\n\n\n\n<p>Lob an alle, die da waren.<\/p>\n\n\n\n<p>Tadel an alle, die nicht da waren.<\/p>\n\n\n\n<p>Lob an alle Erstis, die da waren.<\/p>\n\n\n\n<p>Lob an die Fachschaft<\/p>\n","protected":false},"excerpt":{"rendered":"<p>Fachschaftssitzung vom 4.02.2019 Tagesordnung: 1. Formalia 2. StuRa &nbsp;&nbsp;&nbsp; 2.1. Bericht aus dem StuRa &nbsp;&nbsp;&nbsp; 2.2. Bewerbungen &nbsp;&nbsp;&nbsp; 2.3. Finanzantr\u00e4ge &nbsp;&nbsp;&nbsp; 2.4. Sonstige Antr\u00e4ge 3. Vorsingen&nbsp; 4. Fachschaftsarbeit &nbsp;&nbsp;&nbsp; 4.1. Kaffee &nbsp;&nbsp;&nbsp; 4.2. Party &nbsp;&nbsp;&nbsp; 4.3. H\u00fctte &nbsp;&nbsp;&nbsp; 4.4. Finanzen &nbsp;&nbsp;&nbsp; 4.5. Berufsperspektiven &nbsp;&nbsp;&nbsp; 4.6 Kritische Perspektiven &nbsp;&nbsp;&nbsp; 4.7 Dozierendenstammtisch &nbsp;&nbsp;&nbsp; 4.8 Listengrillen 5. Termine [&hellip;]<\/p>\n","protected":false},"author":14,"featured_media":0,"comment_status":"closed","ping_status":"closed","sticky":false,"template":"","format":"standard","meta":{"iawp_total_views":0,"footnotes":""},"categories":[18],"tags":[],"class_list":["post-2817","post","type-post","status-publish","format-standard","hentry","category-protokolle"],"_links":{"self":[{"href":"https:\/\/www.fspolitik.de\/index.php?rest_route=\/wp\/v2\/posts\/2817","targetHints":{"allow":["GET"]}}],"collection":[{"href":"https:\/\/www.fspolitik.de\/index.php?rest_route=\/wp\/v2\/posts"}],"about":[{"href":"https:\/\/www.fspolitik.de\/index.php?rest_route=\/wp\/v2\/types\/post"}],"author":[{"embeddable":true,"href":"https:\/\/www.fspolitik.de\/index.php?rest_route=\/wp\/v2\/users\/14"}],"replies":[{"embeddable":true,"href":"https:\/\/www.fspolitik.de\/index.php?rest_route=%2Fwp%2Fv2%2Fcomments&post=2817"}],"version-history":[{"count":1,"href":"https:\/\/www.fspolitik.de\/index.php?rest_route=\/wp\/v2\/posts\/2817\/revisions"}],"predecessor-version":[{"id":2818,"href":"https:\/\/www.fspolitik.de\/index.php?rest_route=\/wp\/v2\/posts\/2817\/revisions\/2818"}],"wp:attachment":[{"href":"https:\/\/www.fspolitik.de\/index.php?rest_route=%2Fwp%2Fv2%2Fmedia&parent=2817"}],"wp:term":[{"taxonomy":"category","embeddable":true,"href":"https:\/\/www.fspolitik.de\/index.php?rest_route=%2Fwp%2Fv2%2Fcategories&post=2817"},{"taxonomy":"post_tag","embeddable":true,"href":"https:\/\/www.fspolitik.de\/index.php?rest_route=%2Fwp%2Fv2%2Ftags&post=2817"}],"curies":[{"name":"wp","href":"https:\/\/api.w.org\/{rel}","templated":true}]}}