{"id":2822,"date":"2019-04-02T11:19:00","date_gmt":"2019-04-02T09:19:00","guid":{"rendered":"http:\/\/www.fspolitik.de\/?p=2822"},"modified":"2019-04-02T11:19:01","modified_gmt":"2019-04-02T09:19:01","slug":"protokoll-der-fachbereichssitzung-vom-11-02-2019","status":"publish","type":"post","link":"https:\/\/www.fspolitik.de\/?p=2822","title":{"rendered":"Protokoll der Fachbereichssitzung vom 11.02.2019"},"content":{"rendered":"\n<p>Fachschaftssitzung vom 11.2.2019<\/p>\n\n\n\n<p>Tagesordnung: <\/p>\n\n\n\n<p>1. Formalia <\/p>\n\n\n\n<p>2. StuRa <\/p>\n\n\n\n<p>&nbsp;&nbsp;&nbsp; 2.1. Bericht aus dem StuRa <\/p>\n\n\n\n<p>&nbsp;&nbsp;&nbsp; 2.2. Bewerbungen <\/p>\n\n\n\n<p>&nbsp;&nbsp;&nbsp; 2.3. Finanzantr\u00e4ge <\/p>\n\n\n\n<p>&nbsp;&nbsp;&nbsp; 2.4. Sonstige Antr\u00e4ge<\/p>\n\n\n\n<p>&nbsp;&nbsp;&nbsp; 2.5 Solidarisierung mit Stellungnahme zu\nroter Hilfe<\/p>\n\n\n\n<p>3. Vorsingen&nbsp;<\/p>\n\n\n\n<p>4. BuFaTa Bremen<\/p>\n\n\n\n<p>5. Fachschaftsarbeit&nbsp;<\/p>\n\n\n\n<p>&nbsp;&nbsp;&nbsp; 5.1. Kaffee&nbsp;<\/p>\n\n\n\n<p>&nbsp;&nbsp;&nbsp; 5.2. Party&nbsp;<\/p>\n\n\n\n<p>&nbsp;&nbsp;&nbsp; 5.3. H\u00fctte&nbsp;<\/p>\n\n\n\n<p>&nbsp;&nbsp;&nbsp; 5.4. Finanzen&nbsp;<\/p>\n\n\n\n<p>&nbsp;&nbsp;&nbsp; 5.5. Berufsperspektiven&nbsp;<\/p>\n\n\n\n<p>6. Termine und Sonstiges&nbsp;<\/p>\n\n\n\n<p>7. Lob und Tadel&nbsp;<\/p>\n\n\n\n<p>&#8212;&#8212;&#8212;&#8212;&#8212;&#8212;&#8212;&#8212;&#8212;&#8212;&#8212;&#8212;&#8212;&#8211; <\/p>\n\n\n\n<p>Protokoll<\/p>\n\n\n\n<p>Tagesordnung <\/p>\n\n\n\n<p>1. Formalia <\/p>\n\n\n\n<p>Redeleitung (m*): Moritz<\/p>\n\n\n\n<p>Protokoll: Anna&nbsp;<\/p>\n\n\n\n<p>Beschlussf\u00e4higkeit: ja<\/p>\n\n\n\n<p>Genehmigung des Protokolls: ja<\/p>\n\n\n\n<p>Vorschl\u00e4ge zur TO: Top 3 Vorsingen<\/p>\n\n\n\n<p>2. StuRa <\/p>\n\n\n\n<p>&nbsp;&nbsp;&nbsp; 2.1. Bericht aus dem StuRa <\/p>\n\n\n\n<p>&nbsp;&nbsp;&nbsp; 2.2. Bewerbungen <\/p>\n\n\n\n<p>Business-and-Law Kommission (Nadine Rapp)<\/p>\n\n\n\n<p>Eilabgestimmt: Ja&nbsp;<\/p>\n\n\n\n<p>&nbsp;&nbsp;&nbsp; 2.3. Finanzantr\u00e4ge <\/p>\n\n\n\n<p>Tagung &#8222;Wie \u00fcber Geschlechterverh\u00e4ltnisse\nsprechen?&#8220; (B\u00fcndnis Nebenwidersprecher*Innen) 2000\u20ac<\/p>\n\n\n\n<p>Abst.: bei 2 Enthaltungen angenommen<\/p>\n\n\n\n<p>\u00e0 Model United Nations\n2019: 2000\u20ac<\/p>\n\n\n\n<p>Gegenvorschl\u00e4ge: 1312\u20ac<\/p>\n\n\n\n<p>Abst.: 2000\u20ac angenommen&nbsp;<\/p>\n\n\n\n<p>Diskussion: kurze Erkl\u00e4rung des Projekts<\/p>\n\n\n\n<p>\u00e0\nschon sehr viel, dann ist die Frage ob wir so viel Geld f\u00fcr so viele\nStudierende ausgeben wollen.<\/p>\n\n\n\n<p>Es w\u00e4re nicht so gut, wenn das jetzt Gang und G\u00e4be wird,\ndass das aus dem StuRa finanziert wird, k\u00f6nnte man da nicht vielleicht auch\n\u00fcber die SVB-Mittel gehen?<\/p>\n\n\n\n<p>Evtl. w\u00fcrde der neue Lehrstuhl das auch als\nLehrveranstaltung wieder einf\u00fchren, dann w\u00e4re es nat\u00fcrlich gut, wenn es dieses\nMal gut l\u00e4uft<\/p>\n\n\n\n<p>Nicht sicher, inwiefern das aus dem Semesterbeitrag\nfinanziert werden sollte, da es exklusiv ist und nur wenigen Studis zugutekommt<\/p>\n\n\n\n<p>Daran nehmen auch viele Politikstudis teil, w\u00e4re gut, wenn\ndas l\u00e4uft, dann w\u00fcrde es vielleicht nochmal stattfinden<\/p>\n\n\n\n<p>\u00e0\nAutonome Polizeischule &#8211; Workshopwochenende (Infoladen Freiburg) 1946,80\u20ac<\/p>\n\n\n\n<p>Weitere Vorschl\u00e4ge: 1945\u20ac<\/p>\n\n\n\n<p>Abst.: 1946,80\u20ac angenommen<\/p>\n\n\n\n<p>&nbsp;&nbsp;&nbsp; 2.4. Sonstige Antr\u00e4ge <\/p>\n\n\n\n<p>\u00e0\nIdeelle Unterst\u00fctzung Extiction Rebellion<\/p>\n\n\n\n<p>&nbsp; Abst.: Ja: Mehrheit&nbsp;&nbsp;&nbsp;&nbsp;&nbsp;\nNein:&nbsp;&nbsp;&nbsp;&nbsp;&nbsp; Enthalten: &#8211;&gt;angenommen<\/p>\n\n\n\n<p>&nbsp;&nbsp;&nbsp; 2.5 Solidarisierung mit Stellungnahme zu\nroter Hilfe (initiativ einbringen)<\/p>\n\n\n\n<p>&nbsp;&nbsp;&nbsp;&nbsp;&nbsp;&nbsp;&nbsp;&nbsp;&nbsp;&nbsp;&nbsp;\nAbst.: angenommen<\/p>\n\n\n\n<p>3. Vorsingen<\/p>\n\n\n\n<p>off Protokoll<\/p>\n\n\n\n<p>4. BuFaTa Bremen<\/p>\n\n\n\n<ul class=\"wp-block-list\"><li>findet\n     von 17.-19. Mai statt<\/li><li>ist\n     zwar noch ein Weile bis dahin, allerdings k\u00f6nnen wir bei fr\u00fchzeitigem Buchen\n     eine Menge Geld sparen (Gruppensparpreis Bahn Stand jetzt: ca. 400 \u20ac f\u00fcr\n     insg. 6 Personen)<\/li><li>entweder\n     heute oder erst Mitte April &#8230;<\/li><li>gibt\n     es schon Leute die Interesse haben? (Man k\u00f6nnte bspw. auch schon einmal\n     buchen und dann Leute finden)<\/li><li>Wir\n     k\u00f6nnten schon einmal Fahrkarten f\u00fcr 6 Leute kaufen und dann Leute suchen,\n     die mitgehen? Wenn wir zu 6. fahren sind es so 400\u20ac<\/li><li>oder\n     lieber Auto mieten?&nbsp;<\/li><li>Stimmungsbild,\n     wer hat Interesse? schon so 5-6<\/li><li>Jonathan\n     macht doodle und bucht dann Gruppenticket<\/li><\/ul>\n\n\n\n<p>5. Fachschaftsarbeit&nbsp;<\/p>\n\n\n\n<p>&nbsp;&nbsp;&nbsp; 5.1. Kaffee&nbsp;<\/p>\n\n\n\n<p>Einkauf: Moritz&nbsp;<\/p>\n\n\n\n<p>12-13 Uhr<\/p>\n\n\n\n<p>13-14 Uhr&nbsp;<\/p>\n\n\n\n<p>&nbsp;&nbsp;&nbsp; 5.2. Party&nbsp;<\/p>\n\n\n\n<p>Paul muss mal unser Zeug abholen gehen<\/p>\n\n\n\n<p>geben eine Flasche als Gewinn bei der Aschta-Fasnet<\/p>\n\n\n\n<p>&nbsp;&nbsp;&nbsp; 5.3. H\u00fctte&nbsp;<\/p>\n\n\n\n<p>Sommerh\u00fctte: 24-26. Mai<\/p>\n\n\n\n<p>&nbsp;&nbsp;&nbsp; 5.4. Finanzen&nbsp;<\/p>\n\n\n\n<p>J.E. und L.S. tun sich zusammen, um vor allem alles\nbez\u00fcglich Konto zu kl\u00e4ren&nbsp;&nbsp;<\/p>\n\n\n\n<p>&nbsp;&nbsp;&nbsp; 5.5. Berufsperspektiven&nbsp;<\/p>\n\n\n\n<p>genauer Termin noch nicht bekannt<\/p>\n\n\n\n<p>Anfang Sommersemester<\/p>\n\n\n\n<p>geplante Leute kommen \u00fcber den Verteiler, fehlt noch eine\nFrau<\/p>\n\n\n\n<p>6. Termine und Sonstiges&nbsp;<\/p>\n\n\n\n<p>16.02. ab 20:16 Uhr: ASchtA-Fasnet in der Belfortstr. 24 &#8211;\nalle kommen!!1!ELF!!<\/p>\n\n\n\n<p>20.02 ab 19 Uhr: Dozierendenstammisch im Feierling<\/p>\n\n\n\n<p>24.02: B\u00fcrgerentscheid Dietenbach<\/p>\n\n\n\n<p>Ferientermine: Immer in der Woche vor der StuRa-Sitzungen<\/p>\n\n\n\n<p>7. Lob und Tadel&nbsp;<\/p>\n\n\n\n<p>Lob an Lukas f\u00fcr Konto<\/p>\n\n\n\n<p>Tadel, dass Mo so schwer zu erreichen war<\/p>\n\n\n\n<p>Lob dass es heute nur vegetarisches Essen gibt<\/p>\n\n\n\n<p>Lob an A.Z. f\u00fcr alles &lt;3<\/p>\n","protected":false},"excerpt":{"rendered":"<p>Fachschaftssitzung vom 11.2.2019 Tagesordnung: 1. Formalia 2. StuRa &nbsp;&nbsp;&nbsp; 2.1. Bericht aus dem StuRa &nbsp;&nbsp;&nbsp; 2.2. Bewerbungen &nbsp;&nbsp;&nbsp; 2.3. Finanzantr\u00e4ge &nbsp;&nbsp;&nbsp; 2.4. Sonstige Antr\u00e4ge &nbsp;&nbsp;&nbsp; 2.5 Solidarisierung mit Stellungnahme zu roter Hilfe 3. Vorsingen&nbsp; 4. BuFaTa Bremen 5. Fachschaftsarbeit&nbsp; &nbsp;&nbsp;&nbsp; 5.1. Kaffee&nbsp; &nbsp;&nbsp;&nbsp; 5.2. Party&nbsp; &nbsp;&nbsp;&nbsp; 5.3. H\u00fctte&nbsp; &nbsp;&nbsp;&nbsp; 5.4. Finanzen&nbsp; &nbsp;&nbsp;&nbsp; 5.5. Berufsperspektiven&nbsp; 6. [&hellip;]<\/p>\n","protected":false},"author":14,"featured_media":0,"comment_status":"closed","ping_status":"closed","sticky":false,"template":"","format":"standard","meta":{"iawp_total_views":0,"footnotes":""},"categories":[18],"tags":[],"class_list":["post-2822","post","type-post","status-publish","format-standard","hentry","category-protokolle"],"_links":{"self":[{"href":"https:\/\/www.fspolitik.de\/index.php?rest_route=\/wp\/v2\/posts\/2822","targetHints":{"allow":["GET"]}}],"collection":[{"href":"https:\/\/www.fspolitik.de\/index.php?rest_route=\/wp\/v2\/posts"}],"about":[{"href":"https:\/\/www.fspolitik.de\/index.php?rest_route=\/wp\/v2\/types\/post"}],"author":[{"embeddable":true,"href":"https:\/\/www.fspolitik.de\/index.php?rest_route=\/wp\/v2\/users\/14"}],"replies":[{"embeddable":true,"href":"https:\/\/www.fspolitik.de\/index.php?rest_route=%2Fwp%2Fv2%2Fcomments&post=2822"}],"version-history":[{"count":1,"href":"https:\/\/www.fspolitik.de\/index.php?rest_route=\/wp\/v2\/posts\/2822\/revisions"}],"predecessor-version":[{"id":2823,"href":"https:\/\/www.fspolitik.de\/index.php?rest_route=\/wp\/v2\/posts\/2822\/revisions\/2823"}],"wp:attachment":[{"href":"https:\/\/www.fspolitik.de\/index.php?rest_route=%2Fwp%2Fv2%2Fmedia&parent=2822"}],"wp:term":[{"taxonomy":"category","embeddable":true,"href":"https:\/\/www.fspolitik.de\/index.php?rest_route=%2Fwp%2Fv2%2Fcategories&post=2822"},{"taxonomy":"post_tag","embeddable":true,"href":"https:\/\/www.fspolitik.de\/index.php?rest_route=%2Fwp%2Fv2%2Ftags&post=2822"}],"curies":[{"name":"wp","href":"https:\/\/api.w.org\/{rel}","templated":true}]}}