{"id":2824,"date":"2018-11-05T11:29:34","date_gmt":"2018-11-05T09:29:34","guid":{"rendered":"http:\/\/www.fspolitik.de\/?p=2824"},"modified":"2019-04-02T11:31:32","modified_gmt":"2019-04-02T09:31:32","slug":"protokoll-der-fachbereichssitzung-vom-05-11-2018","status":"publish","type":"post","link":"https:\/\/www.fspolitik.de\/?p=2824","title":{"rendered":"Protokoll der Fachbereichssitzung vom 05.11.2018"},"content":{"rendered":"\n<p>Fachschaftssitzung vom 5.11.2018<\/p>\n\n\n\n<p>Tagesordnung:<\/p>\n\n\n\n<p>1. Formalia<\/p>\n\n\n\n<p>2. StuRa<\/p>\n\n\n\n<p>&nbsp;&nbsp;&nbsp; 2.1. Bericht aus dem StuRa<\/p>\n\n\n\n<p>&nbsp;&nbsp;&nbsp; 2.2. Bewerbungen<\/p>\n\n\n\n<p>&nbsp;&nbsp;&nbsp; 2.3. Finanzantr\u00e4ge<\/p>\n\n\n\n<p>&nbsp;&nbsp;&nbsp; 2.4. Sonstige Antr\u00e4ge<\/p>\n\n\n\n<p>&nbsp;&nbsp;&nbsp; 2.5. Antr\u00e4ge auf Urabstimmung (werden\nmorgen eilabgestimmt)<\/p>\n\n\n\n<p>3.&nbsp;Berichte<\/p>\n\n\n\n<p>4. Studentisches Mitglied Kommission Systemakkreditierung<\/p>\n\n\n\n<p>5. Fachschaftsarbeit&nbsp;<\/p>\n\n\n\n<p>&nbsp;&nbsp;&nbsp;&nbsp;5.1. Kaffee&nbsp;<\/p>\n\n\n\n<p>&nbsp;&nbsp;&nbsp;&nbsp;5.2. Party&nbsp;<\/p>\n\n\n\n<p>&nbsp;&nbsp;&nbsp;&nbsp;5.3. H\u00fctte&nbsp;<\/p>\n\n\n\n<p>&nbsp;&nbsp;&nbsp;&nbsp;5.4. Finanzen&nbsp;<\/p>\n\n\n\n<p>&nbsp;&nbsp;&nbsp;&nbsp;5.5. Anfrage ArTik Podiumsdiskussion<\/p>\n\n\n\n<p>&nbsp;&nbsp;&nbsp;&nbsp;5.6. BuFaTa<\/p>\n\n\n\n<p>5. Termine und Sonstiges<\/p>\n\n\n\n<p>6. Lob und Tadel<\/p>\n\n\n\n<p>&#8212;&#8212;&#8212;&#8212;&#8212;&#8212;&#8212;&#8212;&#8212;&#8212;&#8212;&#8212;&#8212;&#8211;<\/p>\n\n\n\n<p>Protokoll<\/p>\n\n\n\n<p>Tagesordnung<\/p>\n\n\n\n<p>1. Formalia<\/p>\n\n\n\n<p>Redeleitung (w*):&nbsp;I.K.<\/p>\n\n\n\n<p>Protokoll:Pau.Sau.<\/p>\n\n\n\n<p>Beschlussf\u00e4higkeit:ja<\/p>\n\n\n\n<p>Genehmigung des Protokolls:<\/p>\n\n\n\n<p>Vorschl\u00e4ge zur TO:<\/p>\n\n\n\n<p>2. StuRa<\/p>\n\n\n\n<p>&nbsp;&nbsp;&nbsp; 2.1. Bericht aus dem StuRa<\/p>\n\n\n\n<p>&nbsp;&nbsp;&nbsp; 2.1.1 Vorstandsbericht<\/p>\n\n\n\n<ul class=\"wp-block-list\"><li>Haushalt<\/li><li>Werden\n     wir mit vielen Vorschl\u00e4gen und Infos in die n\u00e4chste StuRa-Sitzung\n     einbringen, da es bis Ende November beschlossen sein muss.<\/li><li>haben\n     eine Liste mit Budgets der einzelnen Fachbereiche, teilweise viel Geld\n     \u00fcbrig<\/li><li>Ersti-Veranstaltungen\n     abrechnen nicht vergessen<\/li><li>Kassenschluss\n     30.11<\/li><li>k\u00f6nnen\n     das auf Anfrage rausgeben<\/li><li>Schreiben\n     die Protokollstelle + Fahrradwerkstatt aus<\/li><li>Haben\n     die Beratungsstelle &#8222;Studieren mit Kind&#8220; neu besetzt<\/li><li>Stand\n     Fahrradverleihsystem&nbsp;<\/li><li>Gespr\u00e4che\n     werden gef\u00fchrt<\/li><li>Verbandsversicherung?<\/li><li>gibt\n     es noch nicht, aber ist in Planung<\/li><\/ul>\n\n\n\n<p>&nbsp;&nbsp;&nbsp; 2.2. Bewerbungen<\/p>\n\n\n\n<ul class=\"wp-block-list\"><li>Sina\n     Elbers (StuRa-Pr\u00e4sidium)<\/li><li>Diskussion:<\/li><li>Abst.:<\/li><\/ul>\n\n\n\n<ul class=\"wp-block-list\"><li>Deborah\n     Benthin (WSSK)<\/li><li>Diskussion:<\/li><li>Abst.:<\/li><\/ul>\n\n\n\n<ul class=\"wp-block-list\"><li>Felix\n     Frank (WSSK)<\/li><li>Diskussion:<\/li><li>Abst.:<\/li><\/ul>\n\n\n\n<ul class=\"wp-block-list\"><li>Lea\n     Nesselhauf (WSSK)<\/li><li>Diskussion:<\/li><li>Abst.:<\/li><\/ul>\n\n\n\n<ul class=\"wp-block-list\"><li>Frederik\n     Klett (Referat gegen Antisemitismus, stv.)<\/li><li>Diskussion:<\/li><li>Abst.:<\/li><\/ul>\n\n\n\n<p>&nbsp;&nbsp;&nbsp; 2.3. Finanzantr\u00e4ge<\/p>\n\n\n\n<ul class=\"wp-block-list\"><li>Tour\n     Alternatiba (Alternatiba Freiburg)<\/li><li>beantragt:\n     250,00 \u20ac<\/li><li>Diskussion:<\/li><li>Abst.:<\/li><\/ul>\n\n\n\n<ul class=\"wp-block-list\"><li>AGORA\n     young feminist reunion (Annika Spahn)<\/li><li>beantragt:\n     110,40 \u20ac<\/li><li>Diskussion:<\/li><li>Abst.:<\/li><\/ul>\n\n\n\n<ul class=\"wp-block-list\"><li>Ersti\n     H\u00fctte FS EZW (FB EZW)<\/li><li>beantragt:\n     250,00 \u20ac<\/li><li>Diskussion:<\/li><li>Abst.:<\/li><\/ul>\n\n\n\n<p>&nbsp;&nbsp;&nbsp; 2.4. Sonstige Antr\u00e4ge<\/p>\n\n\n\n<ul class=\"wp-block-list\"><li>Ideelle\n     Unterst\u00fctzung Initiative Nachhaltigkeitsb\u00fcro (Initiative\n     Nachhaltigkeitsb\u00fcro)<\/li><li>Diskussion:<\/li><li>Abst.:<\/li><\/ul>\n\n\n\n<p>&nbsp;&nbsp;&nbsp; 2.5. Antr\u00e4ge auf Urabstimmung (werden\nmorgen eilabgestimmt)<\/p>\n\n\n\n<ul class=\"wp-block-list\"><li><strong>Abstimmungsfrage<\/strong>:\n     Soll ein landesweites Semesterticket zu folgenden Konditionen eingef\u00fchrt\n     werden?<\/li><li>Das\n     geplante landesweite Semesterticket besteht aus einem Solidarteil und zwei\n     optionalen Teilen<\/li><li>Der\n     Solidarteil in H\u00f6he von 97,55 \u20ac pro Semester wird von allen\n     eingeschriebenen Studierenden gezahlt. F\u00fcr diesen Betrag wird die\n     Baden-W\u00fcrttemberg-weite Nutzung des Nahverkehrs mit dem\n     Studierendenausweis unter der Woche nach 18 Uhr und an Wochenenden sowie\n     an Feiertagen ganztags erm\u00f6glicht (jeweils bis Betriebsschluss)<\/li><li>Zwei\n     optionale Teile k\u00f6nnen auf Wunsch dazu gekauft werden. Wichtig: Der Erwerb\n     des zweiten Teils (landesweite Komponente) ist nur in einer Kombination\n     mit dem ersten Teil (lokales Semesterticket) m\u00f6glich<\/li><li>1.\n     Lokales Semesterticket \u2013 erm\u00f6glicht die Fahrt im Tarifgebiet des RVF jeden\n     Tag und rund um die Uhr. Aktueller Kostenpunkt: 95 \u20ac pro Semester<\/li><li>2.\n     Landesweites Semesterticket \u2013 erm\u00f6glicht Fahrten im Nahverkehr in ganz\n     Baden-W\u00fcrttemberg jeden Tag und rund um die Uhr. Kostenpunkt: 198,25 \u20ac pro\n     Semester<\/li><li>Gesamtpreis:\n     Solidaranteil + lokales Semesterticket: 192,55 \u20ac pro Semester<\/li><li>Erm\u00f6glicht\n     rund um die Uhr die Fahrt im Tarifgebiet des RVF, werktags ab 18 Uhr und\n     an Wochenenden \/ Feiertagen ganztags die Fahrt in ganz Baden-W\u00fcrttemberg<\/li><li>Gesamtpreis\n     f\u00fcr alle Komponenten: 390,80 \u20ac pro Semester<\/li><li>Erm\u00f6glicht\n     die Fahrt in ganz Baden-W\u00fcrttemberg jeden Tag und rund um die Uhr<\/li><li>Diskussion::\n     J.A. erkl\u00e4rt&#8230;sehr sorgf\u00e4ltig..<\/li><li>Man\n     ist sich einig, dass es sehr teuer ist<\/li><li>Ein\n     Drittel aller BW-Student*innen m\u00fcsses das Konzept ablehnen, damit es\n     kippt.&nbsp;<\/li><li>Frage?\n     Machen wir (Uni Freiburg) eine Urabstimmung gegen das Semesterticket?\n     (Urabstimmung w\u00fcrde ca. 9000\u20ac kosten, wenn mit Uni-Wahlen gekoppelt ca.\n     3000\u20ac). Wahrscheinlichkeit hoch, dass es auch ohne Urabstimmung der Uni\n     Freiburg kippt.&nbsp;<\/li><li>GO-Antrag&nbsp;A.Z.:&nbsp;auf\n     Reihung&nbsp;&#8211; zur\u00fcckgezogen<\/li><li>Wenn\n     wir keine Urabstimmung machen, ist der Stand der gleiche (wie die letzten\n     3 Jahre): die Landes-Asten-Konferenz wei\u00df, dass wir gegen das neue\n     BW-weite Semesterticket sind.<\/li><li>GO-Antrag:\n     A.Z. Ende der Redeliste: einstimmig angenommen.<\/li><li>Go-Antrag:\n     A.Z. Blockabstimmung, angonommen.<\/li><li>Abst.:&nbsp;Daf\u00fcr:\n     1<\/li><li>Enthaltung:\n     3<\/li><li>Dagegen:\n     der Rest (viele)&nbsp;<\/li><\/ul>\n\n\n\n<ul class=\"wp-block-list\"><li><strong>Abstimmungsfrage:<\/strong>&nbsp;Soll\n     es f\u00fcr die weiteren Verhandlungen \u00fcber ein Landesweites Semesterticket\n     einen maximalen Gesamtpreis geben? Der Gesamtpreis des Tickets berechnet\n     sich hierbei aus dem Solidarbeitrag der in den Semestergeb\u00fchren enthalten\n     ist und eine individuelle Zuzahlung.<\/li><li>[\u2026]\n     Ja es soll mit einem Maximalpreis von 150 \u20ac verhandelt werden.<\/li><li>[\u2026]\n     Ja es soll mit einem Maximalpreis von 200 \u20ac verhandelt werden.<\/li><li>[\u2026]\n     Ja es soll mit einem Maximalpreis von 250 \u20ac verhandelt werden.<\/li><li>[\u2026]\n     Ja es soll mit einem Maximalpreis von 300 \u20ac verhandelt werden.<\/li><li>[\u2026]\n     Ja es soll mit einem Maximalpreis von 350 \u20ac verhandelt werden.<\/li><li>[\u2026]\n     Ja es soll mit einem Maximalpreis von 400 \u20ac verhandelt werden.<\/li><li>[\u2026]\n     Ja es soll mit einem Maximalpreis von 450 \u20ac verhandelt werden.<\/li><li>[\u2026]\n     Nein es soll keinen Maximalpreis f\u00fcr die Verhandlungen geben.<\/li><li>Diskussion:<\/li><li>Abst.:<\/li><\/ul>\n\n\n\n<ul class=\"wp-block-list\"><li><strong>Abstimmungsfrage:&nbsp;<\/strong>Soll\n     das Geb\u00e4ude in der Belfortstr. 24, in \u201eStudierendenhaus\u201c umbenannt werden?\n     Das Geb\u00e4ude ist seit Jahren die Heimat der Studierendenvertretung. Nun\n     soll sich dies auch im Namen des Geb\u00e4udes niederschlagen.<\/li><li>[\u2026]\n     Das Geb\u00e4ude in der Belfortstr. 24 soll in \u201eStudierendenhaus\u201c umbenannt\n     werden.<\/li><li>[\u2026]\n     Das Geb\u00e4ude in der Belfortstr. 24 soll nicht umbenannt werden.<\/li><li>Diskussion:&nbsp;M.M.\n     meint, bitte auch gleich entscheiden wie die ersten beiden Fragen, weil\n     sonst m\u00fcssen wir nur Urabstimmung zu der Frage machen<\/li><li>Abst.:<\/li><\/ul>\n\n\n\n<p>3.&nbsp;Berichte&nbsp;<\/p>\n\n\n\n<p>&nbsp;&nbsp;&nbsp; 3.1. Bericht Berufungskommission<\/p>\n\n\n\n<p>&nbsp;M.M. berichtet<\/p>\n\n\n\n<p>&nbsp;&nbsp;&nbsp; 3.2. Bericht Gesch\u00e4ftsf\u00fchrungstreffen<\/p>\n\n\n\n<ul class=\"wp-block-list\"><li>Mail\n     Wagschal:<\/li><li>&#8222;Wir\n     m\u00fcssen den Termin doch auf den 14.1 um 10.30 legen, da ich am 7.1 den\n     ganzen Tag in einer anderen Berufungskommission verbringen muss.&#8220;<\/li><\/ul>\n\n\n\n<ul class=\"wp-block-list\"><li>J.R.:&nbsp;Wagschal,\n     Haas, J\u00e4ckle plus zwei Studiengangskoordinatoren&nbsp;waren da<\/li><li>Beruforientierungsveranstaltung:&nbsp;im\n     Januar, nur noch 4 statt 6 Personen einladen. Menschen aus verschiedensten\n     Disziplinen der PoWi einalden. FS Pol soll sich auch Gedanken \u00fcber\n     Menschen machen, die man einladen k\u00f6nnte. Vorschlag Wagschal: Infoblock\n     vor der eigentlichen Veranstaltung, wo und wie sucht man nach Jobs als\n     Politikwissenschaftler*innen etc.<\/li><li>Master:\n     (vorschlag von HaHe) wurde ge\u00e4ndert.<\/li><li>Mehr\n     Seminar auf englisch: Der Lehrstuhl will n\u00e4chstes Semester probieren mehr\n     anzubieten. LAS Seminar sind auch frei f\u00fcr PoWi Student*innen,&nbsp; LAS\n     Student*innen werden bevorzugt.<\/li><li>Master\n     of&nbsp;education: &#8222;2&#8220; (niedrig einstellige Zahl und nicht nur\n     eine Person) Menschen haben diesen Master begonnen hier in Freiburg,\n     lassen auch im SoSe zu, gibt insgesamt 22 Pl\u00e4tze (80% im Winter-, 20% im\n     Sommersemester); Zusicherung: jeder der einen Bachelor in FR macht, kann\n     auch einen Master in FR machen.<\/li><li>Warum\n     gibt es nur ein eigenst\u00e4ndiges Master Seminar? Brauchen genau eins f\u00fcr die\n     Akreditierung, sind generell ehr schlecht besucht&nbsp;<\/li><li>Dozierenden-Stammtisch:\n     wahrscheinlich im Januar, sollen auf J\u00e4ckle zukommen<\/li><li>Poly-Lehramt:\n     Schein f\u00fcr Pflichpraktikum, jerde*r kann sich schein f\u00fcr Pflichtpraktikum\n     abholen<\/li><li>Probleme\n     mit PH, kann man auch R\u00fcckmelden&nbsp;<\/li><li>neues\n     Gesch\u00e4ftsf\u00fchrungstreffen, 14.01 10:30 Uhr<\/li><li>Hauptseminar:\n     Essay und m\u00fcndliche statt Hausarbeit (in SL Hauptseminar)<\/li><li>m\u00fcssen\n     wir unsere PO \u00e4ndern? -&gt; Nein<\/li><li>das\n     ist so, im Modulhandbuch schon ge\u00e4ndert<\/li><\/ul>\n\n\n\n<p>4. Studentisches Mitglied Kommission Systemakkreditierung<\/p>\n\n\n\n<ul class=\"wp-block-list\"><li>Prof.&nbsp;\n     Dr. Epkenhans (Studiendekan der Phil. Fakult\u00e4t) sucht h\u00e4nderingend und sehr\n     eilig ein studentisches Mitglied in der Kommission zur\n     Systemakkreditierung&nbsp;<\/li><li>hat\n     die&nbsp; genaue Aufgabe allerdings nicht n\u00e4her ausgef\u00fchrt<\/li><li>was\n     tut diese Kommission eigentlich; welche Aufgaben haben studentische\n     Mitglieder?<\/li><li>wer\n     wei\u00df mehr dazu? Evtl. I.K.? Ha.He.?<\/li><li>selbst\n     wenn es erstmal nur f\u00fcr eine Sitzung in diesem&nbsp; Semester ist, w\u00e4re\n     ihm schon wohl sehr geholfen<\/li><li>Deshalb:\n     K\u00f6nnte sich&nbsp; jemand vorstellen, den Sitz zu \u00fcbernehmen?<\/li><li>Wenn\n     sich jemand&nbsp; findet k\u00f6nnte sie oder er sich direkt an Prof. Epkenhans\n     unter&nbsp;<a href=\"mailto:tim.epkenhans@orient.uni-freiburg.de\" target=\"_blank\" rel=\"noreferrer noopener\">tim.epkenhans@orient.uni-freiburg.de<\/a>&nbsp;wenden.<\/li><li>&nbsp;wollen\n     ihn nur ungerne auf die studentischen Mitglieder im FakRat (wer auch immer\n     das zur Zeit ist) verweisen, da diese viel zu tun haben<\/li><\/ul>\n\n\n\n<ul class=\"wp-block-list\"><li>Email:\n     &#8222;Ich kann die&nbsp; Kommission nur in Ans\u00e4tzen bewerben, da sie sich\n     noch nicht konstituiert&nbsp; hat. Ich kann mich daran erinnern, dass die\n     Studierenden eine&nbsp;&nbsp; Kompensation f\u00fcr die Arbeit in der\n     Kommission verlangten &#8211; das kann&nbsp; Fakult\u00e4t jedoch nicht leisten\n     (Gremienarbeit auch unter den Professoren&nbsp; wird nicht kompensiert).<\/li><li>Bei&nbsp;\n     der Systemakkreditierung handelt es sich um eine weiterentwickelte\n     Form&nbsp; der Akkreditierung der einzelnen Studieng\u00e4nge, nun aber f\u00fcr\n     das&nbsp; \u201eSystem\u201c Universit\u00e4t. Ich denke, dass k\u00f6nnte recht interessant\n     f\u00fcr&nbsp; Einsichten in das Funktionieren der Universit\u00e4t sein, zudem wird\n     die&nbsp; Systemakkreditierung auch f\u00fcr die Exzellenz wichtig.<\/li><li>Da\n     hier die&nbsp; Studierenden ja durchaus kritische Anmerkungen haben\n     (nicht&nbsp; unberechtigt), ist es m.E. wichtig, dass Studierende in diese\n     Kommission&nbsp; eingebunden sind. Aus diesem Grund w\u00e4re es sch\u00f6n, wenn\n     sich jemand bereit findet, diese Aufgabe zu \u00fcbernehmen.&#8220;<\/li><\/ul>\n\n\n\n<ul class=\"wp-block-list\"><li>Diskussion:\n     I.K. erkl\u00e4rt Systemak.<\/li><li>man\n     akkredetiert sich jetzt selber<\/li><li>sind\n     immer Studis aus andere F\u00e4chern<\/li><li>es\n     gab externe Agenturen, das war aber teuer<\/li><li>jetzt\n     kriegen Studis keine Aufwandsentsch\u00e4digung mehr<\/li><li>es\n     gibt einen Pool, aus diesem werden dann Leute gelost, eine Person (f\u00fcr\n     einen Studiengang, der akkreditiert werden musst)<\/li><li>10-20h\n     Aufwand Minimum, weil man sich viel einlesen muss<\/li><li>FakRat-Menschen\n     sollten eigentlich Studis das vorschlagen, werden dann im Senat gew\u00e4hlt<\/li><li>damals\n     wurden einfach Leute aus der Fakult\u00e4t gew\u00e4hlt<\/li><li>sehr\n     schwierig, dass es \u00fcber dieses Weg passiert, nicht ok<\/li><li>wir\n     haben die entsprechenden Strukturen, Leute sollen sich an die offiziellen\n     Strukturen wenden<\/li><\/ul>\n\n\n\n<ul class=\"wp-block-list\"><li>eigentlich\n     kein offizieller Weg die Mitglieder zu benennen<\/li><li>I.K:\n     schreibt&nbsp;Mail, von der FS Pol Mailadresse&nbsp;an Epkenhans.<\/li><\/ul>\n\n\n\n<p>5. Fachschaftsarbeit&nbsp;<\/p>\n\n\n\n<p>&nbsp;&nbsp;&nbsp;&nbsp;5.1. Kaffee&nbsp;<\/p>\n\n\n\n<ul class=\"wp-block-list\"><li>Neuwahl\n     AK Kaffee<\/li><li>Bewerber:\n     MoM\u00fc gew\u00e4hlt!<\/li><li>Aufgaben:\n     Koordinieren, neue Sachen kaufen, Orga-Kram<\/li><li>M.E.\n     ist gew\u00e4hlt!<\/li><\/ul>\n\n\n\n<p>&nbsp;&nbsp;&nbsp;&nbsp;5.2. Party&nbsp;<\/p>\n\n\n\n<ul class=\"wp-block-list\"><li>&nbsp;DJ:\n     l\u00e4uft&nbsp;so langsam, schiwerig Tech-DJanes zu finden<\/li><li>&nbsp;n\u00e4chstes\n     AKParty treffen: 21.11<\/li><li>&nbsp;Treffen\n     mit dem Artik: Mittwoch 7.11 18:00<\/li><\/ul>\n\n\n\n<p>&nbsp;&nbsp;&nbsp;&nbsp;5.3. H\u00fctte<\/p>\n\n\n\n<ul class=\"wp-block-list\"><li>Sommerh\u00fctte<\/li><li>Mietvertrag\n     f\u00fcrs Posth\u00e4usle ist da. Dem liegt eine\n     Haftungserkl\u00e4rung\/Versicherungsnachweis bei die unterschrieben werden\n     muss. Wer haftpflichtversichert ist und da unterschreiben w\u00fcrde melde sich\n     bei L.B.<\/li><li>Es\n     geht im Prinzip nur darum, dass wir garantieren alle Sch\u00e4den die wir an\n     der H\u00fctte verursachen zu zahlen.<\/li><\/ul>\n\n\n\n<p>&nbsp;&nbsp;&nbsp;&nbsp;5.4. Finanzen&nbsp;<\/p>\n\n\n\n<p>&nbsp;nichts neues<\/p>\n\n\n\n<p>&nbsp;&nbsp;&nbsp;&nbsp;5.5. Anfrage ArTik\nPodiusmsdiskussion<\/p>\n\n\n\n<ul class=\"wp-block-list\"><li>ArTik\n     hat uns angefragt wegen Podiumsdiskussion zur Kommunalwahl 2019<\/li><li>hatten\n     wir bei der OB-Wahl schon mitgemacht<\/li><li>Dieses\n     Mal wird die AfD sicher teilnehmen &#8211;&gt; woll(t)en wir nicht<\/li><li>Erkl\u00e4rung,\n     was das Artik ist.&nbsp;<\/li><li>A.Z.:\n     alternative Podiumsdisskusion, viele MItgestalter*innen. Man hatte damals\n     eine Patt Situation, ob man den AfD-Kandidaten einladen soll. Er wollte eh\n     nicht kommen.&nbsp;<\/li><li>Tragen\n     wir eine solche Veranstaltung wieder mit? Wenn die AfD auch teilnehmen\n     will, wollen wir das mitorganisieren?<\/li><li>I.K.\n     Nein, AfD klar rechte Partei. AfD und co nutzen eine solche Veranstaltung\n     nur zur eigenen Propaganda, haben nicht die Absicht an einer Disskusion\n     teilzunehmen.&nbsp;<\/li><li>GO-Antrag\n     MaMa.: Vertagung auf n\u00e4chste Woche, weil Zeitdruck, keine Gegenrede<\/li><li>-&gt;\n     vertagt<\/li><\/ul>\n\n\n\n<p>&nbsp;&nbsp;&nbsp;&nbsp;5.6. BuFaTa<\/p>\n\n\n\n<ul class=\"wp-block-list\"><li>1\n     Mensch abgesprungen &#8230; will noch wer mit?<\/li><li>Wer\n     will noch mit? Haben 1 Ticket \u00fcber. Sp\u00e4testens bis Freitag zusagen.&nbsp;<\/li><\/ul>\n\n\n\n<p>6. Termine und Sonstiges&nbsp;<\/p>\n\n\n\n<p>12.-16.11. FETA (Freiburger Einf\u00fchrungstage des AStA)<\/p>\n\n\n\n<p>17.11., 10 Uhr vor dem Historischen Kaufhaus: Demo gegen\nreaktion\u00e4re Burschenschaften<\/p>\n\n\n\n<p>12.12. Studentische Vollversammlung im Paulussaal<\/p>\n\n\n\n<p>&nbsp;&nbsp;&nbsp; Antragsfrist: 12.11<\/p>\n\n\n\n<p>7. Lob und Tadel<\/p>\n\n\n\n<p>Lob an L.B. f\u00fcr Genesung&nbsp;&lt;3<\/p>\n\n\n\n<p>Tadel an Quidditch Menschen f\u00fcr kein Gratiskaffee<\/p>\n\n\n\n<p>Ende der Sitzung!<\/p>\n","protected":false},"excerpt":{"rendered":"<p>Fachschaftssitzung vom 5.11.2018 Tagesordnung: 1. Formalia 2. StuRa &nbsp;&nbsp;&nbsp; 2.1. Bericht aus dem StuRa &nbsp;&nbsp;&nbsp; 2.2. Bewerbungen &nbsp;&nbsp;&nbsp; 2.3. Finanzantr\u00e4ge &nbsp;&nbsp;&nbsp; 2.4. Sonstige Antr\u00e4ge &nbsp;&nbsp;&nbsp; 2.5. Antr\u00e4ge auf Urabstimmung (werden morgen eilabgestimmt) 3.&nbsp;Berichte 4. Studentisches Mitglied Kommission Systemakkreditierung 5. Fachschaftsarbeit&nbsp; &nbsp;&nbsp;&nbsp;&nbsp;5.1. Kaffee&nbsp; &nbsp;&nbsp;&nbsp;&nbsp;5.2. Party&nbsp; &nbsp;&nbsp;&nbsp;&nbsp;5.3. H\u00fctte&nbsp; &nbsp;&nbsp;&nbsp;&nbsp;5.4. Finanzen&nbsp; &nbsp;&nbsp;&nbsp;&nbsp;5.5. Anfrage ArTik Podiumsdiskussion &nbsp;&nbsp;&nbsp;&nbsp;5.6. BuFaTa 5. [&hellip;]<\/p>\n","protected":false},"author":14,"featured_media":0,"comment_status":"closed","ping_status":"closed","sticky":false,"template":"","format":"standard","meta":{"iawp_total_views":0,"footnotes":""},"categories":[18],"tags":[],"class_list":["post-2824","post","type-post","status-publish","format-standard","hentry","category-protokolle"],"_links":{"self":[{"href":"https:\/\/www.fspolitik.de\/index.php?rest_route=\/wp\/v2\/posts\/2824","targetHints":{"allow":["GET"]}}],"collection":[{"href":"https:\/\/www.fspolitik.de\/index.php?rest_route=\/wp\/v2\/posts"}],"about":[{"href":"https:\/\/www.fspolitik.de\/index.php?rest_route=\/wp\/v2\/types\/post"}],"author":[{"embeddable":true,"href":"https:\/\/www.fspolitik.de\/index.php?rest_route=\/wp\/v2\/users\/14"}],"replies":[{"embeddable":true,"href":"https:\/\/www.fspolitik.de\/index.php?rest_route=%2Fwp%2Fv2%2Fcomments&post=2824"}],"version-history":[{"count":1,"href":"https:\/\/www.fspolitik.de\/index.php?rest_route=\/wp\/v2\/posts\/2824\/revisions"}],"predecessor-version":[{"id":2825,"href":"https:\/\/www.fspolitik.de\/index.php?rest_route=\/wp\/v2\/posts\/2824\/revisions\/2825"}],"wp:attachment":[{"href":"https:\/\/www.fspolitik.de\/index.php?rest_route=%2Fwp%2Fv2%2Fmedia&parent=2824"}],"wp:term":[{"taxonomy":"category","embeddable":true,"href":"https:\/\/www.fspolitik.de\/index.php?rest_route=%2Fwp%2Fv2%2Fcategories&post=2824"},{"taxonomy":"post_tag","embeddable":true,"href":"https:\/\/www.fspolitik.de\/index.php?rest_route=%2Fwp%2Fv2%2Ftags&post=2824"}],"curies":[{"name":"wp","href":"https:\/\/api.w.org\/{rel}","templated":true}]}}