{"id":2826,"date":"2018-10-29T11:47:14","date_gmt":"2018-10-29T09:47:14","guid":{"rendered":"http:\/\/www.fspolitik.de\/?p=2826"},"modified":"2019-04-02T11:48:17","modified_gmt":"2019-04-02T09:48:17","slug":"protokoll-der-fachbereichssitzung-vom-29-10-2018","status":"publish","type":"post","link":"https:\/\/www.fspolitik.de\/?p=2826","title":{"rendered":"Protokoll der Fachbereichssitzung vom 29.10.2018"},"content":{"rendered":"\n<p>Fachschaftssitzung vom 29.10.2018<\/p>\n\n\n\n<p>Tagesordnung: <\/p>\n\n\n\n<p>1. Formalia <\/p>\n\n\n\n<p>2. StuRa <\/p>\n\n\n\n<p>&nbsp;&nbsp;&nbsp; 2.1. Bericht aus dem StuRa <\/p>\n\n\n\n<p>&nbsp;&nbsp;&nbsp; 2.2. Bewerbungen <\/p>\n\n\n\n<p>&nbsp;&nbsp;&nbsp; 2.3. Finanzantr\u00e4ge <\/p>\n\n\n\n<p>&nbsp;&nbsp;&nbsp; 2.4. Sonstige Antr\u00e4ge <\/p>\n\n\n\n<p>3. Gesch\u00e4ftsf\u00fchrungstreffen<\/p>\n\n\n\n<p>4. Studienkommissionen<\/p>\n\n\n\n<p>5. Fachschaftsarbeit&nbsp;<\/p>\n\n\n\n<p>&nbsp;&nbsp;&nbsp; 5.1. Kaffee&nbsp;<\/p>\n\n\n\n<p>&nbsp;&nbsp;&nbsp; 5.2. Party&nbsp;<\/p>\n\n\n\n<p>&nbsp;&nbsp;&nbsp; 5.3. H\u00fctte&nbsp;<\/p>\n\n\n\n<p>&nbsp;&nbsp;&nbsp; 5.4. Finanzen&nbsp;<\/p>\n\n\n\n<p>6. Termine und Sonstiges&nbsp;<\/p>\n\n\n\n<p>7. Lob und Tadel&nbsp;<\/p>\n\n\n\n<p>&#8212;&#8212;&#8212;&#8212;&#8212;&#8212;&#8212;&#8212;&#8212;&#8212;&#8212;&#8212;&#8212;&#8211; <\/p>\n\n\n\n<p>Protokoll <\/p>\n\n\n\n<p>Tagesordnung <\/p>\n\n\n\n<p>1. Formalia <\/p>\n\n\n\n<p>Redeleitung (m*):&nbsp;<\/p>\n\n\n\n<p>Protokoll: M.M.<\/p>\n\n\n\n<p>Beschlussf\u00e4higkeit: Ja<\/p>\n\n\n\n<p>Genehmigung des Protokolls: genehmigt<\/p>\n\n\n\n<p>Vorschl\u00e4ge zur TO: <\/p>\n\n\n\n<p>2. StuRa <\/p>\n\n\n\n<p>&nbsp;&nbsp;&nbsp; 2.1. Bericht aus dem StuRa <\/p>\n\n\n\n<p>&nbsp;&nbsp;&nbsp; (Vorstandsbericht)<\/p>\n\n\n\n<ul class=\"wp-block-list\"><li>Ombudsperson\n     f\u00fcr die Stellwand gesucht<\/li><li>Stellwand-Vergabe\n     im KG2<\/li><li>Dort\n     h\u00e4ngen verschieden Hochschulgruppen Aush\u00e4nge anpinnen<\/li><li>LAK\n     am Sonntag, 28.10.18<\/li><li>Antr\u00e4ge\n     zu Verfassungsklage und Landesrechnungshof einbringen<\/li><li>Er\u00f6ffnung\n     des akademischen Jahres<\/li><li>Vorstand\n     hat die Studierendenvertretung in einer Rede vorgestellt<\/li><li>AS-Bericht\n     (Wochenende in DUE)<\/li><li>haben\n     Antr\u00e4ge der letzten MV beschlossen<\/li><li>Kampagne:\n     Lernen am Limit ist gestartet<\/li><li>Themensetzung\n     des AS<\/li><\/ul>\n\n\n\n<p>&nbsp;&nbsp;&nbsp; 2.2. Bewerbungen <\/p>\n\n\n\n<ul class=\"wp-block-list\"><li>Christoph\n     Hardt (Referat f\u00fcr Kommunikation und Wissenssicherung, stv.)<\/li><li>Diskussion:\n     \/<\/li><li>Abst.:\n     7\/0\/pol:0\/pers:1 \u00e0\n     angenommen<\/li><\/ul>\n\n\n\n<ul class=\"wp-block-list\"><li>Tobias\n     Becker (Senatskommission f\u00fcr Studium und Lehre, Geistes- und\n     Sozialwissenschaften, stv.)<\/li><li>Diskussion:\n     J.A. erkl\u00e4rt Senatskomission: Kommissionen des Senats, die zu bestimmten\n     Themen arbeiten (z.B. hier eben Studium und Lehre)<\/li><li>Ha.He.\n     erkl\u00e4rt SVB (Studierendenvorschlagsbudget)<\/li><li>Abst.:\n     6\/0\/0\/1 \u00e0\n     angenommen<\/li><\/ul>\n\n\n\n<p>&nbsp;&nbsp;&nbsp; 2.3. Finanzantr\u00e4ge <\/p>\n\n\n\n<ul class=\"wp-block-list\"><li>Kongress:\n     Lernen am Limit \u2013 Bildung, Arbeit und Leben im Kapitalismus (Referat f\u00fcr\n     Hochschulpolitik)<\/li><li>beantragt:\n     800,-<\/li><li>Diskussion:\n     Kampagne von unserem Dachverband<\/li><li>Weitere\n     Vorschl\u00e4ge: \/<\/li><li>Abst.:\n     800\u20ac: 8\/0\/0\/0 \u00e0\n     angenommen<\/li><\/ul>\n\n\n\n<p>&nbsp;&nbsp;&nbsp; 2.4. Sonstige Antr\u00e4ge <\/p>\n\n\n\n<ul class=\"wp-block-list\"><li>Ideelle\n     Unterst\u00fctzung Hochschulgruppe Generation Grenzenlos (Hochschulgruppe\n     Generation Grenzenlos, Sarah B\u00f6hm)<\/li><li>Diskussion:\n     \/<\/li><li>Abst.:\n     einstimmig angenommen<\/li><\/ul>\n\n\n\n<ul class=\"wp-block-list\"><li>Aufwandsentsch\u00e4digung\n     Pr\u00e4sidium (Vorstand)<\/li><li>Diskussion:\n     J.A. erkl\u00e4rt warum das super toll ist; weil bl\u00f6d, wenn Leute den selben\n     Aufwand haben, aber nicht gerecht verg\u00fctet werden<\/li><li>A.Z.\n     wie geht das \u00fcberhaupt, dass das einer macht?<\/li><li>J.A.\n     Protokoll kann ja auch jemand anderes schreiben<\/li><li>Abst.:\n     8\/0\/2\/0 \u00e0\n     angenommen<\/li><\/ul>\n\n\n\n<p>3. Gesch\u00e4ftsf\u00fchrungstreffen<\/p>\n\n\n\n<ul class=\"wp-block-list\"><li>5.11.\n     um 10.30 Uhr bei Wagschal<\/li><li>M.B.;\n     A.Z.; N.?. (Ersti); C.?. (Ersti); J.R. gehen hin<\/li><li>Themen:<\/li><li><a href=\"https:\/\/fspolitik.pads.ccc.de\/26\">https:\/\/fspolitik.pads.ccc.de\/26<\/a><\/li><\/ul>\n\n\n\n<p>4. Studienkommissionen<\/p>\n\n\n\n<ul class=\"wp-block-list\"><li>Es\n     werden noch 3 Menschen f\u00fcr die Lehramts-StuKo gesucht?<\/li><li>Hatten\n     wir da schon jemanden nominiert?<\/li><li>Will\n     das noch jemand machen?<\/li><li>FakRat\n     (5 Studis) w\u00e4hlt Studienkommission, sind Unterkommissionen diesen Rates,\n     besch\u00e4ftigen sich viel mit POs<\/li><li>2\n     StuKos: Bachelor\/Master und Lehramt<\/li><li>tagen\n     alle 2 Monate<\/li><\/ul>\n\n\n\n<p>5. Fachschaftsarbeit&nbsp;<\/p>\n\n\n\n<p>&nbsp;&nbsp;&nbsp; 5.1. Kaffee&nbsp;<\/p>\n\n\n\n<ul class=\"wp-block-list\"><li>Neuwahl\n     zweier Mitglieder in den AK Kaffee (da L.G. und S.M.M. ausgeschieden sind\n     #sad)<\/li><\/ul>\n\n\n\n<p>\u00e0\nvertagt<\/p>\n\n\n\n<ul class=\"wp-block-list\"><li>Kaffeeliste\n     geht rum, wer kauft ein?<\/li><li>Liste\n     geht rum<\/li><\/ul>\n\n\n\n<ul class=\"wp-block-list\"><li>6.11.<\/li><li>1.\n     Schicht: J.S. und J.A.<\/li><li>2.\n     Schicht; L.S. und Pau.Sau.<\/li><\/ul>\n\n\n\n<p>&nbsp;&nbsp;&nbsp; 5.2. Party&nbsp;<\/p>\n\n\n\n<ul class=\"wp-block-list\"><li>11.01\n     im Artik!!!<\/li><li>7\n     November: Treffen mit Artik<\/li><li>DJs<\/li><li>Goldfrettchen\n     f\u00fcr letzten Slot zugesagt&nbsp;<\/li><li>kleiner\n     Floor: 2 versch. DJs<\/li><li>gro\u00dfer\n     Floor: 3 versch. DJs<\/li><li>AK\n     weiter am suchen, aber l\u00e4uft<\/li><li>AK\n     Party: 21.11 n\u00e4chstes Treffen (20 Uhr)<\/li><li>Plakatetreffen!!<\/li><li>demn\u00e4chst\n     Pad f\u00fcr Plakate<\/li><\/ul>\n\n\n\n<p>&nbsp;&nbsp;&nbsp; 5.3. H\u00fctte<\/p>\n\n\n\n<ul class=\"wp-block-list\"><li>Sommerh\u00fctte:<\/li><li>L.B.\n     hat R\u00e4uberh\u00fctte, Zeller Skih\u00fctte und Posth\u00e4usle f\u00fcr die Wochenenden\n     24.-26.05.2019, 28.-30.06.2019, 05.-07.07.2019 angefragt.<\/li><li>R\u00e4uberh\u00fctte\n     und Zeller Skih\u00fctte sind voll.<\/li><li>Also\n     nehmen wir das Posth\u00e4usle<\/li><li>Welches\n     Wochenende nehmen wir?<\/li><li>Bitte\n     jetzt beschlie\u00dfen:<\/li><li>24.-26.05.2019<\/li><li>am\n     26.05 ist WAHL<\/li><li>nehmen\n     wir<\/li><li>28.-30.06.2019<\/li><li>05.-07.07.2019<\/li><\/ul>\n\n\n\n<p>&nbsp;&nbsp;&nbsp; 5.4. Finanzen&nbsp;<\/p>\n\n\n\n<p>&nbsp;&nbsp;&nbsp; 5.5. Berufungskommission NF R\u00fcland<\/p>\n\n\n\n<ul class=\"wp-block-list\"><li>Ma.Ma.\n     berichtet<\/li><\/ul>\n\n\n\n<p>N\u00e4chste Woche: Was ist uns in dem Prozess wichtig? Vorne auf\nder TO!<\/p>\n\n\n\n<p>6. Termine und Sonstiges<\/p>\n\n\n\n<ul class=\"wp-block-list\"><li>Wie\n     werden Leuten, die keinen Pad-Zugang haben, die Protokolle zug\u00e4nglich\n     gemacht?<\/li><li>sobald\n     die Homepage wieder funktioniert \u00fcber die Homepage<\/li><li>Wer\n     ist f\u00fcr die Homepage verantwortlich? \u00e0\n     &nbsp;Person an R.G. melden<\/li><li>brauchen\n     neue Person, da J.E. im Ausland ist<\/li><li>A.Z.\n     schickt Protokolle \u00fcber Verteiler<\/li><li>M.B.\n     k\u00fcmmert sich weiter um die Website und sie schreibt R.G.<\/li><li>Demo\n     gegen reaktion\u00e4re Burschenschaften &#8211; 17.11.2018<\/li><li>Die\n     rechten Freiburger Buschenschaften Saxo Silesia, Teutonia und&nbsp; Franconia\n     (also so ziemlich die ganze Freiburger AfD-Jugend) feiern an diesem Tag\n     den 200. Geburtstag der ersten Freiburger Burschenschaft.<\/li><li>Samstag,\n     17.11. \/\/ 10:15 \/\/ M\u00fcnsterplatz vor dem historischen Kaufhaus<\/li><li>Alle\n     auf die Stra\u00dfe!<\/li><li>es\n     kommen ganz viele G\u00e4ste aus ganz Deutschland<\/li><li>Vollversammlung\n     am 12.12. im Paulussaal (da war die GeKo-Einf\u00fchrung)<\/li><li>Antragsfrist\n     12.11<\/li><\/ul>\n\n\n\n<p>7. Lob und Tadel<\/p>\n\n\n\n<ul class=\"wp-block-list\"><li>Tadel\n     an alle die nicht da sind<\/li><li>Tadel\n     an den Ersti-Schwund<\/li><li>Lob\n     an alle, die gegen die AfD demonstriert haben<\/li><li>Lob\n     an alle Erstis<\/li><li>Tadel\n     an die Polizei<\/li><li>Lob\n     an die Protokollierende<\/li><\/ul>\n","protected":false},"excerpt":{"rendered":"<p>Fachschaftssitzung vom 29.10.2018 Tagesordnung: 1. Formalia 2. StuRa &nbsp;&nbsp;&nbsp; 2.1. Bericht aus dem StuRa &nbsp;&nbsp;&nbsp; 2.2. Bewerbungen &nbsp;&nbsp;&nbsp; 2.3. Finanzantr\u00e4ge &nbsp;&nbsp;&nbsp; 2.4. Sonstige Antr\u00e4ge 3. Gesch\u00e4ftsf\u00fchrungstreffen 4. Studienkommissionen 5. Fachschaftsarbeit&nbsp; &nbsp;&nbsp;&nbsp; 5.1. Kaffee&nbsp; &nbsp;&nbsp;&nbsp; 5.2. Party&nbsp; &nbsp;&nbsp;&nbsp; 5.3. H\u00fctte&nbsp; &nbsp;&nbsp;&nbsp; 5.4. Finanzen&nbsp; 6. Termine und Sonstiges&nbsp; 7. Lob und Tadel&nbsp; &#8212;&#8212;&#8212;&#8212;&#8212;&#8212;&#8212;&#8212;&#8212;&#8212;&#8212;&#8212;&#8212;&#8211; Protokoll Tagesordnung 1. Formalia [&hellip;]<\/p>\n","protected":false},"author":14,"featured_media":0,"comment_status":"closed","ping_status":"closed","sticky":false,"template":"","format":"standard","meta":{"iawp_total_views":0,"footnotes":""},"categories":[18],"tags":[],"class_list":["post-2826","post","type-post","status-publish","format-standard","hentry","category-protokolle"],"_links":{"self":[{"href":"https:\/\/www.fspolitik.de\/index.php?rest_route=\/wp\/v2\/posts\/2826","targetHints":{"allow":["GET"]}}],"collection":[{"href":"https:\/\/www.fspolitik.de\/index.php?rest_route=\/wp\/v2\/posts"}],"about":[{"href":"https:\/\/www.fspolitik.de\/index.php?rest_route=\/wp\/v2\/types\/post"}],"author":[{"embeddable":true,"href":"https:\/\/www.fspolitik.de\/index.php?rest_route=\/wp\/v2\/users\/14"}],"replies":[{"embeddable":true,"href":"https:\/\/www.fspolitik.de\/index.php?rest_route=%2Fwp%2Fv2%2Fcomments&post=2826"}],"version-history":[{"count":1,"href":"https:\/\/www.fspolitik.de\/index.php?rest_route=\/wp\/v2\/posts\/2826\/revisions"}],"predecessor-version":[{"id":2827,"href":"https:\/\/www.fspolitik.de\/index.php?rest_route=\/wp\/v2\/posts\/2826\/revisions\/2827"}],"wp:attachment":[{"href":"https:\/\/www.fspolitik.de\/index.php?rest_route=%2Fwp%2Fv2%2Fmedia&parent=2826"}],"wp:term":[{"taxonomy":"category","embeddable":true,"href":"https:\/\/www.fspolitik.de\/index.php?rest_route=%2Fwp%2Fv2%2Fcategories&post=2826"},{"taxonomy":"post_tag","embeddable":true,"href":"https:\/\/www.fspolitik.de\/index.php?rest_route=%2Fwp%2Fv2%2Ftags&post=2826"}],"curies":[{"name":"wp","href":"https:\/\/api.w.org\/{rel}","templated":true}]}}