{"id":2828,"date":"2018-10-22T11:52:24","date_gmt":"2018-10-22T09:52:24","guid":{"rendered":"http:\/\/www.fspolitik.de\/?p=2828"},"modified":"2019-04-02T11:53:10","modified_gmt":"2019-04-02T09:53:10","slug":"protokoll-der-fachbereichssitzung-vom-22-10-2018","status":"publish","type":"post","link":"https:\/\/www.fspolitik.de\/?p=2828","title":{"rendered":"Protokoll der Fachbereichssitzung vom 22.10.2018"},"content":{"rendered":"\n<p>Fachschaftssitzung vom 22.10.2018<\/p>\n\n\n\n<p>Tagesordnung: <\/p>\n\n\n\n<p>1. Formalia <\/p>\n\n\n\n<p>2. StuRa <\/p>\n\n\n\n<p>&nbsp;&nbsp;&nbsp; 2.1. Bericht aus dem StuRa <\/p>\n\n\n\n<p>&nbsp;&nbsp;&nbsp; 2.2. Bewerbungen <\/p>\n\n\n\n<p>&nbsp;&nbsp;&nbsp; 2.3. Finanzantr\u00e4ge <\/p>\n\n\n\n<p>&nbsp;&nbsp;&nbsp; 2.4. Sonstige Antr\u00e4ge <\/p>\n\n\n\n<p>3. Gesch\u00e4ftsf\u00fchrungstreffen<\/p>\n\n\n\n<p>4. Fachschaftsarbeit <\/p>\n\n\n\n<p>&nbsp;&nbsp;&nbsp; 4.1. Kaffee <\/p>\n\n\n\n<p>&nbsp;&nbsp;&nbsp; 4.2. Party<\/p>\n\n\n\n<p>&nbsp;&nbsp;&nbsp; 4.3. H\u00fctte <\/p>\n\n\n\n<p>&nbsp;&nbsp;&nbsp; 4.4. Finanzen <\/p>\n\n\n\n<p>5. Termine und Sonstiges <\/p>\n\n\n\n<p>6. Lob und Tadel <\/p>\n\n\n\n<p>&#8212;&#8212;&#8212;&#8212;&#8212;&#8212;&#8212;&#8212;&#8212;&#8212;&#8212;&#8212;&#8212;&#8211; <\/p>\n\n\n\n<p>Protokoll <\/p>\n\n\n\n<p>Tagesordnung <\/p>\n\n\n\n<p>1. Formalia <\/p>\n\n\n\n<p>Redeleitung (w*): A.Z.<\/p>\n\n\n\n<p>Protokoll: J.A.<\/p>\n\n\n\n<p>Beschlussf\u00e4higkeit: ja<\/p>\n\n\n\n<p>Genehmigung des Protokolls: beschlossen<\/p>\n\n\n\n<p>Vorschl\u00e4ge zur TO: keine<\/p>\n\n\n\n<p>2. StuRa <\/p>\n\n\n\n<p>&nbsp;&nbsp;&nbsp; 2.1. Bericht aus dem StuRa <\/p>\n\n\n\n<ul class=\"wp-block-list\"><li>Vorstandsbericht<\/li><li>Ersti-Woche<\/li><li>haben\n     uns auf MdM vorgestellt (Stand und Rede)<\/li><li>Haben\n     auch bei mehreren Fachbereichen die Studierendenvertretung vorgestellt<\/li><li>Jour\n     Fix:<\/li><\/ul>\n\n\n\n<p>Hochschulsport f\u00fcr Gefl\u00fcchtete:\nIst laut Rektorat und der Unib\u00fcrokratie aus verschiedensten ungl\u00fccklichen\nb\u00fcrokratischen und steuerrechtlichen Gr\u00fcnden nicht m\u00f6glich. Als Alternative\nwurde nur wieder auf das Engagement von Studierenden verwiesen.<\/p>\n\n\n\n<ul class=\"wp-block-list\"><li>UB-Bauprobleme,\n     Fahrradstellpl\u00e4tze, Nachtschlie\u00dfung:<\/li><li>Baum\u00e4ngeln,\n     Probleme mit Baufirma und Gutachter<\/li><li>Problem\n     Fahrradstellpl\u00e4tze, vor allem wenn die Stra\u00dfenbahnlinie fertig ist. Bis\n     jetzt keine konkrete L\u00f6sung in Sicht. Thema ist aber pr\u00e4sent.<\/li><li>Nachtschlie\u00dfung\n     wurde angesprochen; auch die nicht ideale Kommunikation (auch in Bezug auf\n     die KG4 Wochenend-\u00d6ffnung wurde angesprochen)<\/li><li>Nichtanerkennung\n     von Attesten eines Arztes seitens der TF<\/li><li>Uni\n     Gespr\u00e4ch wegen VAG-Verleihsystem<\/li><li>allgemeine\n     Stellplatzproblematik wurde angesprochen<\/li><li>auch\n     das Problem, dass unklar ist, wo genau die Verleihstationen stehen sollen,\n     wurde angesprochen<\/li><li>bleiben\n     in Kontakt mit der Uni (weitere Gespr\u00e4che, auch mit VAG und Stadt geplant)<\/li><li>Mail\n     wegen Anwesenheitspflicht<\/li><li>Anwesenheitspflicht\n     ist in Vorlesungen nicht erlaubt, es gibt ein Schreiben seitens des\n     Rektorats, auf das sich Studierende klar beziehen k\u00f6nnen (wenn Dozierende\n     doch Anwesenheit kontrollieren)<\/li><\/ul>\n\n\n\n<p>&nbsp;&nbsp;&nbsp; 2.2. Bewerbungen <\/p>\n\n\n\n<ul class=\"wp-block-list\"><li>Pascale\n     Jen\u00df (Autonomes Referat f\u00fcr Studierende mit famili\u00e4ren Verpflichtungen)<\/li><\/ul>\n\n\n\n<p>Diskussion: Keine.<\/p>\n\n\n\n<p>Abst.: bei 2 Enthaltungen\nangenommen<\/p>\n\n\n\n<ul class=\"wp-block-list\"><li>Zeno\n     Springsklee (Autonomes Referat f\u00fcr Studieren ohne H\u00fcrden)<\/li><\/ul>\n\n\n\n<p>Diskussion: Keine.<\/p>\n\n\n\n<p>Abst.: bei 4 Enthaltungen\nangenommen<\/p>\n\n\n\n<ul class=\"wp-block-list\"><li>Julian\n     F\u00fcrst (Referat gegen Faschismus, stv.)<\/li><\/ul>\n\n\n\n<p>Diskussion: Was macht das\nReferat?<\/p>\n\n\n\n<p>Sie machen verschiedene\nVeranstaltungen. Was sie genau vorhaben k\u00f6nnen wir jetzt noch nicht sagen?<\/p>\n\n\n\n<p>Abst.: 22\/0\/7<\/p>\n\n\n\n<ul class=\"wp-block-list\"><li>Julian\n     van Endert (Referat f\u00fcr politische Bildung)<\/li><\/ul>\n\n\n\n<p>Diskussion: Keine.<\/p>\n\n\n\n<p>Abst.: bei 9 Enthaltungen\nangenommen<\/p>\n\n\n\n<ul class=\"wp-block-list\"><li>Lucas\n     Flach (SWFR-Verwaltungsrat) <\/li><\/ul>\n\n\n\n<p>Diskussion: Es wird diskutiert.<\/p>\n\n\n\n<p>Er ist der einzige Bewerber.\nBesser man w\u00e4hlt ihn als niemanden.<\/p>\n\n\n\n<p>Zweifel kommen auf, ob sich Lucas\nan das imperative Mandat halten w\u00fcrde. Seine Einstellungen in Bezug auf\nSoziales wird kritisch betrachtet.<\/p>\n\n\n\n<p>Abst.: 0\/16\/5\/9 \u00e0 abgelehnt<\/p>\n\n\n\n<ul class=\"wp-block-list\"><li>Lucas\n     Flach (SWFR-Vertreter*innenversammlung)<\/li><\/ul>\n\n\n\n<p>Diskussion: Keine weitere\nDiskussion.<\/p>\n\n\n\n<p>Abst.: 5\/1\/7\/17 \u00e0 Enthaltung<\/p>\n\n\n\n<p>&nbsp;&nbsp;&nbsp; 2.3. Finanzantr\u00e4ge <\/p>\n\n\n\n<ul class=\"wp-block-list\"><li>Reihe:\n     Landwirtschaft, Konsum &amp; die Linke (Arbeitsgruppe Landwirtschaft &amp;\n     die Linke)<\/li><li>beantragt:\n     450,00 \u20ac<\/li><\/ul>\n\n\n\n<p>Diskussion:&nbsp;<\/p>\n\n\n\n<p>Wie gro\u00df ist die\nWahrscheinlichkeit dass das Geld noch aufgebraucht wird? Wenn wir das nicht\nausgeben, wirds vielleicht weniger.<\/p>\n\n\n\n<p>Eher nicht. Wir zehren von den\nR\u00fccklagen der letzten Jahre, allerdings steigen die Ausgaben von Jahr zu Jahr.<\/p>\n\n\n\n<p>Weitere Vorschl\u00e4ge: Keine.<\/p>\n\n\n\n<p>Abst.: bei 3 Enthaltungen\nmehrheitlich angenommen.<\/p>\n\n\n\n<p>Die weiteren StuRa-TOPe werden sp\u00e4ter behandelt. Vielleicht.<\/p>\n\n\n\n<ul class=\"wp-block-list\"><li>Medienkompetenz-Praktikum\n     (Pressereferat\/Radio Dreyeckland)<\/li><li>beantragt:<\/li><\/ul>\n\n\n\n<p>Diskussion:<\/p>\n\n\n\n<ul class=\"wp-block-list\"><li>Weitere\n     Vorschl\u00e4ge:<\/li><li>Abst.:<\/li><\/ul>\n\n\n\n<p>&nbsp;&nbsp;&nbsp; 2.4. Sonstige Antr\u00e4ge <\/p>\n\n\n\n<ul class=\"wp-block-list\"><li>Umwidmungen\n     Oktober 2018 (SVB-Gremium)<\/li><li>Diskussion:<\/li><li>Abst.:<\/li><\/ul>\n\n\n\n<ul class=\"wp-block-list\"><li>Ideelle\n     Unterst\u00fctzung AK Kritische Geographie (AK Kritische Geographie)<\/li><li>Diskussion:<\/li><li>Abst.:<\/li><\/ul>\n\n\n\n<ul class=\"wp-block-list\"><li>Ideelle\n     Unterst\u00fctzung Planet Earth Movement (Planet Earth Movement)<\/li><li>Diskussion:<\/li><li>Abst.:<\/li><\/ul>\n\n\n\n<p>3. Gesch\u00e4ftsf\u00fchrungstreffen<\/p>\n\n\n\n<ul class=\"wp-block-list\"><li>Wagschal\n     hat 29.10.2018 vorgeschlagen<\/li><li>Gegenvorschlag:&nbsp;<\/li><li>ist\n     recht kurzfristig<\/li><li>Wer\n     geht hin?<\/li><li>M.B.,\n     A.Z., C., N.H.<\/li><li>Was\n     wollen wir ansprechen?<\/li><li>Dozierendenstammtisch<\/li><li>Zu\n     wenige Seminare auf Englisch<\/li><li>weitere\n     Vorschl\u00e4ge auf Pad<\/li><\/ul>\n\n\n\n<p>4. Fachschaftsarbeit <\/p>\n\n\n\n<p>&nbsp;&nbsp;&nbsp; 4.1. Kaffee <\/p>\n\n\n\n<ul class=\"wp-block-list\"><li>Liste\n     f\u00fcr n\u00e4chste Woche geht rum<\/li><li>Morgen\n     verkaufen?<\/li><li>12\n     Uhr: J.P., F.W., L.J., J.A.<\/li><li>13\n     Uhr: S.C., B.S.<\/li><li>Wer\n     macht morgen den Einkauf?<\/li><li>M.E.<\/li><li>J.B.T.\n     macht den Einkauf n\u00e4chste Woche<\/li><\/ul>\n\n\n\n<p>&nbsp;&nbsp;&nbsp; 4.2. Party <\/p>\n\n\n\n<ul class=\"wp-block-list\"><li>Pau.Sau.\n     berichtet<\/li><li>Kommen\n     jetzt doch nicht ins freizeichen<\/li><li>Haben\n     mehrere Locations angefragt: jazzhouse, e-werk (abgesagt), swfr: mensen<\/li><li>Alternative:\n     Party im Sommersemester<\/li><li>Diskussion\n     \u00fcber Sommerparty ist nicht neu. Wetter ist Problemfaktor. Freizeichen ist\n     dahingehend allerdings nicht schlecht. Der Tradition halber im Winter.<\/li><li>Die\n     Party ist schon sehr gro\u00df. Einlassstop um 23 Uhr. 800 Leute in etwa<\/li><li>Crash\n     sehr gut geeignet, allerdings Betreiber*innen ziemlich uncool gewesen&#8230;<\/li><li>Jazzhouse\n     hat nur einen Floor. Das w\u00e4re lahm.<\/li><li>Semesterer\u00f6ffnungsparty\n     k\u00f6nnte eigentlich auch cool und erfolgreich werden<\/li><li>Treffen\n     am 26. bei F.R.<\/li><\/ul>\n\n\n\n<p>&nbsp;&nbsp;&nbsp; 4.3. H\u00fctte <\/p>\n\n\n\n<p>&nbsp;l\u00e4uft<\/p>\n\n\n\n<p>L.B. fragt Sommerh\u00fctten an.<\/p>\n\n\n\n<p>&nbsp;&nbsp;&nbsp; 4.4. Finanzen <\/p>\n\n\n\n<ul class=\"wp-block-list\"><li>A.Z.\n     erz\u00e4hlt vom Krieg.<\/li><li>1268,36\u20ac\n     Neuzuweisung vom StuRa<\/li><li>40\u20ac\n     daraus sind beantragt f\u00fcr Cover<\/li><li>2\n     Leute m\u00fcssen noch Erstih\u00fctte 2017 bezahlen &#8211;&gt; oh mensch &#8230;<\/li><li>Werbeblock:\n     A.Z. erkl\u00e4rt wie cool die Kasse ist<\/li><li>Finanzierung\n     BuFaTa<\/li><li>Dudle\n     lief bis heute<\/li><li>Vorschlag:\n     \u00dcbernahme der Reisekosten f\u00fcr alle, die mitwollen (ggf. aus dem\n     FB-Sondertopf im StuRa beantragen)<\/li><li>Abst.:\n     bei einer Gegenstimme und 6 Enthaltungen angenommen<\/li><li>\u00dcbernahme\n     f\u00fcr nur 7 Mitfahrer*innen<\/li><li>Abst.:<\/li><li>Antrag\n     KrETa von letzter Woche<\/li><li>GO\n     des FB Politik besagt: K\u00f6nnen nicht \u00fcber Punkt abstimmen, der nicht vorher\n     auf der TO stand<\/li><li>Vorschlag:\n     N\u00e4chste Woche nochmal formal abstimmen<\/li><li>Gegenvorschlag:\n     Nochmal mit Ausdauer dar\u00fcber reden aber ohne KrETa-Menschen<\/li><li>Widerspricht\n     formaler Bedingung wie letzte Woche festgehalten. Ungern wiedereinladen:\n     Waren letzte Woche sehr asozial und uncool. Haben sich auch nicht nochmal\n     bei uns gemeldet.<\/li><li>Die\n     Einf\u00fchrungswoche ist bereits vorbei. Die k\u00f6nnen das Geld eh nicht so schnell\n     bekommen, dann sollen sie halt in den StuRa gehen, schneller bekommen sie\n     es eh nicht<\/li><li>Ein\n     Mensch war dort bei 2 Veranstaltungen und fand die gut.<\/li><li>GO-Antrag\n     Vertagung der Diskussion:<\/li><li>weitergehender\n     GO-Antrag Nichtbefassung und Weitergabe an den StuRa<\/li><li>Gegenrede:\n     Wir sollten nochmal dar\u00fcber reden, weil hier viele Menschen daf\u00fcr waren.<\/li><li>Abst.:\n     21\/8\/6 &#8211;&gt; angenommen<\/li><\/ul>\n\n\n\n<p>5. Termine und Sonstiges<\/p>\n\n\n\n<p>Professur IB M.M. berichtet n\u00e4chste Woche<\/p>\n\n\n\n<p>6. Lob und Tadel <\/p>\n","protected":false},"excerpt":{"rendered":"<p>Fachschaftssitzung vom 22.10.2018 Tagesordnung: 1. Formalia 2. StuRa &nbsp;&nbsp;&nbsp; 2.1. Bericht aus dem StuRa &nbsp;&nbsp;&nbsp; 2.2. Bewerbungen &nbsp;&nbsp;&nbsp; 2.3. Finanzantr\u00e4ge &nbsp;&nbsp;&nbsp; 2.4. Sonstige Antr\u00e4ge 3. Gesch\u00e4ftsf\u00fchrungstreffen 4. Fachschaftsarbeit &nbsp;&nbsp;&nbsp; 4.1. Kaffee &nbsp;&nbsp;&nbsp; 4.2. Party &nbsp;&nbsp;&nbsp; 4.3. H\u00fctte &nbsp;&nbsp;&nbsp; 4.4. Finanzen 5. Termine und Sonstiges 6. Lob und Tadel &#8212;&#8212;&#8212;&#8212;&#8212;&#8212;&#8212;&#8212;&#8212;&#8212;&#8212;&#8212;&#8212;&#8211; Protokoll Tagesordnung 1. Formalia Redeleitung (w*): [&hellip;]<\/p>\n","protected":false},"author":14,"featured_media":0,"comment_status":"closed","ping_status":"closed","sticky":false,"template":"","format":"standard","meta":{"iawp_total_views":1,"footnotes":""},"categories":[18],"tags":[],"class_list":["post-2828","post","type-post","status-publish","format-standard","hentry","category-protokolle"],"_links":{"self":[{"href":"https:\/\/www.fspolitik.de\/index.php?rest_route=\/wp\/v2\/posts\/2828","targetHints":{"allow":["GET"]}}],"collection":[{"href":"https:\/\/www.fspolitik.de\/index.php?rest_route=\/wp\/v2\/posts"}],"about":[{"href":"https:\/\/www.fspolitik.de\/index.php?rest_route=\/wp\/v2\/types\/post"}],"author":[{"embeddable":true,"href":"https:\/\/www.fspolitik.de\/index.php?rest_route=\/wp\/v2\/users\/14"}],"replies":[{"embeddable":true,"href":"https:\/\/www.fspolitik.de\/index.php?rest_route=%2Fwp%2Fv2%2Fcomments&post=2828"}],"version-history":[{"count":1,"href":"https:\/\/www.fspolitik.de\/index.php?rest_route=\/wp\/v2\/posts\/2828\/revisions"}],"predecessor-version":[{"id":2829,"href":"https:\/\/www.fspolitik.de\/index.php?rest_route=\/wp\/v2\/posts\/2828\/revisions\/2829"}],"wp:attachment":[{"href":"https:\/\/www.fspolitik.de\/index.php?rest_route=%2Fwp%2Fv2%2Fmedia&parent=2828"}],"wp:term":[{"taxonomy":"category","embeddable":true,"href":"https:\/\/www.fspolitik.de\/index.php?rest_route=%2Fwp%2Fv2%2Fcategories&post=2828"},{"taxonomy":"post_tag","embeddable":true,"href":"https:\/\/www.fspolitik.de\/index.php?rest_route=%2Fwp%2Fv2%2Ftags&post=2828"}],"curies":[{"name":"wp","href":"https:\/\/api.w.org\/{rel}","templated":true}]}}