{"id":2832,"date":"2018-10-15T12:50:34","date_gmt":"2018-10-15T10:50:34","guid":{"rendered":"http:\/\/www.fspolitik.de\/?p=2832"},"modified":"2019-04-02T12:51:36","modified_gmt":"2019-04-02T10:51:36","slug":"protokoll-der-fachbereichssitzung-vom-15-10-2018-2-teil","status":"publish","type":"post","link":"https:\/\/www.fspolitik.de\/?p=2832","title":{"rendered":"Protokoll der Fachbereichssitzung vom 15.10.2018 \/ 2.Teil"},"content":{"rendered":"\n<p>Fachschaftssitzung vom 15.10.2018<\/p>\n\n\n\n<p>Tagesordnung: <\/p>\n\n\n\n<p>0. Sitzungsablauf, Sitzungsgymnastik, etc.<\/p>\n\n\n\n<p>1. Formalia <\/p>\n\n\n\n<p>2. Vorstellungsrunde<\/p>\n\n\n\n<p>3. Was ist die Fachschaft<\/p>\n\n\n\n<p>&nbsp;&nbsp;&nbsp; 3.1 Vorstellung der Fachschaftsarbeit<\/p>\n\n\n\n<p>4. StuRa&nbsp;<\/p>\n\n\n\n<p>&nbsp;&nbsp;&nbsp; 4.0. Was ist eigentlich der Stura? Warum\nbesprechen wir das hier?<\/p>\n\n\n\n<p>&nbsp;&nbsp;&nbsp; 4.1. Bericht aus dem StuRa&nbsp;<\/p>\n\n\n\n<p>&nbsp;&nbsp;&nbsp; 4.2. Bewerbungen&nbsp;<\/p>\n\n\n\n<p>&nbsp;&nbsp;&nbsp; 4.3. Finanzantr\u00e4ge&nbsp;<\/p>\n\n\n\n<p>&nbsp;&nbsp;&nbsp; 4.4. Sonstige Antr\u00e4ge&nbsp;<\/p>\n\n\n\n<p>5. Feedback Erstiwoche<\/p>\n\n\n\n<p>6. Fachschaftsarbeit&nbsp;<\/p>\n\n\n\n<p>&nbsp;&nbsp;&nbsp; 6.1. Kaffee&nbsp;<\/p>\n\n\n\n<p>&nbsp;&nbsp;&nbsp; 6.2. Party&nbsp;<\/p>\n\n\n\n<p>&nbsp;&nbsp;&nbsp; 6.3. H\u00fctte&nbsp;<\/p>\n\n\n\n<p>&nbsp;&nbsp;&nbsp; 6.4. Finanzen&nbsp;<\/p>\n\n\n\n<p>7. Termine und Sonstiges&nbsp;<\/p>\n\n\n\n<p>8. Lob und Tadel&nbsp;<\/p>\n\n\n\n<p>&#8212;&#8212;&#8212;&#8212;&#8212;&#8212;&#8212;&#8212;&#8212;&#8212;&#8212;&#8212;&#8212;&#8211; <\/p>\n\n\n\n<p>Protokoll <\/p>\n\n\n\n<p>Tagesordnung <\/p>\n\n\n\n<p>0. Sitzungsablauf, Sitzungsgymnastik, etc. -HaHe<\/p>\n\n\n\n<p>1. Formalia <\/p>\n\n\n\n<p>Redeleitung (m*): L.B.<\/p>\n\n\n\n<p>Protokoll: M.B.<\/p>\n\n\n\n<p>Beschlussf\u00e4higkeit: Ja<\/p>\n\n\n\n<p>Genehmigung des Protokolls: viele ja\/1 dagegen\/0 enthalten \u00e0 angenommen&nbsp;<\/p>\n\n\n\n<p>Vorschl\u00e4ge zur TO:&#8220;Kritische Einf\u00fchrungswoche&#8220;\nvorziehen<\/p>\n\n\n\n<p>F. W. unter Vorbehalt heute behandeln und abstimmen und\nunter Pr\u00fcfung des stuRa Beschlusses, stellt GO-Antrag<\/p>\n\n\n\n<p>L.B. findet es pers\u00f6nlich nicht gut, es hier und jetzt\nabzustimmen, da es viel Zeit nimmt<\/p>\n\n\n\n<p>Ersti, lobt F. W f\u00fcr seinen Pragmatismus<\/p>\n\n\n\n<p>GO Antrag: Mehrheit f\u00fcr Annahme<\/p>\n\n\n\n<p>2. Vorstellungsrunde<\/p>\n\n\n\n<p>nach Name, Studiengang, Semesteranzahl<\/p>\n\n\n\n<p>3. Was ist die Fachschaft eigentlich?<\/p>\n\n\n\n<p>GO Antrag: Finanzantrag jetzt&nbsp;<\/p>\n\n\n\n<p>J.A. gerade wurde schon ein Beschluss verfasst<\/p>\n\n\n\n<p>Kritische Einf\u00fchrungstage: Bittet bisschen netter zu sein<\/p>\n\n\n\n<p>Go- Antrag: 6 daf\u00fcr<\/p>\n\n\n\n<p>&nbsp;&nbsp;&nbsp;&nbsp;&nbsp;&nbsp;&nbsp;&nbsp;&nbsp;&nbsp;&nbsp;&nbsp;&nbsp;&nbsp;&nbsp;&nbsp;&nbsp;&nbsp;&nbsp;\n8 dagegen<\/p>\n\n\n\n<p>&nbsp;&nbsp;&nbsp;&nbsp;&nbsp;&nbsp;&nbsp;&nbsp;&nbsp;&nbsp;&nbsp;&nbsp;&nbsp;&nbsp;&nbsp;&nbsp;&nbsp;&nbsp;&nbsp;\ndie Mehrheit enth\u00e4lt sich<\/p>\n\n\n\n<p>&nbsp;&nbsp;&nbsp;&nbsp;&nbsp;&nbsp;&nbsp;&nbsp;&nbsp;&nbsp;&nbsp;&nbsp;&nbsp;&nbsp;&nbsp;&nbsp;&nbsp;&nbsp;&nbsp;\n\u00e0 GO Antrag abgelehnt<\/p>\n\n\n\n<p>&nbsp;&nbsp;&nbsp; 3.1 Vorstellung der Fachschaftsarbeit<\/p>\n\n\n\n<p>I.K.:<\/p>\n\n\n\n<p>\u00e0\nR\u00e4tesystem<\/p>\n\n\n\n<p>\u00e0\nAbstimmungen&nbsp;<\/p>\n\n\n\n<p>\u00e0\nVeranstaltungen planen, BuFaTa, Ersti-Woche, Beziehung zum Seminar f\u00fcr Wissenschaftliche\nPolitik, Dozierendenstammtisch, das Mo als Stammkneipe&#8230;<\/p>\n\n\n\n<p>4. StuRa&nbsp;<\/p>\n\n\n\n<p>&nbsp;&nbsp;&nbsp; 4.0. Was ist der StuRa? Warum besprechen\nwir das hier?&nbsp;<\/p>\n\n\n\n<p>&nbsp;&nbsp;&nbsp;&nbsp; MoM\u00fc: das Legislativgremium,\nVertreter*Innen aus den Fachschaften und Initiativen<\/p>\n\n\n\n<p>&nbsp;&nbsp;&nbsp;&nbsp; Viele Bewerbungen aus dem StuRa, \u00fcber\ndie wir gleich abstimmen<\/p>\n\n\n\n<p>&nbsp;&nbsp;&nbsp; 4.1. Bericht aus dem StuRa&nbsp;<\/p>\n\n\n\n<p>&nbsp;M.M. sagt was zu Asta: Allgemeiner\nStudierenderausschuss, exekutiv, tr\u00e4gt es nach au\u00dfen, Referate zu bestimmten\nThemen, auch 5 autonome Referate<\/p>\n\n\n\n<ul class=\"wp-block-list\"><li>&nbsp;Vorstandsbericht-Mamau<\/li><li>&nbsp;M.M:\n     Marah, Tim und Clemens sind euer neuer Vorstand, seit 1. Oktober im Amt<\/li><li>Vor\n     allem Einarbeitung passiert in den ersten Wochen.<\/li><li>Die&nbsp;\n     Stellungnahme zu den K\u00fcrzungsfantasien des Landesrechnungshofs&nbsp;\n     bez\u00fcglich der Studierendenwerke wurde ver\u00f6ffentlicht. Wir, die&nbsp; Studierendenwerke\n     und das Rektorat sind der Ansicht, dass der&nbsp; Landesrechnungshof mit\n     diesen K\u00fcrzungsfantasien die Realit\u00e4t v\u00f6llig aus&nbsp; den Augen verloren\n     hat. (Siehe unsere Stellungnahme, Facebook oder auch&nbsp; auf Stura.org)&nbsp;<\/li><li>Jour\n     Fixe mit dem Rektorat: N\u00e4heres n\u00e4chste Woche<\/li><li>Einf\u00fchrungswoche:<\/li><\/ul>\n\n\n\n<p>haben in vielen Fakult\u00e4ten die\nStudivertretung vorgestellt<\/p>\n\n\n\n<ul class=\"wp-block-list\"><li>BASICS\n     ging gut weg auf dem MdM<\/li><\/ul>\n\n\n\n<p>&nbsp;&nbsp;&nbsp; 4.2. Bewerbungen&nbsp;<\/p>\n\n\n\n<ul class=\"wp-block-list\"><li>Jonathan\n     Armas (SLK, Geistes- und Sozialwissenschaften)<\/li><li>Diskussion:\n     J.A. Kommission arbeitet Senat zu, vor allem was PO angeht. Stellt sich\n     vor: 7. Semester, war im Pr\u00e4sidium, war in der Kommission f\u00fcr Struktur und\n     Entwicklungsfragen<\/li><li>F.R.\n     erkl\u00e4rt auf Nachfrage warum man auch dagegen stimmen k\u00f6nnte<\/li><li>L.B.\n     erkl\u00e4rt den Weg der Abstimmung \u00fcber StuRa<\/li><li>M.M.\n     Sonderfall bei J.A. es gibt aber auch Aussprache in Anwesenheit, wenn man etwas\n     nicht in Gegenwart der Person sagen will ..kommt nicht ins Protokoll<\/li><li>Ersti-Abstimmung\n     bindend?<\/li><li>L.B.\n     imperatives Mandat, also Ja!<\/li><li>L.B.\n     Man stimmt \u00fcber alle Bewerbungen ab<\/li><li>Abst.:&nbsp;\n     Ja: Mehrheit\/Nein\/Enthaltung, politische Enth.: 1 pers\u00f6nliche Enth.: 4<\/li><\/ul>\n\n\n\n<ul class=\"wp-block-list\"><li>Iris\n     Kimizoglu (Au\u00dfenreferat)<\/li><\/ul>\n\n\n\n<ul class=\"wp-block-list\"><li>Diskussion:<\/li><li>I.K.\n     stellt sich vor: hat viel Erfahrung in der Hochschulpolitik, war in\n     zahlreichen Gremien, hat nun Lust auf was Neues. Das Au\u00dfenreferat hat eine\n     besondere Position, die Studierendenschaft nach au\u00dfen zu vertreten<\/li><\/ul>\n\n\n\n<p>\u00e0\nstellt das Au\u00dfenreferat vor und will den Vorstand damit unterst\u00fctzen<\/p>\n\n\n\n<ul class=\"wp-block-list\"><li>S.:\n     Welche Bundeserfahrungen hat sie?<\/li><li>I.K.\n     Ja, hat sie, mehrere Gremien<\/li><\/ul>\n\n\n\n<ul class=\"wp-block-list\"><li>Abst.:&nbsp; Ja: Mehrheit\/ Nein:0\/\n     Enthaltung:politisch:0\/pers\u00f6nlich: 7<\/li><\/ul>\n\n\n\n<ul class=\"wp-block-list\"><li>Katharina\n     Krah\u00e9 (Referat f\u00fcr Kommunikation und Wissenssicherung)<\/li><\/ul>\n\n\n\n<ul class=\"wp-block-list\"><li>Diskussion:<\/li><li>M.M.\n     K.K. war letztes Jahr auch im Vorstand, hat viel Erfahrung in der\n     Hochschule, fortgeschrittenes Semester, das Referat war lange nicht\n     besetzt, Ziel ist es Kommunikation und Webseiten zu verbessern, Wissenssicherung,\n     Frage der Sicherung von Akten, M.M. hat keine Bedenken bei der Bewerbung<\/li><li>Abst.:<\/li><li>Ja:\n     Mehrheit\/Nein:0\/Enthaltung:politisch:1\/Enthaltung: pers\u00f6nlich: 12<\/li><\/ul>\n\n\n\n<p>Frage von S.P. was passiert bei Gleichstand des\nWahlergebnisses<\/p>\n\n\n\n<p>L.B. erst einmal wird Ergebnis in StuRa getragen, das\nVerfahren im StuRa sei sehr kompliziert.<\/p>\n\n\n\n<p>&nbsp;&nbsp;&nbsp; 4.3. Finanzantr\u00e4ge&nbsp;<\/p>\n\n\n\n<p>&nbsp;Keine.<\/p>\n\n\n\n<p>&nbsp;&nbsp;&nbsp; 4.4. Sonstige Antr\u00e4ge&nbsp;<\/p>\n\n\n\n<p>&nbsp;Keine.<\/p>\n\n\n\n<p>5. Feedback Erstiwoche<\/p>\n\n\n\n<ul class=\"wp-block-list\"><li>&nbsp;L.B.\n     war \u00fcberrascht \u00fcber die Vielzahl bei der 2. Kneipentour<\/li><li>L.S:\n     gut organisiert, nur am Anfang wusste man nicht wo man die Infos\n     herbekommt, vielleicht kann man das n\u00e4chstes Jahr besser machen. Es war\n     nur online und da schaut man nicht gleich nach<\/li><li>H.:\n     Problem sieht das nicht so, da ja viele Hefte verteilt wurden und die\n     Tutor*innen Infos gegeben haben, Sie \u00fcberlegt nun nach weiteren\n     M\u00f6glichkeiten&nbsp;<\/li><li>P.S:\n     Seine Situation ist anders, da er&nbsp; als Master Ersti keine Information\n     bekommen hat. Bittet um mehr Hilfe, nachdem man die Zulassung bekommen\n     hat, k\u00f6nnte doch \u00fcber Studierendensekretariat laufen<\/li><li>I.K.\n     wendet ein, dass derer Verwaltungsaufwand zu gro\u00df sei<\/li><li>A.S.:\n     er w\u00fcnscht sich, dass der erste Zugang zur Fachschaft nicht \u00fcber eine\n     Kneipentour l\u00e4uft \u00e0\n     Alkoholproblem, man muss z.B. auch religi\u00f6se Gr\u00fcnde ber\u00fccksichtigen<\/li><li>N.H.:\n     Flunkyball Turnier fand leider parallel zur Infoveranstaltung von Politik<\/li><\/ul>\n\n\n\n<p>Bei einigen Bereichen bei der Stadtralley wurde etwas\nlustlos erz\u00e4hlt, w\u00fcnscht sich im Vorhinein mehr Informationen<\/p>\n\n\n\n<p>F.K findet es schade, dass es keine Einf\u00fchrung f\u00fcr\nMasterstudent*innnen gibt<\/p>\n\n\n\n<p>Ersti: Findet es schade, dass nicht alle zu Mo kamen<\/p>\n\n\n\n<p>w\u00fcnschte sich mehr Spielcharakter bei der Stadtreally, z.B.\nKleiderkette, Aktionen, die Spa\u00df machen, w\u00fcnscht sich bei Flunkyball eine\nAktion ohne Alkohol, es ginge zu viel um Alkohol<\/p>\n\n\n\n<p>6. Fachschaftsarbeit&nbsp;<\/p>\n\n\n\n<p>&nbsp;&nbsp;&nbsp; 6.1. Kaffee&nbsp;<\/p>\n\n\n\n<p>&nbsp; L.B. F\u00fcr diese und n\u00e4chste Woche geht Liste rum, am\nAnfang sollen noch paar \u00c4ltere dabei sein<\/p>\n\n\n\n<p>&nbsp; I.K. erkl\u00e4rt auf Nachfrage wer Kaffee verkauft \u00e0 KG 4 Fachschaften<\/p>\n\n\n\n<ul class=\"wp-block-list\"><li>Einkauf\n     \u00e0\n     J.A. F\u00fcr morgen m\u00fcsste es reichen<\/li><li>M.S.\n     es ist kein Stress, findet aber, dass es zu viel Arbeit f\u00fcr eine Person\n     ist. Er f\u00e4nde es gut, wenn das 2 -3 Personen machen<\/li><li>L.B.\n     &#8222;Gibt es ein zwei Menschen, die f\u00fcr morgen einkaufen gehen\n     wollen?&#8220;<\/li><li>\u00e0\n     M. erkl\u00e4rt sich dazu&nbsp; bereit<\/li><\/ul>\n\n\n\n<p>&nbsp;&nbsp;&nbsp; 6.2. Party&nbsp;<\/p>\n\n\n\n<ul class=\"wp-block-list\"><li>P.S.\n     erkl\u00e4rt die Party: Heute wird AK-Party gegr\u00fcndet, erste Januar 8.\/9.\n     Januar oder 12.?<\/li><li>Schichten\n     einteilen<\/li><li>Nach\n     DJs schauen<\/li><li>Motto\n     f\u00fcr Shotbar \u00fcberlegen<\/li><li>Will\n     Mail \u00fcber Verteiler schicken<\/li><li>Eilt\n     nicht<\/li><li>F.R.:\n     lohnt sich fr\u00fch damit anzufangen. Man kann auch erst bei dem zweiten Ak mitmachen,\n     also kein Stress. \u00dcber Verteiler Infos oder an P.S. oder F.R. wenden<\/li><li>Anfrage\n     f\u00fcr Januar wurde an Artik\/Freizeichen gestellt<\/li><li>AK\n     Party gr\u00fcnden<\/li><\/ul>\n\n\n\n<p>&nbsp;&nbsp;&nbsp; 6.3. H\u00fctte&nbsp;<\/p>\n\n\n\n<ul class=\"wp-block-list\"><li>l\u00e4uft<\/li><\/ul>\n\n\n\n<p>L.B. freut sich \u00fcber Menschen, die mitwollen, im Sommer gibt\nes auch eine H\u00fctte<\/p>\n\n\n\n<p>&nbsp;&nbsp;&nbsp; 6.4. Finanzen&nbsp;<\/p>\n\n\n\n<p>&nbsp;&nbsp; Ha.He.: zwei unterschiedliche T\u00f6pfe<\/p>\n\n\n\n<p>&nbsp;&nbsp; 2 Euro pro Studi pro Fachbereich<\/p>\n\n\n\n<p>&nbsp;&nbsp; Party \u00e0\ngibt Konto, mit dem man alles bezahlen kann, vorher muss das in der Fachschaft\nbeschlossen werden<\/p>\n\n\n\n<p>&nbsp;&nbsp; Finanzantrag: Kritische Einf\u00fchrungstage<\/p>\n\n\n\n<p>&nbsp;&nbsp; Sehr erfolgreiches Konzept, das schon in\nanderen St\u00e4dten vertreten ist<\/p>\n\n\n\n<p>&nbsp;&nbsp; Flyer werden rumgeschickt<\/p>\n\n\n\n<p>&nbsp;&nbsp; Mehrere Gruppen sind dabei<\/p>\n\n\n\n<p>&nbsp;&nbsp; Ziel: Linke, Kritische Arbeit pr\u00e4senter machen<\/p>\n\n\n\n<p>&nbsp;&nbsp; Spaltung der Linken soll damit \u00fcberwunden\nwerden<\/p>\n\n\n\n<p>&nbsp;&nbsp; Viel M\u00fche reingesteckt und daher viel\nWerbeausgaben<\/p>\n\n\n\n<p>&nbsp;&nbsp; 80 Euro Flyer<\/p>\n\n\n\n<p>&nbsp;&nbsp; 35 Sticker<\/p>\n\n\n\n<p>&nbsp;&nbsp; 72 Programm und Musik<\/p>\n\n\n\n<p>&nbsp;&nbsp; 30 Euro nochmal Flyer<\/p>\n\n\n\n<p>&nbsp;&nbsp; Auftaktveranstaltung<\/p>\n\n\n\n<p>&nbsp;&nbsp; ganz viele Workshops, Stadtrundg\u00e4nge<\/p>\n\n\n\n<p>&nbsp;&nbsp; M.M: Findet es bl\u00f6d, dass das mit der Kommunikation\nim Vorfeld nicht geklappt hat. wei\u00df nicht, wo der Fehler lag, weil man die E-mail\nnicht erhalten hat. Findet es unsch\u00f6n, dass die Vorstellung nun hier mit den\nErstis stattfindet. Grenzt das aber von Inhalt ab.<\/p>\n\n\n\n<p>&nbsp;&nbsp; Ha.He: R\u00fcckfrage: Nicht allt\u00e4glich, dass\nGruppen die Fachschaften anfragen. Normalerweise l\u00e4uft das im StuRa ab. Frage,\nob noch andere Gruppen \/Fachschaften angefragt wurden und warum nicht beim\nStuRa.<\/p>\n\n\n\n<p>&nbsp;\u00e0\nKritische Einf\u00fchrungstage-Gruppe: Wollen noch einen Antrag bei StuRa stellen,\nsetzt auf Vertrauen der Fachschaft Politik.<\/p>\n\n\n\n<p>M.S. Fragt nach dem Volumen des Topfes und ob 300 Euro viel\noder wenig daf\u00fcr ist<\/p>\n\n\n\n<p>&nbsp;L.B. erkl\u00e4rt das Vorgehen bei Finanzantr\u00e4gen&nbsp;<\/p>\n\n\n\n<p>J.A. im letzten Haushaltsjahr 1066 Euro, T\u00f6pfe gehen aber\ntendenziell sehr schnell leer. Beantragt stellt also somit ein Viertel des\nBudgets dar. <\/p>\n\n\n\n<p>&nbsp;M.M. Nachfrage: Ist\nMarx 21 Teil des B\u00fcndnisses?<\/p>\n\n\n\n<p>&nbsp;&nbsp; \u00e0\nNein<\/p>\n\n\n\n<p>&nbsp;&nbsp; M.M. Im StuRa: Keine Unterst\u00fctzung f\u00fcr Gruppen,\ndie antisemitische \u00c4u\u00dferungen t\u00e4tigen<\/p>\n\n\n\n<p>&nbsp;&nbsp; Daher ist es hier problematisch, da sie aber ja\njetzt keine B\u00fcndnispartner mehr sind, f\u00e4llt das nun weg<\/p>\n\n\n\n<p>&nbsp;&nbsp; Kritische Einf\u00fchrungstage: sieht verschiedene\npolitische Meinungen als Grundlage f\u00fcr Diskussion<\/p>\n\n\n\n<p>&nbsp;&nbsp;\u00e0\n&nbsp;man solle die Einf\u00fchrungstage als Chance\nnutzen um \u00fcber Themen reden zu k\u00f6nnen, kritisch zu sein<\/p>\n\n\n\n<p>&nbsp;&nbsp; &#8230;: Sieht es nicht falsch, mit Gruppen zu\nreden, die andere Meinungen haben<\/p>\n\n\n\n<p>&nbsp;&nbsp; I.K.:&nbsp; Zu\nMarx 21: Sie kann die Menschen nicht genau beurteilen, aber die Menschen kommen\naus einer Organisation, die mit Aussagen auffallen. Es geht nicht \u00fcber eine\nKontaktschuld, sondern darum, dass mit rassistischen, antisemitischen,\nsexistischen oder sonstig diskriminierenden Gruppen nicht zusammengearbeitet wird.\nAntisemitismus ist keine Meinung sondern menschenfeindlich. Die vier hier sieht\nsie nicht als Antisemiten.<\/p>\n\n\n\n<p>&nbsp;&nbsp; F.W. Antrag auf Ende der Debatte , sagt dass\ndas hier sehr komplex ist und die Mehrheit sich nicht aktiv einbringen kann. Es\nsoll unter Vorbehaltung abgestimmt werden. \u00dcberpr\u00fcfung des Beschlusses.&nbsp;<\/p>\n\n\n\n<p>&nbsp;Gegenrede: Frage: Wo ist hier noch Platz f\u00fcr eine Frage<\/p>\n\n\n\n<p>&nbsp;L.B.GO &#8211; Antrag hat Vorrang, man kann dagegen stimmen<\/p>\n\n\n\n<p>&nbsp;J.A. Frage zu dem Antrag an sich: ist gegen den\nAntrag.<\/p>\n\n\n\n<p>&nbsp;Abstimmung<\/p>\n\n\n\n<p>f\u00fcr Ende der Debatte:14<\/p>\n\n\n\n<p>gegen&nbsp; Ende der Debatte: 23<\/p>\n\n\n\n<p>Weitere Diskussion \u00fcber den Antrag:<\/p>\n\n\n\n<p>&nbsp;&nbsp; S.: Hat schon in Stuttgart Erfahrung, ist ja\nhier sehr kurzfristig geplant, auf das viel Geld drauf geht<\/p>\n\n\n\n<p>&nbsp;&nbsp; F\u00fcr ihn stellt sich die Frage nach der ideellen\nUnterst\u00fctzung. Man solle sich nun kurzfristig dazu positionieren, denn er\nfindet die Debatte zu lang.<\/p>\n\n\n\n<p>&nbsp;&nbsp; &#8230;: Gibt es andere Gremien die sie\nfinanzieren?<\/p>\n\n\n\n<p>&nbsp;&nbsp; &#8230;R.: Ha.He: beim StuRa gibt es einen\nGruppenunterst\u00fctzungstopf, hier war es wohl nun schwierig, Finanzantr\u00e4ge sind,\nwenn sie beschlossen sind, endg\u00fcltig. Kommt auf die Gruppe darauf an, ob sie\nsich an andere Fachschaften wenden wollen.<\/p>\n\n\n\n<p>&nbsp;R: F\u00e4nde es sch\u00f6n, sofort abzustimmen, stellt also\nGO-Antrag, da nur noch 5. min Zeit.<\/p>\n\n\n\n<p>&nbsp;&nbsp; JA \u00e0\nMehrheit<\/p>\n\n\n\n<p>&nbsp;&nbsp; Nein: 3<\/p>\n\n\n\n<p>&nbsp;&nbsp; Enthaltung: 6<\/p>\n\n\n\n<p>&nbsp;&nbsp; \u00e0\nAbstimmung \u00fcber 300 Euro<\/p>\n\n\n\n<p>&nbsp;&nbsp; Ja: 5<\/p>\n\n\n\n<p>&nbsp;&nbsp; Nein:16<\/p>\n\n\n\n<p>&nbsp;&nbsp; Enthaltung:&nbsp;<\/p>\n\n\n\n<p>&nbsp;&nbsp; Antrag abgelehnt<\/p>\n\n\n\n<p>&nbsp;&nbsp; Andere Vorschl\u00e4ge:<\/p>\n\n\n\n<p>&nbsp;&nbsp; 220 Euro&nbsp; \u00e0\nangenommen!<\/p>\n\n\n\n<p>&nbsp;&nbsp; Ja: 14<\/p>\n\n\n\n<p>&nbsp;&nbsp; Nein: 11<\/p>\n\n\n\n<p>&nbsp;&nbsp; Enthaltung:politisch:0<\/p>\n\n\n\n<p>&nbsp;&nbsp;&nbsp;&nbsp;&nbsp;&nbsp;&nbsp;&nbsp;&nbsp;&nbsp;&nbsp;&nbsp;&nbsp;&nbsp;&nbsp;&nbsp;&nbsp;&nbsp;&nbsp;&nbsp;&nbsp;&nbsp;\npers\u00f6nlich: viele<\/p>\n\n\n\n<p>&nbsp;&nbsp;&nbsp;&nbsp;&nbsp;&nbsp;&nbsp;&nbsp;&nbsp;&nbsp;&nbsp;&nbsp;&nbsp;&nbsp;&nbsp;&nbsp;&nbsp;&nbsp;&nbsp;&nbsp;&nbsp;&nbsp;&nbsp;&nbsp;&nbsp;&nbsp;&nbsp;&nbsp;&nbsp;&nbsp;&nbsp;&nbsp;&nbsp;&nbsp;&nbsp;\n200 Euro<\/p>\n\n\n\n<p>&nbsp;&nbsp;&nbsp;&nbsp;&nbsp;&nbsp;&nbsp;&nbsp;&nbsp;&nbsp;&nbsp;&nbsp;&nbsp;&nbsp;&nbsp;&nbsp;&nbsp;&nbsp;&nbsp;&nbsp;&nbsp;&nbsp;&nbsp;&nbsp;&nbsp;&nbsp;&nbsp;&nbsp;&nbsp;&nbsp;&nbsp;&nbsp;&nbsp;&nbsp;\n150 Euro<\/p>\n\n\n\n<p>&nbsp;&nbsp;&nbsp;&nbsp;&nbsp;&nbsp;&nbsp;&nbsp;&nbsp;&nbsp;&nbsp;&nbsp;&nbsp;&nbsp;&nbsp;&nbsp;&nbsp;&nbsp;&nbsp;&nbsp;&nbsp;&nbsp;&nbsp;&nbsp;&nbsp;&nbsp;&nbsp;&nbsp;&nbsp;&nbsp;&nbsp;&nbsp;&nbsp;&nbsp;\n100 Euro<\/p>\n\n\n\n<p>&nbsp;&nbsp;&nbsp;&nbsp;&nbsp;&nbsp;&nbsp;&nbsp;&nbsp;&nbsp;&nbsp;&nbsp;&nbsp;&nbsp;&nbsp;&nbsp;&nbsp;&nbsp;&nbsp;&nbsp;&nbsp;&nbsp;&nbsp;&nbsp;&nbsp;&nbsp;&nbsp;&nbsp;&nbsp;&nbsp;&nbsp;&nbsp;&nbsp;&nbsp;\n25 Euro<\/p>\n\n\n\n<p>&nbsp;&nbsp;&nbsp;&nbsp;&nbsp;&nbsp;&nbsp;&nbsp;&nbsp;&nbsp;&nbsp;&nbsp;&nbsp;&nbsp;&nbsp;&nbsp;&nbsp;&nbsp;&nbsp;&nbsp;&nbsp;&nbsp;&nbsp;&nbsp;&nbsp;&nbsp;&nbsp;&nbsp;&nbsp;&nbsp;&nbsp;&nbsp;&nbsp;&nbsp;&nbsp;\n13,12 Euro<\/p>\n\n\n\n<p>&nbsp;&nbsp;&nbsp; 6.5. Feierlich Pr\u00e4sentation des neuen\nFachschaftslogos<\/p>\n\n\n\n<p>&nbsp;&nbsp;&nbsp; \u00e0\nvertagt auf n\u00e4chste Woche<\/p>\n\n\n\n<p>7. Termine und Sonstiges&nbsp;<\/p>\n\n\n\n<p>&#8211; 23.-25.11.: Bundesfachschaftentagung (BuFaTa) in\nBielefeld, nur FS Politik, n\u00e4chste Woche wird nochmal dar\u00fcber geredet, auch\nwegen Fahrkosten etc..<\/p>\n\n\n\n<p>Vollversammlung der Studierendenschaft am 12.12. ab 18 Uhr.<\/p>\n\n\n\n<p>&nbsp;\u00e0\nAntragsfrist f\u00fcr die Vollversammlung: 12.11. um 12 Uhr beim Pr\u00e4sidium<\/p>\n\n\n\n<p>&#8211; November: Freiburger Einf\u00fchrungstage des Astas. REferate\nwerden vorgestellt und sie stellen ihre Arbeit vor, PPP, Politik, Partizipation\nund Pizza<\/p>\n\n\n\n<p>&#8211; Verteilerlisten sind eingetippt<\/p>\n\n\n\n<p>&#8211; H\u00fcttenlisten an M.M.<\/p>\n\n\n\n<p>8. Lob und Tadel&nbsp;<\/p>\n\n\n\n<p>PauSau: Lob an alle, die bei der Ersti Woche dabei waren und\nvor allem an diejenigen, die das organisiert haben<\/p>\n\n\n\n<p>&nbsp;M:S. Lob an Stimme von L.B<\/p>\n\n\n\n<p>&nbsp;F.W: Lob an Protokoll und heutige Sitzungsgestaltung<\/p>\n\n\n\n<p>&nbsp;J.A. Lob an Rede<\/p>\n\n\n\n<p>&nbsp;Lob an die Erstis, dass sie bei der Rede von MAMA\ngejubelt haben.<\/p>\n\n\n\n<p>Tadel an MaMa f\u00fcr Bezeichnung des Dreisamstadions als\nSchwarzwaldstadion<\/p>\n","protected":false},"excerpt":{"rendered":"<p>Fachschaftssitzung vom 15.10.2018 Tagesordnung: 0. Sitzungsablauf, Sitzungsgymnastik, etc. 1. Formalia 2. Vorstellungsrunde 3. Was ist die Fachschaft &nbsp;&nbsp;&nbsp; 3.1 Vorstellung der Fachschaftsarbeit 4. StuRa&nbsp; &nbsp;&nbsp;&nbsp; 4.0. Was ist eigentlich der Stura? Warum besprechen wir das hier? &nbsp;&nbsp;&nbsp; 4.1. Bericht aus dem StuRa&nbsp; &nbsp;&nbsp;&nbsp; 4.2. Bewerbungen&nbsp; &nbsp;&nbsp;&nbsp; 4.3. Finanzantr\u00e4ge&nbsp; &nbsp;&nbsp;&nbsp; 4.4. Sonstige Antr\u00e4ge&nbsp; 5. Feedback Erstiwoche [&hellip;]<\/p>\n","protected":false},"author":14,"featured_media":0,"comment_status":"closed","ping_status":"closed","sticky":false,"template":"","format":"standard","meta":{"iawp_total_views":0,"footnotes":""},"categories":[18],"tags":[],"class_list":["post-2832","post","type-post","status-publish","format-standard","hentry","category-protokolle"],"_links":{"self":[{"href":"https:\/\/www.fspolitik.de\/index.php?rest_route=\/wp\/v2\/posts\/2832","targetHints":{"allow":["GET"]}}],"collection":[{"href":"https:\/\/www.fspolitik.de\/index.php?rest_route=\/wp\/v2\/posts"}],"about":[{"href":"https:\/\/www.fspolitik.de\/index.php?rest_route=\/wp\/v2\/types\/post"}],"author":[{"embeddable":true,"href":"https:\/\/www.fspolitik.de\/index.php?rest_route=\/wp\/v2\/users\/14"}],"replies":[{"embeddable":true,"href":"https:\/\/www.fspolitik.de\/index.php?rest_route=%2Fwp%2Fv2%2Fcomments&post=2832"}],"version-history":[{"count":1,"href":"https:\/\/www.fspolitik.de\/index.php?rest_route=\/wp\/v2\/posts\/2832\/revisions"}],"predecessor-version":[{"id":2833,"href":"https:\/\/www.fspolitik.de\/index.php?rest_route=\/wp\/v2\/posts\/2832\/revisions\/2833"}],"wp:attachment":[{"href":"https:\/\/www.fspolitik.de\/index.php?rest_route=%2Fwp%2Fv2%2Fmedia&parent=2832"}],"wp:term":[{"taxonomy":"category","embeddable":true,"href":"https:\/\/www.fspolitik.de\/index.php?rest_route=%2Fwp%2Fv2%2Fcategories&post=2832"},{"taxonomy":"post_tag","embeddable":true,"href":"https:\/\/www.fspolitik.de\/index.php?rest_route=%2Fwp%2Fv2%2Ftags&post=2832"}],"curies":[{"name":"wp","href":"https:\/\/api.w.org\/{rel}","templated":true}]}}