{"id":2908,"date":"2019-04-30T23:17:23","date_gmt":"2019-04-30T21:17:23","guid":{"rendered":"http:\/\/www.fspolitik.de\/?p=2908"},"modified":"2019-04-30T23:17:24","modified_gmt":"2019-04-30T21:17:24","slug":"protokoll-der-fachbereichssitzung-vom-22-04-2019","status":"publish","type":"post","link":"https:\/\/www.fspolitik.de\/?p=2908","title":{"rendered":"Protokoll der Fachbereichssitzung vom 22.04.2019"},"content":{"rendered":"\n<p>Fachschaftssitzung vom 22.04.2019<\/p>\n\n\n\n<p>Tagesordnung: <\/p>\n\n\n\n<p>1. Formalia <\/p>\n\n\n\n<p>2. StuRa <\/p>\n\n\n\n<p>&nbsp;&nbsp;&nbsp; 2.1. Bericht aus dem StuRa <\/p>\n\n\n\n<p>&nbsp;&nbsp;&nbsp; 2.2. Bewerbungen <\/p>\n\n\n\n<p>&nbsp;&nbsp;&nbsp; 2.3. Finanzantr\u00e4ge <\/p>\n\n\n\n<p>&nbsp;&nbsp;&nbsp; 2.4. Sonstige Antr\u00e4ge <\/p>\n\n\n\n<p>3. Landeslehrpreis<\/p>\n\n\n\n<p>4. FakRat<\/p>\n\n\n\n<p>5. BuFaTa<\/p>\n\n\n\n<p>6. Wahlen<\/p>\n\n\n\n<p>7. Fachschaftsarbeit&nbsp;<\/p>\n\n\n\n<p>&nbsp;&nbsp;&nbsp; 7.1. Kaffee&nbsp;<\/p>\n\n\n\n<p>&nbsp;&nbsp;&nbsp; 7.2. Party&nbsp;<\/p>\n\n\n\n<p>&nbsp;&nbsp;&nbsp; 7.3. H\u00fctte&nbsp;<\/p>\n\n\n\n<p>&nbsp;&nbsp;&nbsp; 7.4. Finanzen&nbsp;<\/p>\n\n\n\n<p>&nbsp;&nbsp;&nbsp; 7.5. Berufsperspektiven&nbsp;<\/p>\n\n\n\n<p>8. Termine und Sonstiges&nbsp;<\/p>\n\n\n\n<p>9. Lob und Tadel&nbsp;<\/p>\n\n\n\n<p>&#8212;&#8212;&#8212;&#8212;&#8212;&#8212;&#8212;&#8212;&#8212;&#8212;&#8212;&#8212;&#8212;&#8211; <\/p>\n\n\n\n<p>Protokoll <\/p>\n\n\n\n<p>Tagesordnung <\/p>\n\n\n\n<p>1. Formalia <\/p>\n\n\n\n<p>Redeleitung (egal*): JS<\/p>\n\n\n\n<p>Protokoll:JS<\/p>\n\n\n\n<p>Beschlussf\u00e4higkeit: nein<\/p>\n\n\n\n<p>Genehmigung des Protokolls: <\/p>\n\n\n\n<p>Vorschl\u00e4ge zur TO: <\/p>\n\n\n\n<p>2. StuRa <\/p>\n\n\n\n<p>&nbsp;&nbsp;&nbsp; 2.1. Bericht aus dem StuRa <\/p>\n\n\n\n<ul class=\"wp-block-list\"><li>Bis\n     morgen Abend sind Fragen f\u00fcr den Besuch des Datenschutzbeauftragten der\n     Uni zu benennen. Der StuRa hatte vor Kurzem beschlossen, diesen\n     einzuladen. Er kommt aber nur, wenn ihm bereits im Vorhinein Fragen\n     geschickt werden. Man kann ihn alles rund um die Themen Studium und Lehre\n     im Zusammenhang mit Datenschutz fragen, nutzt die Gelegenheit!<\/li><li>Alle\n     Fragen m\u00f6glich<\/li><li>Ilias?\n     Sollte kein Problem sein.&nbsp;<\/li><li>Ausliegende\n     oder vorgelesene Listen? Stichwort Abwesenheitspflicht.&nbsp;<\/li><li>F\u00fcr\n     die H\u00fctten was zu beachten?&nbsp;<\/li><\/ul>\n\n\n\n<p>&nbsp;&nbsp;&nbsp; 2.2. Bewerbungen <\/p>\n\n\n\n<ul class=\"wp-block-list\"><li>&nbsp;Caroline\n     Pommerening (Wahlkoordination)<\/li><li>Diskussion:<\/li><li>Abst.:<\/li><\/ul>\n\n\n\n<ul class=\"wp-block-list\"><li>Tobias\n     Becker (Integrative Board des ZPKM)<\/li><li>Diskussion:<\/li><li>Abst.:<\/li><\/ul>\n\n\n\n<ul class=\"wp-block-list\"><li>Lou\n     Mollat (Regenbogenreferat)<\/li><li>Diskussion:<\/li><li>Abst.:<\/li><\/ul>\n\n\n\n<ul class=\"wp-block-list\"><li>Jonathan\n     Armas (Wahlpr\u00fcfungsausschuss)<\/li><li>Diskussion:<\/li><li>Abst.:<\/li><li>Alle\n     Bewerbungen empfehlend angenommen&nbsp;<\/li><\/ul>\n\n\n\n<p>&nbsp;&nbsp;&nbsp; 2.3. Finanzantr\u00e4ge <\/p>\n\n\n\n<ul class=\"wp-block-list\"><li>&nbsp;AMS*\n     Camp 2019 (Gruppe Gegenma\u00dfnahme)<\/li><li>beantragt:\n     1500,00 \u20ac<\/li><li>Diskussion:\n     Festivalwochenende mit Workshops und Austausch und Musik. Zuletzt auch\n     unterst\u00fctzt. Programm&nbsp;<\/li><li>Abst.:\n     auf Empfehlung einstimmig angenommen<\/li><\/ul>\n\n\n\n<ul class=\"wp-block-list\"><li>Ladi(y)*fest\n     2019<\/li><li>beantragt:\n     2000,00 \u20ac<\/li><li>Diskussion:\n     Workshops und Vortr\u00e4ge f\u00fcr Frauen zu Genderthemen etc.<\/li><li>Abst.:\n     einstimmig angenommen<\/li><\/ul>\n\n\n\n<ul class=\"wp-block-list\"><li>freiburger\n     film Forum (students platform freiburger film forum)<\/li><li>beantragt:\n     1400,00 \u20ac<\/li><li>Diskussion:<\/li><li>&nbsp;alle\n     2 Jahre,<\/li><li>&nbsp;28.5.-2.6.<\/li><li>Abst.:\n     einstimmig angenommen&nbsp;<\/li><\/ul>\n\n\n\n<ul class=\"wp-block-list\"><li>&#8222;Was\n     willst Du in die Welt bringen?&#8220; (Visionenschmiede)<\/li><li>beantragt:\n     1545,00 \u20ac<\/li><li>Alternativvorschl\u00e4ge:\n     400\u20ac<\/li><li>Diskussion:\n     Recht sinnvoll, aber hohe Summe beantragt f\u00fcr 8-10 Personen. An sich aber\n     eine gute Sache. K\u00f6nnte man aber auch in Freiburg machen.&nbsp;<\/li><li>Abst.:<\/li><li>1545\u20ac:\n     bei 3 Gegenstimmen abgelehnt<\/li><li>4000\u20ac:\n     bei 2 Stimmen und 2 Enthaltungen zum Vorschlag angenommen&nbsp;<\/li><\/ul>\n\n\n\n<p>&nbsp;&nbsp;&nbsp; 2.4. Sonstige Antr\u00e4ge <\/p>\n\n\n\n<ul class=\"wp-block-list\"><li>Unterst\u00fctzung\n     &#8222;Frist ist Frust&#8220; \/\/ Unterschreiben der Petition (FB Geschichte)<\/li><li>Diskussion:\n     geht um befristete Anstellungen an der Uni. ..&nbsp;<\/li><li>Abst.:\n     einstimmig angenommen<\/li><\/ul>\n\n\n\n<ul class=\"wp-block-list\"><li>Ideelle\n     Unterst\u00fctzung LILAK (LILAK)<\/li><li>Diskussion:\n     Hom\u00f6opathie &#8230;, schwierig<\/li><li>Abst.:\n     bei 3 Gegenstimmen und 2 Enthaltungen \u00e0\n     empfohlen abzulehnen<\/li><\/ul>\n\n\n\n<p>3. Landeslehrpreis<\/p>\n\n\n\n<ul class=\"wp-block-list\"><li>Sollen\n     wir I.H. vorschlagen?<\/li><li>Gro\u00dfer\n     Mehrwert nicht gegeben<\/li><li>Idee\n     mehrerer Standorte b\u00fcndeln<\/li><li>Aber\n     acht ahnungslosen Standorte sind immer noch ahnungslos<\/li><li>Frech\n     von IH einfach den Vorschlag zu fordern ohne N\u00e4heres vorzustellen<\/li><li>Erstellen\n     der Lernplattform vielleicht noch recht gut. Ansonsten einfach nur ein\n     Seminar.&nbsp;<\/li><li>3\n     Optionen: 1)Lobeshymne 2)Diesdas 3)Nix<\/li><li>Fragw\u00fcrdig\n     ohne gro\u00dfe Info zu entscheiden<\/li><li>IH\n     einladen? H\u00f6fliche Mail f\u00fcr R\u00fcckfrage&nbsp;<\/li><li>Je\n     mehr Unterst\u00fctzung desto besser<\/li><li>Vertagung\n     auf n\u00e4chste&nbsp;Sitzung<\/li><\/ul>\n\n\n\n<p>4. FakRat<\/p>\n\n\n\n<ul class=\"wp-block-list\"><li>Nach\n     einer Mail, die heute an uns ging sind anscheinend Menschen f\u00fcr die StuKo\n     Lehramt zu benennen<\/li><li>J.E.\n     Hat da immer Seminarveranstaltung, k\u00f6nnte es aber notfalls machen<\/li><\/ul>\n\n\n\n<p>5. BuFaTa Bremen (17.-19.05.)<\/p>\n\n\n\n<ul class=\"wp-block-list\"><li>bisherige\n     Delegation: Mx.B. und J.A.<\/li><li>w\u00e4re\n     cool wenn noch Frauen* mit dabei w\u00e4ren<\/li><\/ul>\n\n\n\n<p>6. Wahlen&nbsp;&nbsp;<\/p>\n\n\n\n<ul class=\"wp-block-list\"><li>stehen\n     am 25.06. an<\/li><li>gew\u00e4hlt\n     werden unsere Fachbereichsvertreter*innen im StuRa<\/li><li>m\u00fcssen\n     demn\u00e4chst Liste einreichen<\/li><li>wer\n     hat Lust?<\/li><li>m\u00fcssen\n     auch bald \u00fcberlegen, wer f\u00fcr den FakRat in Frage kommt<\/li><\/ul>\n\n\n\n<p>7. Fachschaftsarbeit&nbsp;<\/p>\n\n\n\n<p>&nbsp;&nbsp;&nbsp; 7.1. Kaffee&nbsp;<\/p>\n\n\n\n<p>&nbsp; Es finden sich vielleicht Leute in der WhatsApp&nbsp;Gruppe<\/p>\n\n\n\n<p>&nbsp;&nbsp;&nbsp; 7.2. Party&nbsp;<\/p>\n\n\n\n<p>&nbsp;&nbsp;&nbsp; 7.3. H\u00fctte&nbsp;<\/p>\n\n\n\n<ul class=\"wp-block-list\"><li>24.-26.05.<\/li><li>wer\n     kommt mit? \u00e0\n     Doodle<\/li><li>wer\n     macht AK?<\/li><li>L.B.\n     hat angek\u00fcndigt, sich um Auto zu k\u00fcmmern<\/li><li>Winterh\u00fctte\n     ist best\u00e4tigt&nbsp;<\/li><\/ul>\n\n\n\n<p>&nbsp;&nbsp;&nbsp; 7.4. Finanzen&nbsp;<\/p>\n\n\n\n<ul class=\"wp-block-list\"><li>Stand\n     \u00dcbergabe?<\/li><li>Wird\n     mit dem Typ und Anna&nbsp;besprochen<\/li><\/ul>\n\n\n\n<p>&nbsp;&nbsp;&nbsp; 7.5. Berufsperspektiven&nbsp;<\/p>\n\n\n\n<p>8. Termine und Sonstiges&nbsp;<\/p>\n\n\n\n<p>9. Lob und Tadel&nbsp;<\/p>\n","protected":false},"excerpt":{"rendered":"<p>Fachschaftssitzung vom 22.04.2019 Tagesordnung: 1. Formalia 2. StuRa &nbsp;&nbsp;&nbsp; 2.1. Bericht aus dem StuRa &nbsp;&nbsp;&nbsp; 2.2. Bewerbungen &nbsp;&nbsp;&nbsp; 2.3. Finanzantr\u00e4ge &nbsp;&nbsp;&nbsp; 2.4. Sonstige Antr\u00e4ge 3. Landeslehrpreis 4. FakRat 5. BuFaTa 6. Wahlen 7. Fachschaftsarbeit&nbsp; &nbsp;&nbsp;&nbsp; 7.1. Kaffee&nbsp; &nbsp;&nbsp;&nbsp; 7.2. Party&nbsp; &nbsp;&nbsp;&nbsp; 7.3. H\u00fctte&nbsp; &nbsp;&nbsp;&nbsp; 7.4. Finanzen&nbsp; &nbsp;&nbsp;&nbsp; 7.5. Berufsperspektiven&nbsp; 8. Termine und Sonstiges&nbsp; 9. Lob [&hellip;]<\/p>\n","protected":false},"author":14,"featured_media":0,"comment_status":"closed","ping_status":"closed","sticky":false,"template":"","format":"standard","meta":{"iawp_total_views":5,"footnotes":""},"categories":[18],"tags":[],"class_list":["post-2908","post","type-post","status-publish","format-standard","hentry","category-protokolle"],"_links":{"self":[{"href":"https:\/\/www.fspolitik.de\/index.php?rest_route=\/wp\/v2\/posts\/2908","targetHints":{"allow":["GET"]}}],"collection":[{"href":"https:\/\/www.fspolitik.de\/index.php?rest_route=\/wp\/v2\/posts"}],"about":[{"href":"https:\/\/www.fspolitik.de\/index.php?rest_route=\/wp\/v2\/types\/post"}],"author":[{"embeddable":true,"href":"https:\/\/www.fspolitik.de\/index.php?rest_route=\/wp\/v2\/users\/14"}],"replies":[{"embeddable":true,"href":"https:\/\/www.fspolitik.de\/index.php?rest_route=%2Fwp%2Fv2%2Fcomments&post=2908"}],"version-history":[{"count":1,"href":"https:\/\/www.fspolitik.de\/index.php?rest_route=\/wp\/v2\/posts\/2908\/revisions"}],"predecessor-version":[{"id":2909,"href":"https:\/\/www.fspolitik.de\/index.php?rest_route=\/wp\/v2\/posts\/2908\/revisions\/2909"}],"wp:attachment":[{"href":"https:\/\/www.fspolitik.de\/index.php?rest_route=%2Fwp%2Fv2%2Fmedia&parent=2908"}],"wp:term":[{"taxonomy":"category","embeddable":true,"href":"https:\/\/www.fspolitik.de\/index.php?rest_route=%2Fwp%2Fv2%2Fcategories&post=2908"},{"taxonomy":"post_tag","embeddable":true,"href":"https:\/\/www.fspolitik.de\/index.php?rest_route=%2Fwp%2Fv2%2Ftags&post=2908"}],"curies":[{"name":"wp","href":"https:\/\/api.w.org\/{rel}","templated":true}]}}