{"id":2911,"date":"2019-05-19T21:42:31","date_gmt":"2019-05-19T19:42:31","guid":{"rendered":"http:\/\/www.fspolitik.de\/?p=2911"},"modified":"2019-05-19T21:42:33","modified_gmt":"2019-05-19T19:42:33","slug":"protokoll-der-fachbereichssitzung-vom-29-04-2019","status":"publish","type":"post","link":"https:\/\/www.fspolitik.de\/?p=2911","title":{"rendered":"Protokoll der Fachbereichssitzung vom 29.04.2019"},"content":{"rendered":"\n<p>Fachschaftssitzung vom 29.04.2019<\/p>\n\n\n\n<p>Tagesordnung: <\/p>\n\n\n\n<p>1. Formalia <\/p>\n\n\n\n<p>2. StuRa <\/p>\n\n\n\n<p>&nbsp;&nbsp;&nbsp; 2.1. Bericht aus dem StuRa <\/p>\n\n\n\n<p>&nbsp;&nbsp;&nbsp; 2.2. Bewerbungen <\/p>\n\n\n\n<p>&nbsp;&nbsp;&nbsp; 2.3. Finanzantr\u00e4ge <\/p>\n\n\n\n<p>&nbsp;&nbsp;&nbsp; 2.4. Sonstige Antr\u00e4ge <\/p>\n\n\n\n<p>3. Landeslehrpreis<\/p>\n\n\n\n<p>4. Wahlen<\/p>\n\n\n\n<p>5. BuFaTa Bremen<\/p>\n\n\n\n<p>6. Fachschaftsarbeit&nbsp;<\/p>\n\n\n\n<p>&nbsp;&nbsp;&nbsp; 6.1. Kaffee&nbsp;<\/p>\n\n\n\n<p>&nbsp;&nbsp;&nbsp; 6.2. Party&nbsp;<\/p>\n\n\n\n<p>&nbsp;&nbsp;&nbsp; 6.3. H\u00fctte&nbsp;<\/p>\n\n\n\n<p>&nbsp;&nbsp;&nbsp; 6.4. Finanzen&nbsp;<\/p>\n\n\n\n<p>&nbsp;&nbsp;&nbsp; 6.5. Berufsperspektiven&nbsp;<\/p>\n\n\n\n<p>&nbsp;&nbsp;&nbsp; 6.6. Neugestaltung Pr\u00fcfungsprotokolle<\/p>\n\n\n\n<p>&nbsp;&nbsp;&nbsp; 6.7. FACE<\/p>\n\n\n\n<p>&nbsp;&nbsp;&nbsp; 6.8. Thema f\u00fcr das\nGesch\u00e4ftsf\u00fchrungstreffen<\/p>\n\n\n\n<p>&nbsp;&nbsp;&nbsp; 6.9. Berufungskommission Nachfolge IB\nLehrstuhl<\/p>\n\n\n\n<p>&nbsp;&nbsp;&nbsp; 6.10. Werbeplakat Stellwand KGIV<\/p>\n\n\n\n<p>&nbsp;&nbsp;&nbsp; 6.11. Kandidat*innengrillen<\/p>\n\n\n\n<p>7. Termine und Sonstiges&nbsp;<\/p>\n\n\n\n<p>8. Lob und Tadel&nbsp;<\/p>\n\n\n\n<p>&#8212;&#8212;&#8212;&#8212;&#8212;&#8212;&#8212;&#8212;&#8212;&#8212;&#8212;&#8212;&#8212;&#8211; <\/p>\n\n\n\n<p>Protokoll <\/p>\n\n\n\n<p>Tagesordnung <\/p>\n\n\n\n<p>1. Formalia <\/p>\n\n\n\n<p>Redeleitung (w*): A.Z.<\/p>\n\n\n\n<p>Protokoll: J.A.<\/p>\n\n\n\n<p>Beschlussf\u00e4higkeit: Ja<\/p>\n\n\n\n<p>Genehmigung des Protokolls: Alle ausstehenden Protokolle\ngenehmigt<\/p>\n\n\n\n<p>Vorschl\u00e4ge zur TO: Ohne \u00c4nderungen genehmigz<\/p>\n\n\n\n<p>2. StuRa <\/p>\n\n\n\n<p>&nbsp;&nbsp;&nbsp; 2.1. Bericht aus dem StuRa <\/p>\n\n\n\n<p>siehe StuRa-Protokoll<\/p>\n\n\n\n<p>&nbsp;&nbsp;&nbsp; 2.2. Bewerbungen <\/p>\n\n\n\n<p>Uluka Zimba (Referat f\u00fcr internationale Studierende)<\/p>\n\n\n\n<p>Diskussion: &#8211;<\/p>\n\n\n\n<p>Svenja Bendler (Referat f\u00fcr internationale Studierende stv.)<\/p>\n\n\n\n<p>Diskussion: &#8211;<\/p>\n\n\n\n<p>Frederik Klett (Wahlkoordination)<\/p>\n\n\n\n<p>Diskussion: &#8211;<\/p>\n\n\n\n<p>Abst. en bloc: einstimmig angenommen<\/p>\n\n\n\n<p>&nbsp;&nbsp;&nbsp; 2.3. Finanzantr\u00e4ge <\/p>\n\n\n\n<p>Keine.<\/p>\n\n\n\n<p>&nbsp;&nbsp;&nbsp; 2.4. Sonstige Antr\u00e4ge <\/p>\n\n\n\n<ul class=\"wp-block-list\"><li>Solidarisierung\n     mit &#8222;Fridays for Future&#8220; (Fridays for Future; Umweltreferat;\n     Vorstand)<\/li><li>Diskussion:\n     &#8211;<\/li><li>Abst.:\n     einstimmig angenommen<\/li><\/ul>\n\n\n\n<ul class=\"wp-block-list\"><li>Ideelle\n     Unterst\u00fctzung DGB Hochschulgruppe (DGB HSG)<\/li><li>Diskussion:&nbsp;<\/li><li>Abst.:\n     einstimmig angenommen<\/li><\/ul>\n\n\n\n<ul class=\"wp-block-list\"><li>Stellungnahme\n     Lehramt<\/li><li>hat\n     anscheinend niemand au\u00dfer A.Z. gelesen<\/li><li>weitere\n     Diversity-Schulungen in weiteren Diversity-Dimensionen<\/li><li>Diktaktiseminare\n     nur noch von Lehrer_innen sinnvoll?&nbsp;<\/li><li>Weitere\n     Idee: Studentische Mitglieder in den hochschul\u00fcbergreifenden Einrichtungen\n     zwischen Universit\u00e4ten und p\u00e4dagogischen Hochschulen<\/li><\/ul>\n\n\n\n<p>3. Landeslehrpreis<\/p>\n\n\n\n<ul class=\"wp-block-list\"><li>Projekt\n     von Gurol\/Henneberg haben angefragt, ob wir sie empfehlen<\/li><li>einige\n     FS-Menschen haben ein Schreiben aufgesetzt, das man ggf. an die\n     Studienkommission einreichen k\u00f6nnte &#8230; ist aber keine Empfehlung<\/li><li>Bewerbungen\n     werden von den Studienkommissionen an die Senatskommission f\u00fcr Studium und\n     Lehre empfohlen, die unter allen Einsendungen eine ausw\u00e4hlt. Unter allen\n     Bewerbungen von allen Hochschulen in BaW\u00fc w\u00e4hlt das MWK den*die\n     Gewinner*in aus<\/li><li>Es\n     wird bedauert, dass die Antragssteller_innen nicht anwesend sind.<\/li><li>Auftreten\n     der Antragssteller_innen wird kritisiert: FS wird in Zugzwang gebracht\n     durch das Schreiben aus T\u00fcbingen und Angaben gg\u00fc. der Fakult\u00e4t<\/li><li>Umgang\n     sei nicht tolerabel<\/li><li>Man\n     kann nicht einsch\u00e4tzen, ob das Seminar wirklich &#8222;innovativ&#8220; sei\n     auch die p\u00e4dagogische Qualit\u00e4t sei unklar<\/li><li>Es\n     wird vorgeschlagen, die Kommunikation zu kritisieren, die Unterst\u00fctzung\n     jedoch nicht davon abh\u00e4ngig zu machen<\/li><li>Die\n     Dozierenden geben sich anscheinend M\u00fche. Das Projekt wird evaluiert und\n     die Ergebnisse flie\u00dfen tats\u00e4chlich auch in das Konzept ein. Eine\n     studentische Hilfskraft-Stelle wird geschaffen.<\/li><\/ul>\n\n\n\n<p>GO-Antrag Schlie\u00dfung der Redeliste. Ohne Gegenrede\nangenommen.<\/p>\n\n\n\n<ul class=\"wp-block-list\"><li>Es\n     wird kritisiert, dass eine Zustimmung nur dann Sinn mache, wenn man\n     \u00fcberzeugt dahinter stehe. Die Ausschreibung sei \u00fcbrigens schon l\u00e4nger\n     bekannt.<\/li><li>Senatskommission\n     hat erst im Februar universit\u00e4tsweite Ausschreibung beschlossen. Der Text\n     ist \u00fcber das Pad bekannt. Wir diskutieren da bereits dar\u00fcber.<\/li><\/ul>\n\n\n\n<p>Abst.: 9\/2\/4 \u00e0Die\nBewerber*innen werden vorgeschlagen.<\/p>\n\n\n\n<p>4. Wahlen&nbsp;&nbsp;<\/p>\n\n\n\n<ul class=\"wp-block-list\"><li>stehen\n     am 25.06. an<\/li><li>gew\u00e4hlt\n     werden unsere Fachbereichsvertreter*innen im StuRa<\/li><li>m\u00fcssen\n     demn\u00e4chst Liste einreichen<\/li><li>wer\n     hat Bock?<\/li><li>wer\n     ist zust\u00e4ndig?<\/li><li>Mo.M\u00fc.\n     k\u00fcmmert sich drum<\/li><li>J.S.\n     und Mo.M\u00fc. berichten (Ma.Mau. \u00fcbernimmt)<\/li><li>FakRat<\/li><li>vertagt<\/li><\/ul>\n\n\n\n<p>5. BuFaTa Bremen (17.-19.05.)<\/p>\n\n\n\n<ul class=\"wp-block-list\"><li>bisherige\n     Delegation: Mx.B. und J.A.<\/li><li>w\u00e4re\n     cool wenn noch Frauen* mit dabei w\u00e4ren<\/li><li>Fahrtkosten\n     werden erstattet<\/li><\/ul>\n\n\n\n<p>6. Fachschaftsarbeit&nbsp;<\/p>\n\n\n\n<p>&nbsp;&nbsp;&nbsp; 6.1. Kaffee&nbsp;<\/p>\n\n\n\n<ul class=\"wp-block-list\"><li>Brauchen\n     Milch. Vor allem Normale. Kaffee ist noch genug da.<\/li><li>Lob\n     an den Keksvorrat<\/li><\/ul>\n\n\n\n<p>&nbsp;&nbsp;&nbsp; 6.2. Party<\/p>\n\n\n\n<ul class=\"wp-block-list\"><li>Kommt\n     bei PauSau vorbei!<\/li><\/ul>\n\n\n\n<p>&nbsp;&nbsp;&nbsp; 6.3. H\u00fctte&nbsp;<\/p>\n\n\n\n<ul class=\"wp-block-list\"><li>Gr\u00fcndung\n     AK Sommerh\u00fctte: Ma.Mau. + L.Schw. + L. Schm. + Ph.Sch.<\/li><li>L.B.\n     hat Auto reserviert<\/li><\/ul>\n\n\n\n<p>&nbsp;&nbsp;&nbsp; 6.4. Finanzen&nbsp;<\/p>\n\n\n\n<ul class=\"wp-block-list\"><li>Konto\n     ist er\u00f6ffnet<\/li><li>A.Z.\n     \u00fcberweist Geld<\/li><\/ul>\n\n\n\n<p>&nbsp;&nbsp;&nbsp; 6.5. Berufsperspektiven&nbsp;<\/p>\n\n\n\n<ul class=\"wp-block-list\"><li>ist\n     fast alles geregelt<\/li><li>10.07.<\/li><li>Referent*innen\n     stehen fest unnd werden announced<\/li><\/ul>\n\n\n\n<p>&nbsp;&nbsp;&nbsp; 6.6. Neugestaltung Pr\u00fcfungsprotokolle<\/p>\n\n\n\n<ul class=\"wp-block-list\"><li>stehen\n     jetzt auf der Homepage<\/li><li><a href=\"http:\/\/www.fspolitik.de\/?page_id=2861\">http:\/\/www.fspolitik.de\/?page_id=2861<\/a><\/li><li>How-to-Homepage\n     enth\u00e4lt Anleitung zur Aktualisierung<\/li><\/ul>\n\n\n\n<p>&nbsp;&nbsp;&nbsp; 6.7. FACE<\/p>\n\n\n\n<p>vertagt<\/p>\n\n\n\n<p>&nbsp;&nbsp;&nbsp; 6.8. Thema f\u00fcr das\nGesch\u00e4ftsf\u00fchrungstreffen<\/p>\n\n\n\n<p>vertagt<\/p>\n\n\n\n<p>&nbsp;&nbsp;&nbsp; 6.9. Berufungskommission Nachfolge IB\nLehrstuhl<\/p>\n\n\n\n<ul class=\"wp-block-list\"><li>letzte\n     Sitzung h\u00e4tte am 29.04.2019 stattfinden sollen, wurde aber verschoben, da\n     das letzte Gutachten noch nicht da ist<\/li><li>neuer\n     Termin wahrscheinlich Mitte bis Ende Mai&nbsp;<\/li><\/ul>\n\n\n\n<p>&nbsp;&nbsp;&nbsp; 6.10. Werbeplakat Stellwand KGIV<\/p>\n\n\n\n<p>vertagt<\/p>\n\n\n\n<p>&nbsp;&nbsp;&nbsp; 6.11. Kandidat*innengrillen<\/p>\n\n\n\n<p>vertagt<\/p>\n\n\n\n<p>7. Termine und Sonstiges&nbsp;<\/p>\n\n\n\n<ul class=\"wp-block-list\"><li>&nbsp;wer\n     verschickt zuk\u00fcnftig die Fachschaftsprotokolle?<\/li><li>vertagt<\/li><\/ul>\n\n\n\n<p>8. Lob und Tadel&nbsp;<\/p>\n\n\n\n<ul class=\"wp-block-list\"><li>&nbsp;Lob\n     an alle f\u00fcr Anwesenheit<\/li><\/ul>\n","protected":false},"excerpt":{"rendered":"<p>Fachschaftssitzung vom 29.04.2019 Tagesordnung: 1. Formalia 2. StuRa &nbsp;&nbsp;&nbsp; 2.1. Bericht aus dem StuRa &nbsp;&nbsp;&nbsp; 2.2. Bewerbungen &nbsp;&nbsp;&nbsp; 2.3. Finanzantr\u00e4ge &nbsp;&nbsp;&nbsp; 2.4. Sonstige Antr\u00e4ge 3. Landeslehrpreis 4. Wahlen 5. BuFaTa Bremen 6. Fachschaftsarbeit&nbsp; &nbsp;&nbsp;&nbsp; 6.1. Kaffee&nbsp; &nbsp;&nbsp;&nbsp; 6.2. Party&nbsp; &nbsp;&nbsp;&nbsp; 6.3. H\u00fctte&nbsp; &nbsp;&nbsp;&nbsp; 6.4. Finanzen&nbsp; &nbsp;&nbsp;&nbsp; 6.5. Berufsperspektiven&nbsp; &nbsp;&nbsp;&nbsp; 6.6. Neugestaltung Pr\u00fcfungsprotokolle &nbsp;&nbsp;&nbsp; 6.7. FACE [&hellip;]<\/p>\n","protected":false},"author":14,"featured_media":0,"comment_status":"closed","ping_status":"closed","sticky":false,"template":"","format":"standard","meta":{"iawp_total_views":0,"footnotes":""},"categories":[18],"tags":[],"class_list":["post-2911","post","type-post","status-publish","format-standard","hentry","category-protokolle"],"_links":{"self":[{"href":"https:\/\/www.fspolitik.de\/index.php?rest_route=\/wp\/v2\/posts\/2911","targetHints":{"allow":["GET"]}}],"collection":[{"href":"https:\/\/www.fspolitik.de\/index.php?rest_route=\/wp\/v2\/posts"}],"about":[{"href":"https:\/\/www.fspolitik.de\/index.php?rest_route=\/wp\/v2\/types\/post"}],"author":[{"embeddable":true,"href":"https:\/\/www.fspolitik.de\/index.php?rest_route=\/wp\/v2\/users\/14"}],"replies":[{"embeddable":true,"href":"https:\/\/www.fspolitik.de\/index.php?rest_route=%2Fwp%2Fv2%2Fcomments&post=2911"}],"version-history":[{"count":1,"href":"https:\/\/www.fspolitik.de\/index.php?rest_route=\/wp\/v2\/posts\/2911\/revisions"}],"predecessor-version":[{"id":2912,"href":"https:\/\/www.fspolitik.de\/index.php?rest_route=\/wp\/v2\/posts\/2911\/revisions\/2912"}],"wp:attachment":[{"href":"https:\/\/www.fspolitik.de\/index.php?rest_route=%2Fwp%2Fv2%2Fmedia&parent=2911"}],"wp:term":[{"taxonomy":"category","embeddable":true,"href":"https:\/\/www.fspolitik.de\/index.php?rest_route=%2Fwp%2Fv2%2Fcategories&post=2911"},{"taxonomy":"post_tag","embeddable":true,"href":"https:\/\/www.fspolitik.de\/index.php?rest_route=%2Fwp%2Fv2%2Ftags&post=2911"}],"curies":[{"name":"wp","href":"https:\/\/api.w.org\/{rel}","templated":true}]}}