{"id":2914,"date":"2019-06-10T21:10:43","date_gmt":"2019-06-10T19:10:43","guid":{"rendered":"http:\/\/www.fspolitik.de\/?p=2914"},"modified":"2019-06-10T21:10:45","modified_gmt":"2019-06-10T19:10:45","slug":"protokoll-der-fachbereichssitzung-vom-06-05-2019","status":"publish","type":"post","link":"https:\/\/www.fspolitik.de\/?p=2914","title":{"rendered":"Protokoll der Fachbereichssitzung vom 06.05.2019"},"content":{"rendered":"\n<p>Fachschaftssitzung vom 06.05.2019&nbsp;&nbsp;<\/p>\n\n\n\n<p>Tagesordnung: <\/p>\n\n\n\n<p>1. Formalia <\/p>\n\n\n\n<p>2. StuRa <\/p>\n\n\n\n<p>&nbsp;&nbsp;&nbsp; 2.1 Bericht aus dem StuRa <\/p>\n\n\n\n<p>&nbsp;&nbsp;&nbsp; 2.2 Bewerbungen <\/p>\n\n\n\n<p>&nbsp;&nbsp;&nbsp; 2.3 Finanzantr\u00e4ge <\/p>\n\n\n\n<p>&nbsp;&nbsp;&nbsp; 2.4 Sonstige Antr\u00e4ge <\/p>\n\n\n\n<p>3. Peinlichkeit Kandidat*innengrillen<\/p>\n\n\n\n<p>4. BuFaTa<\/p>\n\n\n\n<p>5. Wahlen&nbsp;<\/p>\n\n\n\n<p>6. Fachschaftsarbeit&nbsp;<\/p>\n\n\n\n<p>&nbsp;&nbsp;&nbsp; 6.1 Kaffee&nbsp;<\/p>\n\n\n\n<p>&nbsp;&nbsp;&nbsp; 6.2 Party&nbsp;<\/p>\n\n\n\n<p>&nbsp;&nbsp;&nbsp; 6.3 H\u00fctte&nbsp;<\/p>\n\n\n\n<p>&nbsp;&nbsp;&nbsp; 6.4 Finanzen&nbsp;<\/p>\n\n\n\n<p>&nbsp;&nbsp;&nbsp; 6.5 Berufsperspektiven&nbsp;<\/p>\n\n\n\n<p>&nbsp;&nbsp;&nbsp; 6.6. FACE<\/p>\n\n\n\n<p>&nbsp;&nbsp;&nbsp; 6.7. Gesch\u00e4ftsf\u00fchrungstreffen<\/p>\n\n\n\n<p>&nbsp;&nbsp;&nbsp; 6.8. Werbeplakat<\/p>\n\n\n\n<p>&nbsp;&nbsp;&nbsp; 6.9 Logo<\/p>\n\n\n\n<p>7. Termine und Sonstiges&nbsp;<\/p>\n\n\n\n<p>8. Lob und Tadel&nbsp;<\/p>\n\n\n\n<p>&#8212;&#8212;&#8212;&#8212;&#8212;&#8212;&#8212;&#8212;&#8212;&#8212;&#8212;&#8212;&#8212;&#8211; <\/p>\n\n\n\n<p>Protokoll <\/p>\n\n\n\n<p>Tagesordnung <\/p>\n\n\n\n<p>1. Formalia <\/p>\n\n\n\n<p>Redeleitung (m*): L.B.<\/p>\n\n\n\n<p>Protokoll: J.E.<\/p>\n\n\n\n<p>Beschlussf\u00e4higkeit: ja<\/p>\n\n\n\n<p>Genehmigung des Protokolls: J.A.: NeuePerson, die Protokolle\nrumschickt muss bestimmt werden<\/p>\n\n\n\n<p>Vorschl\u00e4ge zur TO: \u00c4mterbesetzung,\nSchauinslandbahngespr\u00e4che, Referat gegen Antisemitismus Veranstaltung mit 200\nEuro unterst\u00fctzen (Finanzen)<\/p>\n\n\n\n<p>2. StuRa <\/p>\n\n\n\n<p>&nbsp;&nbsp;&nbsp; 2.1 Bericht aus dem StuRa <\/p>\n\n\n\n<p>&nbsp; siehe Bericht<\/p>\n\n\n\n<ul class=\"wp-block-list\"><li>&nbsp;\n     Vernetzungsgruppe: Urspr\u00fcnglich Fachschaften vernetzen aber immer mehr\n     Parallelstruktur, die durch Stura und Astareferate abgedeckt werden\n     k\u00f6nnten, weiter beobachten und vielleicht auch mal hingehen<\/li><\/ul>\n\n\n\n<p>&nbsp;&nbsp;&nbsp; 2.2 Bewerbungen <\/p>\n\n\n\n<p>&nbsp; Madeleine Bayer -Lehramtsreferat-<\/p>\n\n\n\n<p>&nbsp; Diskussion: hat viele connections zu allen m\u00f6glichen\nFachschaftsdingen<\/p>\n\n\n\n<p>&nbsp; Abst: Ja&nbsp;&nbsp;&nbsp;&nbsp;&nbsp;\nNein&nbsp;&nbsp;&nbsp;&nbsp;&nbsp; Enthalten<\/p>\n\n\n\n<p>&nbsp; einstimmig angenommen<\/p>\n\n\n\n<p>&nbsp;&nbsp;&nbsp; 2.3 Finanzantr\u00e4ge <\/p>\n\n\n\n<p>&nbsp; F\u00fcr eine solidarische Stadt -Demob\u00fcndniss- 500.00\u20ac<\/p>\n\n\n\n<p>&nbsp; Diskussion: 18.05. angeblich gr\u00f6\u00dfte Wohnraumdemo, die\nFreiburg je gesehen hat<\/p>\n\n\n\n<p>&nbsp; Abst: Ja&nbsp; viele&nbsp;&nbsp;\nNein&nbsp;&nbsp;&nbsp;&nbsp;&nbsp; Enthalten 2<\/p>\n\n\n\n<p>&nbsp; bei zwei enthaltungen angenommen<\/p>\n\n\n\n<p>&nbsp; \u00d6ffentliches Fastenbrechen -Muslimische\nHochschulgruppe- 300.00\u20ac<\/p>\n\n\n\n<p>&nbsp; Diskussion: interkulturelles Fastenbrechen, gerne\neinen sch\u00f6nen Betrag<\/p>\n\n\n\n<p>&nbsp; alternativer Vorschl\u00e4ge 277\u20ac, 300 Reichsmark<\/p>\n\n\n\n<p>&nbsp; 300\u20ac: einstimmig angenommen<\/p>\n\n\n\n<p>&nbsp; Abst: Ja&nbsp;&nbsp;&nbsp;&nbsp;\nNein&nbsp;&nbsp;&nbsp;&nbsp; Enthalten<\/p>\n\n\n\n<p>&nbsp;&nbsp;&nbsp; 2.4 Sonstige Antr\u00e4ge <\/p>\n\n\n\n<p>&nbsp; Studierendenvorschlagsbudget -SVB Gremium-<\/p>\n\n\n\n<p>&nbsp; Diskussion:<\/p>\n\n\n\n<p>&nbsp; Abst: Ja&nbsp;&nbsp;&nbsp;&nbsp;&nbsp;\nNein&nbsp;&nbsp;&nbsp;&nbsp;&nbsp; Enthalten<\/p>\n\n\n\n<p>&nbsp; Ideelle Unterst\u00fctzung Demo &#8222;Europa f\u00fcr\nAlle&#8220;<\/p>\n\n\n\n<p>&nbsp; Diskussion:<\/p>\n\n\n\n<p>&nbsp; Abst: Ja&nbsp;&nbsp;&nbsp; Nein&nbsp;&nbsp;&nbsp;\nEnthalten<\/p>\n\n\n\n<p>&nbsp; Finanzordnung &#8211; Quartalszuordnung von Finanzantr\u00e4gen<\/p>\n\n\n\n<p>&nbsp; Diskussion Gruppenunterst\u00fctzungstopf oder Referate\nSondertopf werden in Quartale geteilt (3 Monate mit bestimmten zugewiesenen\nGeldbeitr\u00e4gen), bisher keine eindeutige Regelung, in welches Quartal der Antrag\nf\u00e4llt, auch wenn er f\u00fcr in drei Monaten geht. Wo wird er also abgerechnet? &#8211;\nFinanstelle will entweder in dem Quartal abrechnen, wo sie gestellt wurden oder\nf\u00fcr das die gestellt werden.&nbsp; \u00c4nderungsantrag war war, das alles wie sonst\nl\u00e4uft nur die Leute beantragen k\u00f6nnen, dass es doch anders abgerechnet wird\nlalala;&nbsp;<\/p>\n\n\n\n<p>Ha.He.: lieber so lassen wie sonst, sonst stellen leute ewig\nim Voraus Antr\u00e4ge, sodass dann Geld schon weg ist f\u00fcrs n\u00e4chste Quartal vom\nletzten Quartal und altem Stura, so ist es \u00fcbersichtlicher mit den T\u00f6pfen,\nVerantwortung f\u00fcr das Budget k\u00f6nnte weiter abnehmen&nbsp;<\/p>\n\n\n\n<p>Ma.Ma.: stimmt zu, manchmal m\u00fcssen Finanzantr\u00e4ge sehr\nkurzfristig gestellt werden&nbsp;<\/p>\n\n\n\n<p>&nbsp; Abst:&nbsp;<\/p>\n\n\n\n<p>&nbsp; Option1&nbsp;&nbsp;&nbsp;&nbsp;&nbsp;&nbsp;&nbsp; alles\nbeim alten: einstimmig angenommen<\/p>\n\n\n\n<p>&nbsp; Option 2&nbsp;&nbsp;&nbsp;&nbsp;&nbsp; 5 nein 4\nenthaltungen<\/p>\n\n\n\n<p>&nbsp; \u00c4A-Option 3 einstimmig dagegen<\/p>\n\n\n\n<p>&nbsp; Nein<\/p>\n\n\n\n<p>&nbsp; GO-Antrag auf Verschiebung &nbsp;nach hinten wegen 30 min stura-zeug vorbei\n(wow, sowas tolles haben wir, coolio)&nbsp;<\/p>\n\n\n\n<p>&nbsp; Finanzordnung &#8211; Nachtr\u00e4gliche Finanzantr\u00e4ge<\/p>\n\n\n\n<p>&nbsp; Diskussion:<\/p>\n\n\n\n<p>&nbsp; Abst:&nbsp;<\/p>\n\n\n\n<p>&nbsp; Option\n1&nbsp;&nbsp;&nbsp;&nbsp;&nbsp;&nbsp;&nbsp;&nbsp;<\/p>\n\n\n\n<p>&nbsp; Option 2<\/p>\n\n\n\n<p>&nbsp; Nein<\/p>\n\n\n\n<p>&nbsp; Finanzordnung &#8211; Mindestzuweisung Fachbereiche<\/p>\n\n\n\n<p>&nbsp; Diskussion:&nbsp;<\/p>\n\n\n\n<p>&nbsp; Abst:&nbsp;<\/p>\n\n\n\n<p>&nbsp; Option 1&nbsp;&nbsp;&nbsp;&nbsp;&nbsp;&nbsp;<\/p>\n\n\n\n<p>&nbsp; Option 2&nbsp;&nbsp;&nbsp;&nbsp;&nbsp;&nbsp;<\/p>\n\n\n\n<p>&nbsp; Option 3&nbsp;&nbsp;&nbsp;&nbsp;<\/p>\n\n\n\n<p>&nbsp;&nbsp; \u00c4A-Option 4<\/p>\n\n\n\n<p>&nbsp;&nbsp; Nein<\/p>\n\n\n\n<p>&nbsp; Positionspapier Lehramtsreform<\/p>\n\n\n\n<p>&nbsp; Diskussion:<\/p>\n\n\n\n<p>&nbsp; Abst:&nbsp;<\/p>\n\n\n\n<p>&nbsp; Ja&nbsp;&nbsp;&nbsp;&nbsp;&nbsp;&nbsp;<\/p>\n\n\n\n<p>&nbsp; \u00c4A-FB Politik: per Akklamation (neues Wort gelernt)\nwurde letzte Woche schon angenommen<\/p>\n\n\n\n<p>&nbsp; \u00c4A-FB Geschichte1: praktischere Gestaltung:\neinstimmig angenommen<\/p>\n\n\n\n<p>&nbsp; \u00c4A-FB Geschichte2: : kein weiteres Praktikum im\nMaster, falls das Praxissemester in Bachelor gezogen wird; bei zwei Enthaltungen\nangenommen<\/p>\n\n\n\n<p>&nbsp; \u00c4A-Praxissemester: Regelstudienzeit anpassen auf 7\/3,\nhei\u00dft, dass man Praktikum sonst in Semesterferien machen m\u00fcsste, bei einer\nEnthaltung angenommen<\/p>\n\n\n\n<p>&nbsp; Nein<\/p>\n\n\n\n<p>3. Peinlichkeit Kandidat*innengrillen<\/p>\n\n\n\n<ul class=\"wp-block-list\"><li>Nachricht\n     wurde \u00fcber die WhatsApp-Gruppe verschickt<\/li><li>sau\n     uncool von den von unserer Seite Verantwortlichen!<\/li><li>auf\n     fb teilen und ein-zwei Leute organisieren, die Fragen am Mittwoch stellen\n     und morgen um 18.30 zur Probe ins E-Werk kommen sollen<\/li><li>L.B.\n     und J.E. gehen morgen hin und retten Ehre, J. ?. kann auch mitkommen, wird\n     kontaktiert<\/li><li>Tadel\n     an uns f\u00fcr Vers\u00e4umnisse: Letztes Jahr OB-Grillen, dieses Jahr\n     Kommunalwahlgrillen, wurden angefragt, wollten mitmachen, zwei wollten es machen\n     und waren auch beim ersten Treffen, sind dann aber nicht mehr hingegangen\n     und haben sich rausgezogen; Kurz, wir habens verkackt.<\/li><li>L.B.:\n     wir sollten uns \u00fcberlegen, wie in Zukunft sowas nicht mehr passiert, dass\n     sowas in der Versenkung verl\u00e4uft, in die TO aufnehmen, &#8222;laufende\n     Projekte&#8220;, (klingt sinnvoll)<\/li><li>will\n     das dauerhaft in die TO aufnehmen, keine Gegenrede- unter\n     Fachschaftsarbeit in Zukunft vor Finanzen nach H\u00fctte TO 6.4 hinzugef\u00fcgt,\n     Ma.Ma. bearbeitet Vorlage, ewige TO nicht mehr anpassen sondern sowas\n     unter laufende Projekte<\/li><li>Ma.Ma:\n     bevor man was halbherzig macht, soll man es lieber lassen; dinge k\u00f6nnen\n     auch ohne uns stattfinden<\/li><\/ul>\n\n\n\n<p>4. BuFaTa<\/p>\n\n\n\n<ul class=\"wp-block-list\"><li>Antragsfassung\n     Satzung, satzungsgebende GO, GO gingen \u00fcber den Verteiler<\/li><li>\u00c4nderungsantr\u00e4ge?<\/li><li>J.A.\n     wenn nicht heute dann auf jeden Fall n\u00e4chste Woche, \u00c4nderungsantrag zum\n     singen der internationalen am Sitzungsende: 4 daf\u00fcr, 3 dagegen, 1\n     enthaltung &#8211; angenommen<\/li><li>Satzung:\n     7 Paragraphen, regelt Kram<\/li><li>Antrag\n     auf umbenennenung in Konferenz der Politikfachschaften Deutschlands (KPD)<\/li><li>auch\n     bei 6 angenommen&nbsp;<\/li><li>Plenum\n     kann aussch\u00fcsse bilden, und bestimmt austragungsort, w\u00e4hlt Vorstand, der\n     die Bufata\/KPD repr\u00e4sentiert aus mind. 3 Personen aus 2 Hochschulen;\n     Vorstand trifft sich einmal im Quartal und unterrichtet \u00fcber Protokoll die\n     Mitglieder \u00fcber was abgeht.<\/li><li>einmal\n     im Jahr (hast du Geburtstag)<\/li><li>Sachen\n     zur Beschlussfassung, Vorstand muss Mitgliederliste machen, nach der\n     Beschlussf\u00e4higkeit feststellt (diese ist bei 20% erreicht, Anzahl von\n     10+), wahl der Vorstands mit absoluter Mehrheit, sonst einfache Mehrheit,\n     im dritten Wahlgang reicht einfache Mehrheit auch beim Vorstand&nbsp;<\/li><li>Antrag:Plenum\n     gerne in Zentralkommitee der KPD umbenennen, Abstimmung: 6 daf\u00fcr, 3\n     dagegen, 1 enthaltung&nbsp;<\/li><li>bei\n     zwei enthaltungen angenommen (die Satzung, ohha ich sollte \u00f6fter Protokoll\n     schreiben)<\/li><li>Gesch\u00e4ftsordnung:\n     jede Delegation hat eine Stimme (Stimmkartenzeug damit gew\u00e4hrt wird, dass\n     jede Delegation nur einmal abstimmt)&nbsp;<\/li><li>Ha.He.:\n     gerne regional einkaufen insbesondere was Bier angeht (nach m\u00f6glichkeit)\n     einstimmig angenommen<\/li><li>J.A.\n     gerne einbauen in Sitzungen und Sitzungseinlauf (?)<\/li><li>Vorstand:\n     darf beschl\u00fcsse fassen zu angelegenheiten, die ihnen das PLenum \u00fcbertr\u00e4gt,\n     Plenumsbeschl\u00fcsse sind f\u00fcr Vorstand bindend, tagt \u00f6ffentlich, bei\n     digitalen Sitzungen sollen alle teilnehmen k\u00f6nnen,&nbsp;<\/li><li>Ha.He.\n     Quotierung ist wie in der Stura Satzung? &#8211; jup.<\/li><li>Nehmen\n     wir die gesch\u00e4ftsordnung an? &#8211; einstimmig angenommen<\/li><li>freies\n     Mandat f\u00fcr \u00c4nderungen an der Gesch\u00e4ftsordnung der satzungsgebenden\n     Versammlung? &#8211; \u00fcber whatsapp auf dem laufenden halten&nbsp; &#8211; einstimmig\n     angenommen<\/li><\/ul>\n\n\n\n<p>5. Wahlen&nbsp;<\/p>\n\n\n\n<ul class=\"wp-block-list\"><li>meldet\n     euch bei Mo.M\u00fc.&nbsp;<\/li><li>Ma.Ma::\n     bis Ende des Monats Zeit, dann m\u00fcssen die Listen eingereicht werden<\/li><li>Ha.He.:\n     Fachschaft geht vor Buf<\/li><li>J.A.:\n     Person f\u00fcr Fakult\u00e4tsrat muss bestimmt werden<\/li><li>Ha.He.:&nbsp;\n     Namen sollten weitergeleitet werden f\u00fcr beratendes Mitglied im Fakrat der\n     momentanen Periode zu laufen, an Tobi Becker &#8211; wer schreibt dem? J.A.\n     machts<\/li><\/ul>\n\n\n\n<p>6. Fachschaftsarbeit&nbsp;<\/p>\n\n\n\n<p>&nbsp;&nbsp;&nbsp; 6.1 Kaffee&nbsp;<\/p>\n\n\n\n<p>&nbsp;&nbsp;&nbsp; morgen Kaffee:<\/p>\n\n\n\n<p>&nbsp;&nbsp;&nbsp; 1. Schicht: J.S. (kauft ein) und Mo.M\u00fc.<\/p>\n\n\n\n<p>&nbsp;&nbsp;&nbsp; 2. Schicht: J.E. und Ma.Ma.<\/p>\n\n\n\n<p>&nbsp;&nbsp;&nbsp; 6.2 Party&nbsp;<\/p>\n\n\n\n<p>&nbsp;l\u00e4uft<\/p>\n\n\n\n<p>&nbsp;&nbsp;&nbsp; 6.3 H\u00fctte&nbsp;<\/p>\n\n\n\n<ul class=\"wp-block-list\"><li>Anmeldung\n     bis 16.05. damit Getr\u00e4nke bestellt werden k\u00f6nnen<\/li><li>morgen\n     E-Mail zum Eintragen&nbsp;<\/li><li>Essen\n     generell vegetarisch, Extraw\u00fcnsche \u00e4u\u00dfern<\/li><\/ul>\n\n\n\n<p>&nbsp;&nbsp;&nbsp; 6.4 Finanzen&nbsp;<\/p>\n\n\n\n<ul class=\"wp-block-list\"><li>Es\n     wurde angeregt, die Fahrtkosten zur BuFaTa aus dem Fachbereichssondertopf\n     zu beantragen (ungef\u00e4hr 230 Euro im Stura), ist schon geschrieben und muss\n     noch eingereicht werden; Solidarit\u00e4tsantrag aus M\u00fcnchen?&nbsp;<\/li><li>neues\n     Konto L.S. und J.E. Ansprechpartner<\/li><li>bei\n     einer Enthaltung angenommen<\/li><\/ul>\n\n\n\n<ul class=\"wp-block-list\"><li>Menschen\n     vom Referat gegen Antisemitismus wollen eine Veranstaltung mit 200 Euro\n     unterst\u00fctzt bekommen; Veranstaltung behandelt verstorbenen Publizisten,\n     der sich mit Antisemitismus besch\u00e4ftigt hat<\/li><li>Mo.M\u00fc:\n     Veranstaltung wird bestimmt gut und kritisch<\/li><li>Ist\n     viel Geld, woher nehmen wir das? Fachschaftsarbeit geht mit unserem Budget\n     vor, Andere M\u00f6glichkeiten der Abrechnung w\u00fcrden bestehen, w\u00e4re\n     angemessener;&nbsp;<\/li><li>Go-Antrag\n     auf Vertagung unter Voraussetzung dass n\u00e4chste Woche Finanzantrag vorliegt<\/li><\/ul>\n\n\n\n<p>&nbsp;&nbsp;&nbsp; 6.5 Berufsperspektiven&nbsp;<\/p>\n\n\n\n<p>&nbsp;&nbsp;&nbsp; findet statt am 10.07. 4 Leute haben\nzugesagt, danach gem\u00fctliches Zusammensein<\/p>\n\n\n\n<p>&nbsp;&nbsp;&nbsp;&nbsp;&nbsp;&nbsp;&nbsp; 1. BZ-Redakteur<\/p>\n\n\n\n<p>&nbsp;&nbsp;&nbsp;&nbsp;&nbsp;&nbsp;&nbsp; 2. Pressearbeit\nbei Gefl\u00fcchtetenorganisation<\/p>\n\n\n\n<p>&nbsp;&nbsp;&nbsp;&nbsp;&nbsp;&nbsp;&nbsp; 3. Schwarzwald AG\nB\u00fcroleiter<\/p>\n\n\n\n<p>&nbsp;&nbsp;&nbsp;&nbsp;&nbsp;&nbsp;&nbsp; 4. Ministerium\nf\u00fcr Wissenschaft (noch nicht sicher)<\/p>\n\n\n\n<p>&nbsp;&nbsp;&nbsp;&nbsp;&nbsp;&nbsp;&nbsp; wird es\nSp\u00e4tburgunder geben? vielleicht!<\/p>\n\n\n\n<p>&nbsp;&nbsp;&nbsp;&nbsp;&nbsp;&nbsp;&nbsp; l\u00e4uft! Plakat hat\nnoch Zeit<\/p>\n\n\n\n<p>&nbsp;&nbsp;&nbsp; 6.6. FACE<\/p>\n\n\n\n<p>&nbsp;&nbsp;&nbsp; vertagt<\/p>\n\n\n\n<p>&nbsp;&nbsp;&nbsp; 6.7. Gesch\u00e4ftsf\u00fchrungstreffen<\/p>\n\n\n\n<p>&nbsp;&nbsp;&nbsp; vertagt<\/p>\n\n\n\n<p>&nbsp;&nbsp;&nbsp; 6.8. Werbeplakat<\/p>\n\n\n\n<p>&nbsp;J.A.: Werbeplakat f\u00fcr Stellwand: Vorstellung der Plakatvarianten<\/p>\n\n\n\n<p>&nbsp;Plakat A:&nbsp; wird mit einer Enthaltung angenommen<\/p>\n\n\n\n<p>&nbsp;&nbsp;&nbsp; 6.9 Logo<\/p>\n\n\n\n<ul class=\"wp-block-list\"><li>haben\n     das Logo mit der Rose eh schon benutzt (Partyplakate, Werbeplakate)<\/li><li>k\u00f6nnen\n     es jetzt auch so weiter benutzen: TShirts, Social Media, etc.<\/li><li>P.S.\n     soll T-Shirts machen &#8211; broooooo, mach das mal!&nbsp;<\/li><li>Go-Antrag\n     auf sofortige Abstimmung &#8211; 2 zu 6&nbsp;<\/li><li>n\u00e4chste\n     Woche<\/li><li>Werbeanfrage\n     von Seminarteilnehmer*innen beim Wehner (?) &#8211; Wahlkampfwahlwerbeaktion in\n     den Schauinslandbahnen&nbsp; (eine Politiker*in in den Bahnen, 6\n     W\u00e4hler*innen k\u00f6nnen da fragen) Freikarte, wenn man da mitmacht, also zum\n     Gondelfahren, am 20. Mai l\u00e4uft die Aktion<\/li><li>Ma.Ma::\n     coole Sache! war da im Seminar mit J.S. letztes Seminar, kreativer Weg um\n     leute an ungew\u00f6hnlichen Orten f\u00fcrPolitik zu begeistern, LPB ist\n     coolio&nbsp;<\/li><li>Ha.He.:\n     Andi Schumacher w\u00e4re ne coole Gondel;&nbsp;<\/li><li>werben\n     wir daf\u00fcr? Abstimmung: bei zwei enthaltungen angeommen<\/li><\/ul>\n\n\n\n<p>7. Termine und Sonstiges&nbsp;<\/p>\n\n\n\n<p>&nbsp; jetzt zu Mo<\/p>\n\n\n\n<p>&nbsp; Fachschaftsausflug???<\/p>\n","protected":false},"excerpt":{"rendered":"<p>Fachschaftssitzung vom 06.05.2019&nbsp;&nbsp; Tagesordnung: 1. Formalia 2. StuRa &nbsp;&nbsp;&nbsp; 2.1 Bericht aus dem StuRa &nbsp;&nbsp;&nbsp; 2.2 Bewerbungen &nbsp;&nbsp;&nbsp; 2.3 Finanzantr\u00e4ge &nbsp;&nbsp;&nbsp; 2.4 Sonstige Antr\u00e4ge 3. Peinlichkeit Kandidat*innengrillen 4. BuFaTa 5. Wahlen&nbsp; 6. Fachschaftsarbeit&nbsp; &nbsp;&nbsp;&nbsp; 6.1 Kaffee&nbsp; &nbsp;&nbsp;&nbsp; 6.2 Party&nbsp; &nbsp;&nbsp;&nbsp; 6.3 H\u00fctte&nbsp; &nbsp;&nbsp;&nbsp; 6.4 Finanzen&nbsp; &nbsp;&nbsp;&nbsp; 6.5 Berufsperspektiven&nbsp; &nbsp;&nbsp;&nbsp; 6.6. FACE &nbsp;&nbsp;&nbsp; 6.7. Gesch\u00e4ftsf\u00fchrungstreffen &nbsp;&nbsp;&nbsp; [&hellip;]<\/p>\n","protected":false},"author":14,"featured_media":0,"comment_status":"closed","ping_status":"closed","sticky":false,"template":"","format":"standard","meta":{"iawp_total_views":0,"footnotes":""},"categories":[18],"tags":[],"class_list":["post-2914","post","type-post","status-publish","format-standard","hentry","category-protokolle"],"_links":{"self":[{"href":"https:\/\/www.fspolitik.de\/index.php?rest_route=\/wp\/v2\/posts\/2914","targetHints":{"allow":["GET"]}}],"collection":[{"href":"https:\/\/www.fspolitik.de\/index.php?rest_route=\/wp\/v2\/posts"}],"about":[{"href":"https:\/\/www.fspolitik.de\/index.php?rest_route=\/wp\/v2\/types\/post"}],"author":[{"embeddable":true,"href":"https:\/\/www.fspolitik.de\/index.php?rest_route=\/wp\/v2\/users\/14"}],"replies":[{"embeddable":true,"href":"https:\/\/www.fspolitik.de\/index.php?rest_route=%2Fwp%2Fv2%2Fcomments&post=2914"}],"version-history":[{"count":1,"href":"https:\/\/www.fspolitik.de\/index.php?rest_route=\/wp\/v2\/posts\/2914\/revisions"}],"predecessor-version":[{"id":2915,"href":"https:\/\/www.fspolitik.de\/index.php?rest_route=\/wp\/v2\/posts\/2914\/revisions\/2915"}],"wp:attachment":[{"href":"https:\/\/www.fspolitik.de\/index.php?rest_route=%2Fwp%2Fv2%2Fmedia&parent=2914"}],"wp:term":[{"taxonomy":"category","embeddable":true,"href":"https:\/\/www.fspolitik.de\/index.php?rest_route=%2Fwp%2Fv2%2Fcategories&post=2914"},{"taxonomy":"post_tag","embeddable":true,"href":"https:\/\/www.fspolitik.de\/index.php?rest_route=%2Fwp%2Fv2%2Ftags&post=2914"}],"curies":[{"name":"wp","href":"https:\/\/api.w.org\/{rel}","templated":true}]}}