{"id":2916,"date":"2019-06-10T21:16:20","date_gmt":"2019-06-10T19:16:20","guid":{"rendered":"http:\/\/www.fspolitik.de\/?p=2916"},"modified":"2019-06-10T21:16:23","modified_gmt":"2019-06-10T19:16:23","slug":"protokoll-der-fachbereichssitzung-vom-13-05-2019","status":"publish","type":"post","link":"https:\/\/www.fspolitik.de\/?p=2916","title":{"rendered":"Protokoll der Fachbereichssitzung vom 13.05.2019"},"content":{"rendered":"\n<p>Fachschaftssitzung vom 13.05.2019<\/p>\n\n\n\n<p>Tagesordnung: <\/p>\n\n\n\n<p>1. Formalia <\/p>\n\n\n\n<p>2. StuRa <\/p>\n\n\n\n<p>&nbsp;&nbsp;&nbsp; 2.1 Bericht aus dem StuRa <\/p>\n\n\n\n<p>&nbsp;&nbsp;&nbsp; 2.2 Bewerbungen <\/p>\n\n\n\n<p>&nbsp;&nbsp;&nbsp; 2.3 Finanzantr\u00e4ge <\/p>\n\n\n\n<p>&nbsp;&nbsp;&nbsp; 2.4 Sonstige Antr\u00e4ge <\/p>\n\n\n\n<p>3. Weitere TOPe <\/p>\n\n\n\n<p>4. Wahlen <\/p>\n\n\n\n<p>5. Fachschaftsarbeit <\/p>\n\n\n\n<p>&nbsp;&nbsp;&nbsp; 5.1 Kaffee <\/p>\n\n\n\n<p>&nbsp;&nbsp;&nbsp; 5.2 Party <\/p>\n\n\n\n<p>&nbsp;&nbsp;&nbsp; 5.3 H\u00fctte <\/p>\n\n\n\n<p>&nbsp;&nbsp;&nbsp; 5.4 Laufende Projekte <\/p>\n\n\n\n<p>&nbsp;&nbsp;&nbsp; 5.5 Finanzen<\/p>\n\n\n\n<p>&nbsp;&nbsp;&nbsp; 5.6 Shirts<\/p>\n\n\n\n<p>&nbsp;&nbsp;&nbsp; 5.7 Logo<\/p>\n\n\n\n<p>6. Termine und Sonstiges <\/p>\n\n\n\n<p>7. Lob und Tadel <\/p>\n\n\n\n<p>&#8212;&#8212;&#8212;&#8212;&#8212;&#8212;&#8212;&#8212;&#8212;&#8212;&#8212;&#8212;&#8212;&#8211; <\/p>\n\n\n\n<p>Protokoll <\/p>\n\n\n\n<p>Tagesordnung<\/p>\n\n\n\n<p>1. Formalia <\/p>\n\n\n\n<p>Redeleitung (w*): M.M.<\/p>\n\n\n\n<p>Protokoll: P.S.<\/p>\n\n\n\n<p>Beschlussf\u00e4higkeit:si<\/p>\n\n\n\n<p>Genehmigung des Protokolls:si<\/p>\n\n\n\n<p>Vorschl\u00e4ge zur TO: Logos<\/p>\n\n\n\n<p>2. StuRa <\/p>\n\n\n\n<p>&nbsp;&nbsp;&nbsp; 2.1 Bericht aus dem StuRa <\/p>\n\n\n\n<ul class=\"wp-block-list\"><li>&nbsp;Siehe\n     StuRa-Bericht.<\/li><\/ul>\n\n\n\n<p>&nbsp;&nbsp;&nbsp; 2.2 Bewerbungen <\/p>\n\n\n\n<p>&nbsp; Moritz M\u00fcller -Wahlausschuss-<\/p>\n\n\n\n<p>&nbsp; Diskussion super Typ<\/p>\n\n\n\n<p>&nbsp; Abst: Ja&nbsp;&nbsp;&nbsp; viele&nbsp;\nNein&nbsp;&nbsp; 0&nbsp;&nbsp;&nbsp;&nbsp;&nbsp; Enth.1<\/p>\n\n\n\n<p>&nbsp; <strong>Johannes\nRuhnke<\/strong> <\/p>\n\n\n\n<p>-Struktur- und Entwicklungskommission-<\/p>\n\n\n\n<p>&nbsp; Diskussion: studiert Chemie und sitzt f\u00fcr die im\nStura, ist bei der DGB Hochschulgruppe, stellt gerne kontroverse Antr\u00e4ge im\nStura, macht sehr viel. Bringt sich sehr gerne ein. <\/p>\n\n\n\n<p>Skepsis wird ge\u00e4u\u00dfert. Ist nur die Stellvertretung, w\u00fcrde eh\nnicht vereidigt werden dieses Semester. Er ist stets bem\u00fcht.<\/p>\n\n\n\n<p>&nbsp; Abst: Ja&nbsp;&nbsp;&nbsp; viele&nbsp;\nNein&nbsp;&nbsp;&nbsp;&nbsp; 1&nbsp;&nbsp; Enth.0<\/p>\n\n\n\n<p>&nbsp;&nbsp;&nbsp; 2.3 Finanzantr\u00e4ge <\/p>\n\n\n\n<p>Rechtsstreit UB-Leseger\u00e4t &#8211; 602,26\u20ac<\/p>\n\n\n\n<p>Diskussion: Sehbehinderter Student hat sein Leseger\u00e4t\n(andere durften das auch nutzen) in der UB stehen lassen (nachdem er gefragt\nhatte und dies durfte), UB hat dieses Ger\u00e4t eingezogen. Er hat geklagt. Man\neinigt sich au\u00dfergerichtlich. Das Ger\u00e4t darf jetzt dort stehen. Der Student\nwill nun Unterst\u00fctzung um seine Anwaltskosten zu tragen.&nbsp;<\/p>\n\n\n\n<p>Abst: Ja 10. Nein 0&nbsp; Enthaltung 1<\/p>\n\n\n\n<p>&nbsp;&nbsp;&nbsp; 2.4 Sonstige Antr\u00e4ge <\/p>\n\n\n\n<p>&nbsp; Online-Abstimmungstool -Pr\u00e4sidium-<\/p>\n\n\n\n<p>&nbsp; Diskussion Antrag vom StuRa-Pr\u00e4sidium. Pr\u00e4sidium soll\nmandatiert werden, ein Onlineabstimmungs-tool einzuf\u00fchren. M\u00f6chte man allgemein\nonline abstimmen (auf lange Sicht). Nicht unbedingt weniger Arbeit, daf\u00fcr aber\nweniger Papier. Abstimmungen f\u00e4lschen? &#8211; Aber es ist jetzt im Moment auch nicht\nso schwer eine Stimme zu f\u00e4lschen. Es wird erkl\u00e4rt wie es jetzt l\u00e4uft.&nbsp;<\/p>\n\n\n\n<p>&nbsp; Abst: Ja&nbsp;&nbsp; 4&nbsp;&nbsp;&nbsp;&nbsp;&nbsp;\nNein&nbsp;&nbsp; 1&nbsp;&nbsp;&nbsp;&nbsp; Enth. 5<\/p>\n\n\n\n<p>3. Weitere TOPe <\/p>\n\n\n\n<p>4. Wahlen 25.06.2019 (Di 9:00 &#8211; 18:00 Uhr)<\/p>\n\n\n\n<ul class=\"wp-block-list\"><li>FakRat<\/li><li>zu\n     kurzfristige Einladung<\/li><li>Machtverlust\n     (von 25% zu 12,5%)<\/li><li>Treffen\n     21.05 10:30 (wird vielleicht noch verschoben, J.H. schreibt Mail)<\/li><li>StuRa<\/li><li>Eine\n     Liste wird nach der Sitzung rumgereicht.<\/li><li>12\n     Pl\u00e4tze auf der Liste<\/li><li>Brauchen\n     Menschen, die wirklich hingehen!<\/li><li>fr\u00fcher\n     6-8 Menschen, auch Damen<\/li><li>BVS<\/li><li>Mitte\n     Juli Senatswahlen<\/li><li>5\n     Student*innen im Senat<\/li><li>BVS\n     halten sich an StuRa und VV Beschl\u00fcsse&nbsp;<\/li><li>2\n     Listen, Menschen aus allen Fachbereichen<\/li><li>Ein\n     &#8211; 3 Mensch aus FS POL (Sehr guter Spitzenkandidat)<\/li><li>Wahlkampfunterst\u00fctzung\n     durch die FS Pol w\u00e4re super<\/li><li>Listen\n     sollten voll sein (30 Menschen a 2 listen)<\/li><li>wenn\n     man helfen m\u00f6chte, an Lenni wenden<\/li><li>oder:\n     bvs@stura.org<\/li><\/ul>\n\n\n\n<p>5. Fachschaftsarbeit <\/p>\n\n\n\n<p>&nbsp;&nbsp;&nbsp; 5.1 Kaffee <\/p>\n\n\n\n<p>&nbsp;Einkauf: Haferdrink, laktosefreie Milch, Kekse<\/p>\n\n\n\n<p>&nbsp;Haben noch 6 Packungen Kaffee<\/p>\n\n\n\n<p>&nbsp;Einkauf: Julius<\/p>\n\n\n\n<p>&nbsp;1. Schicht: Julius, Jonathan<\/p>\n\n\n\n<p>&nbsp;2. Schciht: Marah und Lenni S.&nbsp;<\/p>\n\n\n\n<p>&nbsp;&nbsp;&nbsp; 5.2 Party <\/p>\n\n\n\n<p>&nbsp;&nbsp;&nbsp; 5.3 H\u00fctte<\/p>\n\n\n\n<ul class=\"wp-block-list\"><li><a href=\"https:\/\/dudle.inf.tu-dresden.de\/anonymous\/jbuqaj9q\/\">https:\/\/dudle.inf.tu-dresden.de\/anonymous\/jbuqaj9q\/<\/a><\/li><li>tragt\n     euch bitte noch ein!<\/li><\/ul>\n\n\n\n<p>&nbsp;&nbsp;&nbsp; 5.4 Laufende Projekte <\/p>\n\n\n\n<p>Berufsperspektive \u00e0\nL\u00e4uft<\/p>\n\n\n\n<p>Kandidat*Innengrille \u00e0\ndie Veranstaltung war gut.&nbsp;<\/p>\n\n\n\n<p>Kabinengespr\u00e4che<\/p>\n\n\n\n<ul class=\"wp-block-list\"><li>Hatten&nbsp;\n     wir nicht zugesagt daf\u00fcr auf FB zu werben? M. macht es<\/li><\/ul>\n\n\n\n<p>Uniwahlen<\/p>\n\n\n\n<ul class=\"wp-block-list\"><li>Liste\n     f\u00fcllen<\/li><\/ul>\n\n\n\n<p>&nbsp;Uni Haushalt bei -6 Mio \u20ac, Die Uni m\u00f6chte bei den\nFakult\u00e4ten je 10 % sparen.<\/p>\n\n\n\n<p>&nbsp;Man kann sich aber noch die Exzellenz-Kommision\nleisten.&nbsp;<\/p>\n\n\n\n<p>&nbsp;Morgen per FS in den StuRa einbringen.&nbsp;<\/p>\n\n\n\n<p>&nbsp;&nbsp;&nbsp; 5.5 Finanzen<\/p>\n\n\n\n<ul class=\"wp-block-list\"><li>&nbsp;&nbsp;\n     wir haben ein neues Konto, so richtig mit Karte und so! yay!<\/li><\/ul>\n\n\n\n<p>Unterst\u00fctzung Referat Antisemitismus:<\/p>\n\n\n\n<ul class=\"wp-block-list\"><li>Geld\n     f\u00fcr Vortrag (Geld auf PoWi und Soziologie aufteilen: 400\u20ac Honorar) f\u00fcr FS\n     Pol 200\u20ac<\/li><li>Thema\n     des Votrags: politische sozialisation von Wolfgang Pohrt<\/li><li>210,\n     40\u20ac NEiN<\/li><li>131,20\n     \u20ac Viel angenommen.<\/li><\/ul>\n\n\n\n<p>&nbsp;5.6 Logo<\/p>\n\n\n\n<ul class=\"wp-block-list\"><li>von\n     letzter Woche:<\/li><li>haben\n     das Logo mit der Rose eh schon benutzt (Partyplakate, Werbeplakate)<\/li><li>k\u00f6nnen\n     es jetzt auch so weiter benutzen: TShirts, Social Media, etc.<\/li><li>vertagt<\/li><\/ul>\n\n\n\n<p>&nbsp;&nbsp; 5.7 Shirts<\/p>\n\n\n\n<ul class=\"wp-block-list\"><li>Vorstellung\n     der Shirts.<\/li><li>Es\n     wird eine Liste geben, in die man sich verbindlich eintragen kann und dann\n     wird alles auf der Liste bestellt.&nbsp;<\/li><li>Idee:\n     5-10 Shirts auf Vorrat bestellen<\/li><li>Frage:\n     Zahlt jeder selbst und die FS sponsert ein bisschen? \u00e0\n     vertagt<\/li><\/ul>\n\n\n\n<p>6. Termine und Sonstiges <\/p>\n\n\n\n<p>7. Lob und Tadel <\/p>\n\n\n\n<p>&nbsp;J.E. hat Amt inne!<\/p>\n","protected":false},"excerpt":{"rendered":"<p>Fachschaftssitzung vom 13.05.2019 Tagesordnung: 1. Formalia 2. StuRa &nbsp;&nbsp;&nbsp; 2.1 Bericht aus dem StuRa &nbsp;&nbsp;&nbsp; 2.2 Bewerbungen &nbsp;&nbsp;&nbsp; 2.3 Finanzantr\u00e4ge &nbsp;&nbsp;&nbsp; 2.4 Sonstige Antr\u00e4ge 3. Weitere TOPe 4. Wahlen 5. Fachschaftsarbeit &nbsp;&nbsp;&nbsp; 5.1 Kaffee &nbsp;&nbsp;&nbsp; 5.2 Party &nbsp;&nbsp;&nbsp; 5.3 H\u00fctte &nbsp;&nbsp;&nbsp; 5.4 Laufende Projekte &nbsp;&nbsp;&nbsp; 5.5 Finanzen &nbsp;&nbsp;&nbsp; 5.6 Shirts &nbsp;&nbsp;&nbsp; 5.7 Logo 6. Termine [&hellip;]<\/p>\n","protected":false},"author":14,"featured_media":0,"comment_status":"closed","ping_status":"closed","sticky":false,"template":"","format":"standard","meta":{"iawp_total_views":0,"footnotes":""},"categories":[18],"tags":[],"class_list":["post-2916","post","type-post","status-publish","format-standard","hentry","category-protokolle"],"_links":{"self":[{"href":"https:\/\/www.fspolitik.de\/index.php?rest_route=\/wp\/v2\/posts\/2916","targetHints":{"allow":["GET"]}}],"collection":[{"href":"https:\/\/www.fspolitik.de\/index.php?rest_route=\/wp\/v2\/posts"}],"about":[{"href":"https:\/\/www.fspolitik.de\/index.php?rest_route=\/wp\/v2\/types\/post"}],"author":[{"embeddable":true,"href":"https:\/\/www.fspolitik.de\/index.php?rest_route=\/wp\/v2\/users\/14"}],"replies":[{"embeddable":true,"href":"https:\/\/www.fspolitik.de\/index.php?rest_route=%2Fwp%2Fv2%2Fcomments&post=2916"}],"version-history":[{"count":1,"href":"https:\/\/www.fspolitik.de\/index.php?rest_route=\/wp\/v2\/posts\/2916\/revisions"}],"predecessor-version":[{"id":2917,"href":"https:\/\/www.fspolitik.de\/index.php?rest_route=\/wp\/v2\/posts\/2916\/revisions\/2917"}],"wp:attachment":[{"href":"https:\/\/www.fspolitik.de\/index.php?rest_route=%2Fwp%2Fv2%2Fmedia&parent=2916"}],"wp:term":[{"taxonomy":"category","embeddable":true,"href":"https:\/\/www.fspolitik.de\/index.php?rest_route=%2Fwp%2Fv2%2Fcategories&post=2916"},{"taxonomy":"post_tag","embeddable":true,"href":"https:\/\/www.fspolitik.de\/index.php?rest_route=%2Fwp%2Fv2%2Ftags&post=2916"}],"curies":[{"name":"wp","href":"https:\/\/api.w.org\/{rel}","templated":true}]}}