{"id":2918,"date":"2019-06-10T21:22:17","date_gmt":"2019-06-10T19:22:17","guid":{"rendered":"http:\/\/www.fspolitik.de\/?p=2918"},"modified":"2019-12-24T16:57:13","modified_gmt":"2019-12-24T14:57:13","slug":"protokoll-der-fachbereichssitzung-vom-20-05-2019","status":"publish","type":"post","link":"https:\/\/www.fspolitik.de\/?p=2918","title":{"rendered":"Protokoll der Fachbereichssitzung vom 20.05.2019"},"content":{"rendered":"\n<p>Fachbereichssitzung vom 20.05.2019<\/p>\n\n\n\n<p>Tagesordnung: <\/p>\n\n\n\n<p>1. Formalia<\/p>\n\n\n\n<p>2. Wahlen FakRat<\/p>\n\n\n\n<p>3. StuRa&nbsp;<\/p>\n\n\n\n<p>&nbsp;&nbsp;&nbsp; 3.1 Bericht aus dem StuRa&nbsp;<\/p>\n\n\n\n<p>&nbsp;&nbsp;&nbsp; 3.2 Bewerbungen&nbsp;<\/p>\n\n\n\n<p>&nbsp;&nbsp;&nbsp; 3.3 Finanzantr\u00e4ge&nbsp;<\/p>\n\n\n\n<p>&nbsp;&nbsp;&nbsp; 3.4 Sonstige Antr\u00e4ge&nbsp;<\/p>\n\n\n\n<p>4. BuFaTa<\/p>\n\n\n\n<p>4.1. Bericht BuFaTa<\/p>\n\n\n\n<p>4.2. Antrag &#8211; Gr\u00fcndung einer alternativen-BuFaTa<\/p>\n\n\n\n<p>5. Wahlen&nbsp;<\/p>\n\n\n\n<p>6. Fachschaftsarbeit&nbsp;<\/p>\n\n\n\n<p>&nbsp;&nbsp;&nbsp; 6.1 Kaffee&nbsp;<\/p>\n\n\n\n<p>&nbsp;&nbsp;&nbsp; 6.2 Party&nbsp;<\/p>\n\n\n\n<p>&nbsp;&nbsp;&nbsp; 6.3 H\u00fctte&nbsp;<\/p>\n\n\n\n<p>&nbsp;&nbsp;&nbsp; 6.4 Laufende Projekte&nbsp;<\/p>\n\n\n\n<p>&nbsp;&nbsp;&nbsp; 6.5 Finanzen<\/p>\n\n\n\n<p>&nbsp;&nbsp;&nbsp; 6.6 Shirts<\/p>\n\n\n\n<p>&nbsp;&nbsp;&nbsp; 6.7 Logo<\/p>\n\n\n\n<p>7. Termine und Sonstiges&nbsp;<\/p>\n\n\n\n<p>8. Lob und Tadel&nbsp;<\/p>\n\n\n\n<p>&#8212;&#8212;&#8212;&#8212;&#8212;&#8212;&#8212;&#8212;&#8212;&#8212;&#8212;&#8212;&#8212;&#8211; <\/p>\n\n\n\n<p>Protokoll <\/p>\n\n\n\n<p>Tagesordnung <\/p>\n\n\n\n<p>1. Formalia <\/p>\n\n\n\n<p>Redeleitung (m*): L.P.B.<\/p>\n\n\n\n<p>Protokoll:Ma.Mau.<\/p>\n\n\n\n<p>Beschlussf\u00e4higkeit: ja&nbsp;<\/p>\n\n\n\n<p>Genehmigung des Protokolls: ja<\/p>\n\n\n\n<p>Vorschl\u00e4ge zur TO: FakRats-Wahlen vorziehen auf TOP 2. Ohne\nGegenrede angenommen.<\/p>\n\n\n\n<p>2. Wahlen FakRat<\/p>\n\n\n\n<ul class=\"wp-block-list\"><li>Der\n     Listenvorschlag wird vorgestellt:<\/li><li>1.\n     Sophie (Politik)<\/li><li>2.\n     Tobias (Kulturanthropologie)<\/li><li>3.\n     Miriam (Geschichte)<\/li><li>4.\n     Jan (Geschichte)<\/li><li>5. Lukas\n     Niklas (Politik)<\/li><li>6.\n     Mathilde (Philosophie)<\/li><li>7.\n     N.N.<\/li><li>8. Johannes\n     Lukas (Politik)<\/li><li>9.\n     Meret (Geschichte)<\/li><li>Wohl\n     schlechte Kommunikation zwischen uns und Histos: Fachbereichs und\n     Gender-Verteilung nicht ideal<\/li><li>da\n     es bei der Geschichte eine nachr\u00fcckende Person gibt, wird es schwierig mit\n     der Listenaufstellung<\/li><li>wir\n     haben schon 2 Leute benannt, 2 M\u00e4nner<\/li><li>diese\n     tauchen gar nicht auf der Liste auf<\/li><li>Argumentation\n     etwas schwierig, Vorstellung wirkte etwas konfrontativ<\/li><li>sprechen\n     auch als FakRats-Mitglieder, nicht nur als Fachbereichsmenschen<\/li><li>Vorschlag:<\/li><li>Kombi\n     aus 1. + 2. Semester unterschiedliche Personen<\/li><li>1.\n     Semester zB S.F., dann Wunsch-Kandidat<\/li><li>wussten\n     leider nichts von Kandidatur von Kandidatin, als wir die Liste aufgestellt\n     haben<\/li><li>Kandidatin\n     wollte eigentlich weiter hinten stehen<\/li><li>R\u00fcckbindung\n     an die FS sollte passieren<\/li><li>vor\n     und nach der FakRat-Sitzung TO vorstellen und berichten<\/li><li>Vorschlag:\n     Wenn Liste so gew\u00e4hlt wird, wie sie aufgestellt wird, ist das kein Problem.\n     Dies ist aber nicht gesichert, Personen k\u00f6nnen hochgew\u00e4hlt werden.<\/li><li>Was\n     ist, wenn Personen hoch gew\u00e4hlt werden?<\/li><li>Personen\n     auf den hinteren Pl\u00e4tzen wollen nicht unbedingt in die Sitzungen<\/li><li>FSPol-Kandidat\n     auf 1, alles runterr\u00fccken<\/li><li>in\n     der Konstellation nicht ideal, da dann 1 Semester 3 M\u00e4nner im FakRat w\u00e4ren<\/li><li>dies\n     ist ein Problem der FS Geschichte<\/li><li>FSG\n     sollte eher eine Frau finden, die das ganze Jahr teilnehmen kann<\/li><li>es\n     sind nicht so viele Fachbereiche auf der Liste<\/li><li>Diversit\u00e4t\n     in FB ist wichtig f\u00fcr den FakRat<\/li><li>FSG:\n     Menschen, die auf Liste stehen, haben echt Bock auf FakRat, man m\u00f6chte\n     diesen Menschen die Chance nicht verwehren<\/li><li>Schade,\n     dass unser Kandidat gar nicht drauf steht<\/li><li>haben\n     auch noch den Platz f\u00fcr ein beratendes Mitglied<\/li><li>man\n     k\u00f6nnte sich in der Liste auch untereinander absprechen, wer in Sitzungen\n     geht<\/li><li>muss\n     aber funktionieren, war wohl letzte Legislatur nicht ideal<\/li><li>irgendeine\n     FS muss den K\u00fcrzeren ziehen<\/li><li>k\u00f6nnten\n     unseren Kandidaten als beratendes Mitglied aufstellen<\/li><li>Platz\n     5: man versucht, Kulturanthropologie und Soziologie zu motivieren<\/li><li>letztlich\n     entscheidet der*die W\u00e4hler*in<\/li><li>Kandidatin\n     der FS ist nur im WS da<\/li><li>Als\n     Konstante nur Kandidat der Kulturanthropologie, der Rest w\u00fcrde wechseln<\/li><li>problematisch,\n     weil sich Menschen erst einarbeiten m\u00fcssen<\/li><li>k\u00f6nnten\n     unseren Kandidaten als beratendes Mitglied aufstellen, er w\u00fcrde vermutlich\n     im 2ten Semester nachr\u00fccken, und wir k\u00f6nnten dann ein neues Mitglied f\u00fcr\n     beratend aufstellen<\/li><li>Listenplatz\n     5 ist frei, w\u00e4re nur ein Pufferplatz<\/li><li>m\u00fcsste\n     zur\u00fccktreten, damit unser Kandidat reinr\u00fcckt<\/li><li>komisches\n     Verfahren<\/li><li>Platz\n     4 und 5 beides M\u00e4nner, w\u00e4re okay<\/li><li>beratendes\n     Mitglied f\u00fcr SoSe noch offen<\/li><li>evtl.\n     jemand aus der Soziologie, damit viele FS vertreten sind<\/li><\/ul>\n\n\n\n<p>Abst. finale Liste: 10\/0\/0<\/p>\n\n\n\n<p>3. StuRa&nbsp;<\/p>\n\n\n\n<p>&nbsp;&nbsp;&nbsp; 3.1 Bericht aus dem StuRa&nbsp;<\/p>\n\n\n\n<ul class=\"wp-block-list\"><li>Running\n     Mates<\/li><\/ul>\n\n\n\n<ul class=\"wp-block-list\"><li>Diskussion\n     Exzellenzbegehung<\/li><\/ul>\n\n\n\n<p>&nbsp;&nbsp;&nbsp; 3.2 Bewerbungen&nbsp;<\/p>\n\n\n\n<ul class=\"wp-block-list\"><li>&nbsp;Adrian\n     D\u00f6ring (Co-Creation Group Digital Learning)<\/li><li>Diskussion:<\/li><li>Mitglied\n     in der Senatskommission f\u00fcr Studium und Lehre<\/li><li>studiert\n     Medizin<\/li><li>w\u00e4re\n     gut geeignet<\/li><li>Abst.:\n     viele\/0\/1 -&gt; angenommen<\/li><\/ul>\n\n\n\n<p>&nbsp;&nbsp;&nbsp; 3.3 Finanzantr\u00e4ge&nbsp;<\/p>\n\n\n\n<ul class=\"wp-block-list\"><li>KoMa\n     (FB Mathematik)<\/li><li>beantragt:\n     120,96 \u20ac<\/li><li>Diskussion:\n     \/<\/li><li>Abst.:\n     viele\/0\/1 -&gt; angenommen<\/li><\/ul>\n\n\n\n<p>&nbsp;&nbsp;&nbsp; 3.4 Sonstige Antr\u00e4ge&nbsp;<\/p>\n\n\n\n<ul class=\"wp-block-list\"><li>Ideelle\n     Unterst\u00fctzung AK Kritische Psychologie<\/li><li>Diskussion:\n     \/<\/li><li>Abst.:\n     alle\/0\/0 -&gt; angenommen<\/li><\/ul>\n\n\n\n<ul class=\"wp-block-list\"><li>Ideelle\n     Unterst\u00fctzung Rock Your Life Freiburg e.V.<\/li><li>Diskussion:&nbsp;<\/li><li>Wie\n     kn\u00fcpfen die Kontakt zu den Sch\u00fcler*innen?<\/li><li>stehen\n     schon mit Schulen in Verbindung, Kontakt funktioniert<\/li><li>Abst.:\n     alle\/0\/0 -&gt; angenommen<\/li><\/ul>\n\n\n\n<p>4. BuFaTa<\/p>\n\n\n\n<p>4.1 Bericht BuFaTa<\/p>\n\n\n\n<ul class=\"wp-block-list\"><li>Vernetzung\n     war gut<\/li><li>es\n     gab regionales Bier<\/li><li>Die\n     Internationale wurde gesungen<\/li><li>Institutionalisierung\n     war schei\u00dfe<\/li><li>Plenumssitzung\n     nervig<\/li><\/ul>\n\n\n\n<ul class=\"wp-block-list\"><li>3\n     Workshops&nbsp;<\/li><li>1.\n     WS-Slot: AK &#8211; Mobilisierungsversuche<\/li><li>Frustration\n     \u00fcber scheiternde Mobilisierungsversuche<\/li><li>Ersti-Wochen\n     tragendes Element f\u00fcr Rekrutierung<\/li><li>Menschen\n     pers\u00f6nlich ansprechen zum Mitmachen<\/li><li>Innovativ:\n     erste Sitzungen Quotierung nach Ersti und Nicht-Ersti<\/li><li>2.\n     WS-Slot: AK &#8211; Umgang mit dem Rektorat<\/li><li>haben\n     \u00fcber Klagen geredet<\/li><li>eher\n     Bericht-Runde, kein Outcome<\/li><li>3.\n     WS-Slot: Wie mit Konflikte mit Dozierenden umgehen?<\/li><li>reger\n     Austausch<\/li><li>Politischer\n     Konflikt als Ebene, kein Ergebnis<\/li><li>es\n     wurde \u00fcber Basics geredet<\/li><li>Flyeraktionen,\n     Verh\u00e4ltnism\u00e4\u00dfigkeit der Mittel&nbsp;<\/li><li>Idee:\n     FSen sollten zu konkreten Konflikten Leitf\u00e4den schreiben<\/li><li>Macht\n     von Evaluationen<\/li><li>Antragskommission\n     (Satzung)<\/li><li>30\n     \u00c4A, 10 wurden von der Kommission bereits angenommen, 10 waren strittig, 10\n     mit Votum ins Plenum gegeben<\/li><li>Plenum<\/li><li>unsere\n     \u00c4A wurden abgelehnt<\/li><li>ein\n     Gro\u00dfteil der \u00c4A wurde angenommen<\/li><li>Quotierungsdebatte<\/li><li>Vorstand\n     quotieren wie unseren Vorstand in Freiburg<\/li><li>wurde\n     abgelehnt<\/li><li>Bielefeld-Alternative:\n     Auch auf M\u00e4nner beziehen, wir haben abgelehnt<\/li><li>angenommen\n     schlie\u00dflich: mindestens 50% nicht-cis-M\u00e4nner<\/li><li>Debatte:\n     Deutschsprachig, nur Deutschland&#8230;<\/li><li>angenommen:\n     Deutschland, \u00d6sterreich, Schweiz<\/li><li>Vorstand\n     abschaffen &#8211; wir abgelehnt<\/li><li>Satzungsentwurf\n     final &#8211; enthalten<\/li><li>da\n     keine unserer Forderungen nicht enthalten sind (Nur Deutschland,\n     Quotierung, solidarische BuFaTa)<\/li><li>Austritte\n     BuFaTa sollen in Zukunft m\u00f6glich<\/li><\/ul>\n\n\n\n<p>GO-Antrag: 4.2. aufnehmen. Keine Gegenrede.<\/p>\n\n\n\n<ul class=\"wp-block-list\"><li>es\n     wurde kein Vorstand gew\u00e4hlt, da keine GO abgestimmt wurde<\/li><li>n\u00e4chste\n     BuFaTa Bonn oder M\u00fcnster<\/li><\/ul>\n\n\n\n<p>4.2 Antrag &#8211; Gr\u00fcndung einer alternativen-BuFaTa<\/p>\n\n\n\n<ul class=\"wp-block-list\"><li>Austritt\n     aus BuFaTa?<\/li><\/ul>\n\n\n\n<p>\u00c4A: gew\u00e4hlte Delegierte f\u00fcr die BuFaTa m\u00fcssen sich drum\nk\u00fcmmern. Angenommen.<\/p>\n\n\n\n<ul class=\"wp-block-list\"><li>macht\n     eine Mitgliedschaft \u00fcberhaupt noch Sinn?<\/li><li>Wohin\n     will die BuFaTa langfristig?<\/li><li>BuFaTa\n     vo allem f\u00fcr Vernetzung gedacht<\/li><li>n\u00e4chste\n     BuFaTa vor allem mit GO besch\u00e4ftigt<\/li><li>Parallelstruktur\n     nicht sinnvoll<\/li><li>mit\n     17 FSen vernetzten, oder mit den wenigen die cool sind<\/li><li>witziges\n     Element macht es nicht illegitim<\/li><li>so-oder-so\n     Selbstbespa\u00dfung<\/li><li>in\n     einem &#8222;Verein&#8220; Mitglied sein, der nicht mit unseren\n     Vorstellungen und Werten \u00fcbereinstimmt, ist nicht unbedingt zielf\u00fchrend<\/li><li>lieber\n     mit wenigen FSen auch inhaltlich arbeiten<\/li><li>sehr\n     viele uncoole Aussagen am Wochenende<\/li><li>bei\n     diesem Ton ist eine Zusammenarbeit schwierig<\/li><\/ul>\n\n\n\n<p>GO-Antrag: Vertagung auf n\u00e4chste Woche. Keine Gegenrede.<\/p>\n\n\n\n<p>5. Wahlen&nbsp;<\/p>\n\n\n\n<ul class=\"wp-block-list\"><li>Liste\n     StuRa<\/li><li>Mo.M\u00fc.\n     berichtet, und nimmt Liste auf H\u00fctte mit<\/li><li>Namensvorschlag\n     wird vorgestellt: Martin Jagdhorn (letztes Jahr: Dieter Saxophon)<\/li><li>Alternativvorschlag:\n     Diskussion \u00fcber Name auf der H\u00fctte. Angenommen.<\/li><li>Warum\n     Name?<\/li><li>gibt\n     die Wahlordnung vor<\/li><li>Unterst\u00fctzer*innen-Liste\n     wird herumgegeben<\/li><li>Mo.M\u00fc.\n     ist laufende Nummer 1: vertritt den Vorschlag vor der WSSK.<\/li><li>FakRat-Treffen<\/li><li>Sitzung\n     n\u00e4chste Woche, Thema vor allem das Haushalts-Thema (war auch im StuRa\n     letzte Woche)<\/li><li>es\n     soll an einem gemeinsamen Brief zum Thema gearbeitet werden, der von allen\n     Fakult\u00e4ten mitgetragen werden sollen<\/li><li>nehmt\n     auch am besten Kontakt mit den Doktorand*innen\/Mittelbau auf<\/li><li>sollten\n     vor allem auch Druck auf das Land aus\u00fcben<\/li><li>Einstellungsstop\n     &#8211; Welche Stellen betrifft das?<\/li><li>in\n     letzter Konsequenz auch Professuren?<\/li><li>gab\n     es schonmal, hat sich auch auf Profs bezogen<\/li><li>auch\n     f\u00fcr befristete Stellen sehr schwierig<\/li><li>Wie\n     sieht es mit R\u00fccklagen aus?<\/li><\/ul>\n\n\n\n<p>6. Fachschaftsarbeit&nbsp;<\/p>\n\n\n\n<p>&nbsp;&nbsp;&nbsp; 6.1 Kaffee&nbsp;<\/p>\n\n\n\n<ul class=\"wp-block-list\"><li>&nbsp;tragt\n     euch ein<\/li><li>Erstis\n     haben da immer Vorlesung<\/li><li>vlt.\n     Termin tauschen<\/li><li>Freitag\n     noch frei<\/li><li>AK\n     &#8211; Kaffee<\/li><li>hat\n     noch Sitzung diese Woche<\/li><li>Freitags-Slot\n     wird dann vergeben<\/li><\/ul>\n\n\n\n<p>&nbsp;&nbsp;&nbsp; 6.2 Party&nbsp;<\/p>\n\n\n\n<ul class=\"wp-block-list\"><li>&nbsp;l\u00e4uft<\/li><\/ul>\n\n\n\n<p>&nbsp;&nbsp;&nbsp; 6.3 H\u00fctte<\/p>\n\n\n\n<ul class=\"wp-block-list\"><li>Mail\n     mit Infos ging rum, wenn noch jemand fragen hat oder etwas unklar ist\n     fragt gerne (Ma.Ma)<\/li><\/ul>\n\n\n\n<p>&nbsp;&nbsp;&nbsp; 6.4 Laufende Projekte<\/p>\n\n\n\n<ul class=\"wp-block-list\"><li>Berufsperspektiven\n     <\/li><\/ul>\n\n\n\n<p>&nbsp;&nbsp;&nbsp; 6.5 Finanzen&nbsp;<\/p>\n\n\n\n<ul class=\"wp-block-list\"><li>mehr\n     \u00d6PNV-Tickets fiehlen&nbsp; f\u00fcr die BuFaTa an, etwas mehr \u00fcber 10\u20ac<\/li><li>Abst.:\n     alle\/0\/0 -&gt; angenommen&nbsp;&nbsp;&nbsp;&nbsp;<\/li><\/ul>\n\n\n\n<p>&nbsp;&nbsp;&nbsp; 6.6. T-Shirts<\/p>\n\n\n\n<ul class=\"wp-block-list\"><li>vertagt<\/li><\/ul>\n\n\n\n<p>&nbsp;&nbsp;&nbsp; 6.7. Logo<\/p>\n\n\n\n<ul class=\"wp-block-list\"><li>Abst.:&nbsp;<\/li><li>Abst.:\n     viele\/1\/2 -&gt; angenommen&nbsp;&nbsp;&nbsp;&nbsp;<\/li><\/ul>\n\n\n\n<p>7. Termine und Sonstiges&nbsp;<\/p>\n\n\n\n<ul class=\"wp-block-list\"><li>Dieses\n     Wochenende H\u00fctte!<\/li><li>N\u00e4chste\n     Woche muss Liste f\u00fcr den StuRa eingereicht werden!<\/li><li>25.06.\n     StuRa-Wahlen und Uniwahlen<\/li><li>Diesen\n     Sonntag: Kommunal- und Europawahlen<\/li><\/ul>\n\n\n\n<p>8. Lob und Tadel&nbsp;<\/p>\n\n\n\n<ul class=\"wp-block-list\"><li>Tadel\n     an so lange kein Lob und Tadel<\/li><li>Tadel\n     an FS Pol Bielefeld weil FS Pol Bielefeld<\/li><li>Tadel\n     an Histos f\u00fcrs Kompliziert machen<\/li><li>Lob\n     an LAK: uncoole Satzungs\u00e4nderung wurde abgelehnt<\/li><li>Tadel\n     an Erstis, die nicht da sind (also alle)<\/li><\/ul>\n","protected":false},"excerpt":{"rendered":"<p>Fachbereichssitzung vom 20.05.2019 Tagesordnung: 1. Formalia 2. Wahlen FakRat 3. StuRa&nbsp; &nbsp;&nbsp;&nbsp; 3.1 Bericht aus dem StuRa&nbsp; &nbsp;&nbsp;&nbsp; 3.2 Bewerbungen&nbsp; &nbsp;&nbsp;&nbsp; 3.3 Finanzantr\u00e4ge&nbsp; &nbsp;&nbsp;&nbsp; 3.4 Sonstige Antr\u00e4ge&nbsp; 4. BuFaTa 4.1. Bericht BuFaTa 4.2. Antrag &#8211; Gr\u00fcndung einer alternativen-BuFaTa 5. Wahlen&nbsp; 6. Fachschaftsarbeit&nbsp; &nbsp;&nbsp;&nbsp; 6.1 Kaffee&nbsp; &nbsp;&nbsp;&nbsp; 6.2 Party&nbsp; &nbsp;&nbsp;&nbsp; 6.3 H\u00fctte&nbsp; &nbsp;&nbsp;&nbsp; 6.4 Laufende Projekte&nbsp; [&hellip;]<\/p>\n","protected":false},"author":14,"featured_media":0,"comment_status":"closed","ping_status":"closed","sticky":false,"template":"","format":"standard","meta":{"iawp_total_views":1,"footnotes":""},"categories":[18],"tags":[],"class_list":["post-2918","post","type-post","status-publish","format-standard","hentry","category-protokolle"],"_links":{"self":[{"href":"https:\/\/www.fspolitik.de\/index.php?rest_route=\/wp\/v2\/posts\/2918","targetHints":{"allow":["GET"]}}],"collection":[{"href":"https:\/\/www.fspolitik.de\/index.php?rest_route=\/wp\/v2\/posts"}],"about":[{"href":"https:\/\/www.fspolitik.de\/index.php?rest_route=\/wp\/v2\/types\/post"}],"author":[{"embeddable":true,"href":"https:\/\/www.fspolitik.de\/index.php?rest_route=\/wp\/v2\/users\/14"}],"replies":[{"embeddable":true,"href":"https:\/\/www.fspolitik.de\/index.php?rest_route=%2Fwp%2Fv2%2Fcomments&post=2918"}],"version-history":[{"count":1,"href":"https:\/\/www.fspolitik.de\/index.php?rest_route=\/wp\/v2\/posts\/2918\/revisions"}],"predecessor-version":[{"id":2919,"href":"https:\/\/www.fspolitik.de\/index.php?rest_route=\/wp\/v2\/posts\/2918\/revisions\/2919"}],"wp:attachment":[{"href":"https:\/\/www.fspolitik.de\/index.php?rest_route=%2Fwp%2Fv2%2Fmedia&parent=2918"}],"wp:term":[{"taxonomy":"category","embeddable":true,"href":"https:\/\/www.fspolitik.de\/index.php?rest_route=%2Fwp%2Fv2%2Fcategories&post=2918"},{"taxonomy":"post_tag","embeddable":true,"href":"https:\/\/www.fspolitik.de\/index.php?rest_route=%2Fwp%2Fv2%2Ftags&post=2918"}],"curies":[{"name":"wp","href":"https:\/\/api.w.org\/{rel}","templated":true}]}}