{"id":3010,"date":"2019-12-24T17:23:13","date_gmt":"2019-12-24T15:23:13","guid":{"rendered":"http:\/\/www.fspolitik.de\/?p=3010"},"modified":"2019-12-24T17:24:13","modified_gmt":"2019-12-24T15:24:13","slug":"protokoll-der-fachbereichssitzung-vom-16-12-2019","status":"publish","type":"post","link":"https:\/\/www.fspolitik.de\/?p=3010","title":{"rendered":"Protokoll der Fachbereichssitzung vom 16.12.2019"},"content":{"rendered":"\n<p><strong>Tagesordnung: <\/strong><\/p>\n\n\n\n<p>1. Formalia <\/p>\n\n\n\n<p>2. StuRa <\/p>\n\n\n\n<p>&nbsp;&nbsp;&nbsp;\n2.1 Bericht aus dem StuRa <\/p>\n\n\n\n<p>&nbsp;&nbsp;&nbsp;\n2.2 Bewerbungen <\/p>\n\n\n\n<p>&nbsp;&nbsp;&nbsp;\n2.3 Finanzantr\u00e4ge <\/p>\n\n\n\n<p>&nbsp;&nbsp;&nbsp;\n2.4 Sonstige Antr\u00e4ge <\/p>\n\n\n\n<p>3. Weitere\nTOPe <\/p>\n\n\n\n<p>4. Wahlen <\/p>\n\n\n\n<p>5.\nFachschaftsarbeit <\/p>\n\n\n\n<p>&nbsp;&nbsp;&nbsp;\n5.1 Kaffee <\/p>\n\n\n\n<p>&nbsp;&nbsp;&nbsp;\n5.2 Party <\/p>\n\n\n\n<p>&nbsp;&nbsp;&nbsp;\n5.3 H\u00fctte <\/p>\n\n\n\n<p>&nbsp;&nbsp;&nbsp;\n5.4 Laufende Projekte <\/p>\n\n\n\n<p>&nbsp;&nbsp;&nbsp;\n5.5 Finanzen <\/p>\n\n\n\n<p>6. Termine\nund Sonstiges <\/p>\n\n\n\n<p>7. Lob und\nTadel <\/p>\n\n\n\n<p>&#8212;&#8212;&#8212;&#8212;&#8212;&#8212;&#8212;&#8212;&#8212;&#8212;&#8212;&#8212;&#8212;&#8211;\n<\/p>\n\n\n\n<p>Protokoll <\/p>\n\n\n\n<p>Tagesordnung\n<\/p>\n\n\n\n<p><strong>1. Formalia <\/strong><\/p>\n\n\n\n<p>Redeleitung\n(w*): J.E.<\/p>\n\n\n\n<p>Protokoll: &#8212;<\/p>\n\n\n\n<p>Beschlussf\u00e4higkeit:\nja<\/p>\n\n\n\n<p>Genehmigung\ndes Protokolls: ja<\/p>\n\n\n\n<p>Vorschl\u00e4ge\nzur TO: &#8211;<\/p>\n\n\n\n<p><strong>2. StuRa <\/strong><\/p>\n\n\n\n<p><strong>&nbsp;&nbsp;&nbsp;\n2.1 Bericht aus dem StuRa<\/strong> <\/p>\n\n\n\n<p>Vertreter*in\nstellt vor.<\/p>\n\n\n\n<p><strong>&nbsp;&nbsp;&nbsp;\n2.2 Bewerbungen<\/strong> <\/p>\n\n\n\n<p>&nbsp;Katharina\nIrmer (Gleichstellungsausschuss Senat, stv)<\/p>\n\n\n\n<p>&nbsp;Disk.:<\/p>\n\n\n\n<ul class=\"wp-block-list\"><li>studiert\nSoziologie + Latein, engagiert sich seit ca. 2 Semestern in der Fachschaft<\/li><li>sieht sich\nals queere cis-Frau von Diskriminierung betroffen und f\u00fchlt sich daher\nangesprochen, glaubt, einen guten Beitrag im Ausschuss machen zu k\u00f6nnen<\/li><li>&#8222;Diversity&#8220;\nan der Uni soll nicht mehr einfach nur Aush\u00e4ngeschild werden, sondern konkret\nf\u00fcr Studis gef\u00f6rdert werden<\/li><\/ul>\n\n\n\n<p>&nbsp;Abst.:\nbei einer Enthaltung angenommen<\/p>\n\n\n\n<p>&nbsp;Vertreter*innen\nf\u00fcr SWFR Verwaltungsrat m\u00fcssen gelistet werden, weil bei der Wahl\nGleichstand&nbsp;<\/p>\n\n\n\n<ul class=\"wp-block-list\"><li>&nbsp;Wer\nist Vertreter*in und wer Stellverstreter*in?&nbsp;<\/li><li>Falls sie es\nnicht selbst bis n\u00e4chste Woche gekl\u00e4rt haben sollen wir nochmal dar\u00fcber\nabstimmen<\/li><li>Walli Lang\nund Lucas Flach als Bewerber*innen&nbsp;<\/li><li>sind bereits gew\u00e4hlt, m\u00fcssen\n     nur gereiht werden.<\/li><\/ul>\n\n\n\n<p>Lucas auf 1, Walli auf 2<\/p>\n\n\n\n<p><strong>&nbsp;&nbsp;&nbsp;\n2.3 Finanzantr\u00e4ge<\/strong> <\/p>\n\n\n\n<p>&#8222;Lernfabriken\nmeutern&#8220; (AK Freie Bildung)&nbsp;<\/p>\n\n\n\n<p>Beantragt\nsind 805,00\u20ac aus dem Gruppenunterst\u00fctzungsbudget, in diesem befinden sich noch\n407,60\u20ac von 10.401,98\u20ac f\u00fcr dieses Quartal (3. Quartal 19\/20).<\/p>\n\n\n\n<p>&nbsp;Disk.:<\/p>\n\n\n\n<ul class=\"wp-block-list\"><li>inzwischen\nvermutlich doch nur noch 190\u20ac, weil einige Personen abgesprungen sind\n(Hin-\/R\u00fcckfahrt zu einer Konferenz in Hannover Anfang Dezember)<\/li><li>Gruppe ist\nbundesweit; Versuch, alle vom Bildungssystem Betroffenen zusammenzubringen<\/li><li>&#8222;radikale\nDemokratisierung&#8220; bei Bildungsfragen<\/li><\/ul>\n\n\n\n<p>&nbsp;Abst.:\neinstimmig angenommen<\/p>\n\n\n\n<p><strong>&nbsp;&nbsp;&nbsp;\n2.4 Sonstige Antr\u00e4ge<\/strong> <\/p>\n\n\n\n<p>&nbsp;Solidarisierung\nmit Studierenden in Hongkong (Vorstand)<\/p>\n\n\n\n<p>&nbsp;Disk.:<\/p>\n\n\n\n<p>&nbsp;Abst.:\neinstimmig angenommen<\/p>\n\n\n\n<p><strong>3. Weitere\nTOPe <\/strong><\/p>\n\n\n\n<p><strong>4. Wahlen<\/strong><strong><\/strong><\/p>\n\n\n\n<p><strong>4.1 Wahlen\nvom 03.12.2019 (in Fachschaft am 02.12. besprochen)<\/strong><\/p>\n\n\n\n<ul class=\"wp-block-list\"><li>Abstimmung:\n&#8222;Tabea H\u00e4berle (AStA Referat f\u00fcr Kommunikation und\nWissenssicherung)&#8220;&nbsp;<\/li><li>angenommen mit 77%-Ja-Stimmen<\/li><li>Abstimmung:\n&#8222;Antrag (AStA Regenbogenreferat et al)&#8220;&nbsp;<\/li><li>mit 7% Ja-Stimmen abgelehnt<\/li><\/ul>\n\n\n\n<ul class=\"wp-block-list\"><li>Finanzantrag:\n&#8222;Poolvernetzungstreffen (Biologie)&#8220;&nbsp;<\/li><li>Beantragt wurden 156.25\u20ac,\n     genehmigt wurden 156.25\u20ac.&nbsp;<\/li><li>Finanzantrag:\n&#8222;Das ist unser Haus&#8220;&nbsp;<\/li><li>Beantragt wurden 2000.00\u20ac,\n     genehmigt wurden 1000.00\u20ac.&nbsp;<\/li><li>Finanzantrag:\n&#8222;Einstiegsseminar zum Akkreditierungssystem (Sebastian Neufeld)&#8220;<\/li><li>Beantragt wurden 700.00\u20ac,\n     genehmigt wurden 700.00\u20ac.&nbsp;<\/li><\/ul>\n\n\n\n<p><strong>4.2 Wahlen\nvom 10.12.2019 (Freies Mandat wg. VV)<\/strong><\/p>\n\n\n\n<ul class=\"wp-block-list\"><li>Dem\nSamstagsforum wurde die ideelle Unterst\u00fctzung entzogen.<\/li><li>Hans Albert\n(Senatsausschuss Medienentwicklung -und Praxis) wurde einstimmig gew\u00e4hlt.<\/li><li>Josefine\nMorgan (Senat Struktur- und Entwicklungskommission) wurde einstimmig gew\u00e4hlt.<\/li><li>Finanzantrag\nDies Academicus \u201eKeine Panik auf der Titanic\u201c (FB Theologie). Beantragt wurden\n250.00\u20ac, genehmigt wurden 250.00\u20ac.&nbsp;<\/li><li>Unterzeichnung\ndes Offenen Briefes (Feministischer &amp; Frauen_streik Freiburg). Der Brief\nwird vom StuRa unterzeichnet.<\/li><li>Ideelle\nUnterst\u00fctzung (Lebendige Subkultur). Die Gruppe wird ideell unterst\u00fctzt.&nbsp;<\/li><\/ul>\n\n\n\n<p><strong>5.\nFachschaftsarbeit <\/strong><\/p>\n\n\n\n<p><strong>&nbsp;&nbsp;&nbsp;\n5.1 Kaffee <\/strong><\/p>\n\n\n\n<p><strong>&nbsp;<\/strong>&nbsp;&nbsp; 1. Schicht: J.W.\n+&nbsp;?.?.<\/p>\n\n\n\n<p>&nbsp;&nbsp;&nbsp;\n2. Schicht: E.B. + M.K.<\/p>\n\n\n\n<p>L.B. hat\nneuen Schl\u00fcssel f\u00fcr Kassentheke besorgt<\/p>\n\n\n\n<p>J.E. macht\nKordel, damit er nie wieder verloren geht&nbsp;<\/p>\n\n\n\n<p>Gl\u00fchweinverkauf!<\/p>\n\n\n\n<p><strong>&nbsp;&nbsp;&nbsp;\n5.2 Party <\/strong><\/p>\n\n\n\n<ul class=\"wp-block-list\"><li>Besprechung der Plakate<\/li><\/ul>\n\n\n\n<p><strong>&nbsp;&nbsp;&nbsp;\n5.3 H\u00fctte<\/strong><\/p>\n\n\n\n<p><strong>&nbsp;&nbsp;&nbsp;\n5.4 Laufende Projekte <\/strong><\/p>\n\n\n\n<ul class=\"wp-block-list\"><li>&nbsp;Abschiedsgeschenk f\u00fcr A.K., der geht n\u00e4chstes Fr\u00fchjahr zur\nBundespolizei<\/li><li>Vorschlag: goldenen Schlagstock\n     &#8211; L.B. k\u00fcmmert sich<\/li><li>Wasserwerfer Minimodell &#8211; F.H.\n     k\u00fcmmert sich&nbsp;<\/li><\/ul>\n\n\n\n<p><strong>&nbsp;&nbsp;&nbsp;\n5.5 Finanzen<\/strong>&nbsp;&nbsp;&nbsp;<\/p>\n\n\n\n<p><strong>&nbsp;&nbsp;&nbsp;\n5.6 Anfrage Studiengangskoordination<\/strong><\/p>\n\n\n\n<ul class=\"wp-block-list\"><li>C. Wetterich\nist dabei die Homepage und die dort enthaltenen Infos f\u00fcr Studis zu erneuern\nbzw. auszubauen<\/li><li>Deswegen die Frage an uns als\n     Studis: Was f\u00fcr Infos h\u00e4tten rund ums Studium h\u00e4tten wir gerne auf der\n     Webseite des Seminars?&nbsp;<\/li><li>\u00f6ffentliches Pad erstellen &#8211;\n     J.E. machts&nbsp;<\/li><\/ul>\n\n\n\n<p><strong>6. Termine\nund Sonstiges <\/strong><\/p>\n\n\n\n<ul class=\"wp-block-list\"><li>Thema sexuelle Bel\u00e4stigung im Januar wieder aufnehmen<\/li><li>FakRat:\nRother als Vertretung R\u00fcland best\u00e4tigt; sexistische Erstiwochenkritik geht bald\nans Rektorat<\/li><li>Nachh\u00fcttenparty:&nbsp;<\/li><li>Hinter der Bar wurde viel\n     ausgegeben, uncool; ansonsten cool (40\u20ac Verlust)<\/li><\/ul>\n\n\n\n<p><strong>7. Lob und\nTadel<\/strong> &nbsp;&nbsp;&nbsp;&nbsp;&nbsp;&nbsp; <\/p>\n\n\n\n<ul class=\"wp-block-list\"><li>&nbsp;Lob an\ndie FS Pol f\u00fcr zahlreiches Erscheinen bei der VV<\/li><li>&nbsp;Tadel\nan L.R. f\u00fcrs nicht in den StuRa gehen<\/li><\/ul>\n","protected":false},"excerpt":{"rendered":"<p>Tagesordnung: 1. Formalia 2. StuRa &nbsp;&nbsp;&nbsp; 2.1 Bericht aus dem StuRa &nbsp;&nbsp;&nbsp; 2.2 Bewerbungen &nbsp;&nbsp;&nbsp; 2.3 Finanzantr\u00e4ge &nbsp;&nbsp;&nbsp; 2.4 Sonstige Antr\u00e4ge 3. Weitere TOPe 4. Wahlen 5. Fachschaftsarbeit &nbsp;&nbsp;&nbsp; 5.1 Kaffee &nbsp;&nbsp;&nbsp; 5.2 Party &nbsp;&nbsp;&nbsp; 5.3 H\u00fctte &nbsp;&nbsp;&nbsp; 5.4 Laufende Projekte &nbsp;&nbsp;&nbsp; 5.5 Finanzen 6. Termine und Sonstiges 7. Lob und Tadel &#8212;&#8212;&#8212;&#8212;&#8212;&#8212;&#8212;&#8212;&#8212;&#8212;&#8212;&#8212;&#8212;&#8211; Protokoll Tagesordnung [&hellip;]<\/p>\n","protected":false},"author":10,"featured_media":0,"comment_status":"closed","ping_status":"closed","sticky":false,"template":"","format":"standard","meta":{"iawp_total_views":0,"footnotes":""},"categories":[18],"tags":[],"class_list":["post-3010","post","type-post","status-publish","format-standard","hentry","category-protokolle"],"_links":{"self":[{"href":"https:\/\/www.fspolitik.de\/index.php?rest_route=\/wp\/v2\/posts\/3010","targetHints":{"allow":["GET"]}}],"collection":[{"href":"https:\/\/www.fspolitik.de\/index.php?rest_route=\/wp\/v2\/posts"}],"about":[{"href":"https:\/\/www.fspolitik.de\/index.php?rest_route=\/wp\/v2\/types\/post"}],"author":[{"embeddable":true,"href":"https:\/\/www.fspolitik.de\/index.php?rest_route=\/wp\/v2\/users\/10"}],"replies":[{"embeddable":true,"href":"https:\/\/www.fspolitik.de\/index.php?rest_route=%2Fwp%2Fv2%2Fcomments&post=3010"}],"version-history":[{"count":1,"href":"https:\/\/www.fspolitik.de\/index.php?rest_route=\/wp\/v2\/posts\/3010\/revisions"}],"predecessor-version":[{"id":3011,"href":"https:\/\/www.fspolitik.de\/index.php?rest_route=\/wp\/v2\/posts\/3010\/revisions\/3011"}],"wp:attachment":[{"href":"https:\/\/www.fspolitik.de\/index.php?rest_route=%2Fwp%2Fv2%2Fmedia&parent=3010"}],"wp:term":[{"taxonomy":"category","embeddable":true,"href":"https:\/\/www.fspolitik.de\/index.php?rest_route=%2Fwp%2Fv2%2Fcategories&post=3010"},{"taxonomy":"post_tag","embeddable":true,"href":"https:\/\/www.fspolitik.de\/index.php?rest_route=%2Fwp%2Fv2%2Ftags&post=3010"}],"curies":[{"name":"wp","href":"https:\/\/api.w.org\/{rel}","templated":true}]}}