{"id":3038,"date":"2020-05-19T09:00:08","date_gmt":"2020-05-19T07:00:08","guid":{"rendered":"http:\/\/www.fspolitik.de\/?p=3038"},"modified":"2020-05-19T09:00:11","modified_gmt":"2020-05-19T07:00:11","slug":"protokoll-der-fachbereichssitzung-vom-18-05-2020","status":"publish","type":"post","link":"https:\/\/www.fspolitik.de\/?p=3038","title":{"rendered":"Protokoll der Fachbereichssitzung vom 18.05.2020"},"content":{"rendered":"\n<p><strong>Fachschaftssitzung\nvom 18.05.2020<\/strong><\/p>\n\n\n\n<p>Tagesordnung:<\/p>\n\n\n\n<p>1. Formalia<\/p>\n\n\n\n<p>2. StuRa<\/p>\n\n\n\n<p>&nbsp;&nbsp;&nbsp;\n2.1 Bericht aus dem StuRa<\/p>\n\n\n\n<p>&nbsp;&nbsp;&nbsp;\n2.2 Bewerbungen<\/p>\n\n\n\n<p>&nbsp;&nbsp;&nbsp;\n2.3 Finanzantr\u00e4ge<\/p>\n\n\n\n<p>&nbsp;&nbsp;&nbsp;\n2.4 Sonstige Antr\u00e4ge<\/p>\n\n\n\n<p>3.\nWahlergebnisse der Abstimmungen im StuRa letzte Woche<\/p>\n\n\n\n<p>4. Weitere\nTOPe<\/p>\n\n\n\n<p>5.\nFachschaftsarbeit<\/p>\n\n\n\n<p>&nbsp;&nbsp;&nbsp;\n5.1 Kaffee<\/p>\n\n\n\n<p>&nbsp;&nbsp;&nbsp;\n5.2 Party<\/p>\n\n\n\n<p>&nbsp;&nbsp;&nbsp;\n5.3 H\u00fctte<\/p>\n\n\n\n<p>&nbsp;&nbsp;&nbsp;\n5.4 Laufende Projekte<\/p>\n\n\n\n<p>&nbsp;&nbsp;&nbsp;\n5.5 Finanzen<\/p>\n\n\n\n<p>6. Termine\nund Sonstiges<\/p>\n\n\n\n<p>7. Lob und\nTadel<\/p>\n\n\n\n<p>8. Reflexion\nder Sitzung<\/p>\n\n\n\n<p>&#8212;&#8212;&#8212;&#8212;&#8212;&#8212;&#8212;&#8212;&#8212;&#8212;&#8212;&#8212;&#8212;&#8211;<\/p>\n\n\n\n<p>Protokoll<\/p>\n\n\n\n<p>Tagesordnung<\/p>\n\n\n\n<p><strong>1. Formalia<\/strong><\/p>\n\n\n\n<p>Redeleitung\n(m*): N.R.<\/p>\n\n\n\n<p>Protokoll:\nK.H.<\/p>\n\n\n\n<p>Beschlussf\u00e4higkeit:\nja<\/p>\n\n\n\n<p>Genehmigung\ndes Protokolls: ausstehend<\/p>\n\n\n\n<p>Vorschl\u00e4ge\nzur TO: keine<\/p>\n\n\n\n<p><strong>2. StuRa<\/strong><\/p>\n\n\n\n<p>&nbsp;&nbsp;&nbsp;<strong>\n2.1 Bericht aus dem StuRa<\/strong><\/p>\n\n\n\n<ol class=\"wp-block-list\"><li>Studium Oecologicum: f\u00fcr den\nErg\u00e4nzungsbereich m\u00f6glich?<\/li><li>Frage nach\nder Finanzierung &#8211;&nbsp;wie viel Geld steuern Fachbereiche bei\n(Studienvorschlagsbudget)<\/li><li>Vorschlag N.R.:\n2 4 1 3, Option 2 ist kacke, weil man den Fachschaften sonst die SVB Mittel\nk\u00fcrzt. Die sind bei uns tendenziell knapp, und wir bezahlen davon mehrere\nTutorate zu Grundlagenvorlesungen.<\/li><li>K.H.: Option\n4?<\/li><li>N.R.: 4\nbedeutet in dem Antrag Nein bzw. Ablehnung des Antrags<\/li><li>J.S.: als\nFachschaft nur Option 3 unterst\u00fctzbar<ol><li>Abstimmung: 11 daf\u00fcr, 1 Enthaltung \u00e0 Mit obiger Reihenfolge angenommen<\/li><\/ol><\/li><\/ol>\n\n\n\n<ul class=\"wp-block-list\"><li>N.R.: UB\nwird mit wenigen Arbeitspl\u00e4tzen wieder \u00f6ffnen (buchbar \u00fcber HisInOne), Mensen\nund Cafeterien werden wieder \u00f6ffnen (es braucht noch Hygienekonzept),\nFachbereichsbibliotheken werden wieder \u00f6ffnen (KG4 hat Priorit\u00e4t)<\/li><\/ul>\n\n\n\n<p>&nbsp;&nbsp;&nbsp;\n<strong>2.2 Bewerbungen<\/strong><\/p>\n\n\n\n<p>&nbsp;&#8211;<\/p>\n\n\n\n<ul class=\"wp-block-list\"><li><strong>Finanzantr\u00e4ge<\/strong><\/li><\/ul>\n\n\n\n<ol class=\"wp-block-list\"><li>Ausgabe der Funzel (Funzel\n&#8218;Lifestyle&#8216;)<\/li><li>N.R.:&nbsp;Wollen\n500\u20ac, f\u00fcr Druckkosten, haben bisher immer Verlust gemacht. 500\u20ac sind 1\/4 der Druckkosten<\/li><li>J.S.: Unterst\u00fctzenswert,\nbekommen bereits Unterst\u00fctzung von einem Verlag, cooler Instagram-Account<ol><li>Abstimmung: mit 12 Stimmen\neinstimmig angenommen<\/li><\/ol><\/li><\/ol>\n\n\n\n<ul class=\"wp-block-list\"><li>Winter-Kongress 2020 (BAKJ)\n=Bundesarbeitskreis kritischer Jurist*innen<\/li><li>N.R.:\nNovember, in Freiburg, 2000\u20ac (von insgesamt 8000\u20ac Bedarf)<\/li><li>M.E.: Wurde\nletztes Mal bereits abgestimmt<\/li><li>N.R.: Korrekt,\nim StuRa vertagt<ul><li>\u00dcbernahme des letzten\nAbstimmungsergebnisses: 2000\u20ac<\/li><\/ul><\/li><\/ul>\n\n\n\n<p>&nbsp;&nbsp;&nbsp;\n<strong>2.4 Sonstige Antr\u00e4ge<\/strong><\/p>\n\n\n\n<ul class=\"wp-block-list\"><li>&nbsp;StuRa\nWahl 2020 als Online oder Pr\u00e4senzwahl<\/li><li>a) Online-Wahl im WS 2020\/21\n     via Wahlunternehmen &#8222;Polyas&#8220;<\/li><li>b) Pr\u00e4senzwahl am 21.07.2020<\/li><\/ul>\n\n\n\n<p>N.R.: bei b)\nM\u00f6glichkeit Briefwahl zu beantragen, wenn genug Personal f\u00fcr die &nbsp;&nbsp;Wahlausz\u00e4hlung gefunden wird (Risiko)<\/p>\n\n\n\n<p>J.S.:\nAnfrage bei technischer Fakult\u00e4t zu Online- Wahl; Leiter der Fakult\u00e4t kritisch,\nzur\u00fcckgewiesen, da Pr\u00e4senzwahl schwierig<\/p>\n\n\n\n<p>J.L.: Pad\nletzte Woche<\/p>\n\n\n\n<p>M.E.:\nAussprache f\u00fcr Online-Wahl letzte Woche<\/p>\n\n\n\n<p>N.R.:\nUnternehmen ist zertifiziert, bei Studierendenvertretung nicht so problematisch<\/p>\n\n\n\n<p>M.S.: Neue\nAbstimmung, da letzte Woche nur Stimmungsbild<\/p>\n\n\n\n<p>L.S.: Online\nals kleineres \u00dcbel? ist Pr\u00e4senzwahl eine sinnvolle Alternative<\/p>\n\n\n\n<p>N.R.:\nBereits zwischen Organen der Studierendenvertretung besprochen, Online quasi\nalternativlos<\/p>\n\n\n\n<p>F.H.: Warum\nnicht Pr\u00e4senz verz\u00f6gert?<\/p>\n\n\n\n<p>N.R.:\nSituation nicht auf absehbare Zeit besser, Wintersemester auch gr\u00f6\u00dftenteils\nonline und die Gremien m\u00fcssen besetzt werden&nbsp;&nbsp;<\/p>\n\n\n\n<p>\u00e0 Abstimmung: mit 13 Stimmen einstimmig Option a)\nangenommen<\/p>\n\n\n\n<ul class=\"wp-block-list\"><li>Corona-Forderungen-\nPetition vom KIT unterst\u00fctzen und bewerben<\/li><\/ul>\n\n\n\n<p>J.S.:\nbereits letzte Woche<\/p>\n\n\n\n<ul class=\"wp-block-list\"><li>Abstimmung: 9 daf\u00fcr, 1 dagegen, 3\nEnthaltungen \u00e0 angenommen<\/li><\/ul>\n\n\n\n<p><strong>3.\nWahlergebnisse der Abstimmungen im StuRa letzte Woche<\/strong><\/p>\n\n\n\n<ul class=\"wp-block-list\"><li>Florian\nFrietsch (ZfS Qualit\u00e4tskommission): angenommen<\/li><li>Zeno\nSpringsklee (AStA Referat f\u00fcr Studieren ohne H\u00fcrden, stv): angenommen<\/li><li>&nbsp;Ideelle\nUnterst\u00fctzung (Soli-Gruppe f\u00fcr den Feministischen und Frauenstreik* Freiburg):\nangenommen<\/li><li>&nbsp;Wirtschaftsplan\n2019 (r\u00fcckwirkend): angenommen<\/li><\/ul>\n\n\n\n<p><strong>4. Weitere\nTOPe<\/strong><\/p>\n\n\n\n<p><strong>5.\nFachschaftsarbeit<\/strong><\/p>\n\n\n\n<p><strong>&nbsp;&nbsp;&nbsp;\n5.1 Kaffee<\/strong><\/p>\n\n\n\n<p>&nbsp;&nbsp;&nbsp;\n1. Schicht (12-13 Uhr): entf\u00e4llt<\/p>\n\n\n\n<p>&nbsp;&nbsp;&nbsp;\n2. Schicht (13-14 Uhr): entf\u00e4llt<\/p>\n\n\n\n<p><strong>&nbsp;&nbsp;&nbsp;\n5.2 Party<\/strong><\/p>\n\n\n\n<p>&nbsp;&#8211;<\/p>\n\n\n\n<p>&nbsp;&nbsp;&nbsp;\n<strong>5.3 H\u00fctte<\/strong><\/p>\n\n\n\n<p>&nbsp;&nbsp;&nbsp;\nSa.Se.: R\u00fcckmeldung Linsenhof: 33 Betten, 8\u20ac pro Nacht und Kopf<\/p>\n\n\n\n<p>&nbsp;&nbsp;&nbsp;\nErwin-Schweitzer Heim 44 Betten 7\u20ac\/Person\/Nacht<\/p>\n\n\n\n<p>&nbsp;&nbsp;&nbsp;\njeweils 7\/10 Kilometer von n\u00e4chstem Bahnhof<\/p>\n\n\n\n<p>&nbsp;&nbsp;&nbsp;\nWarten auf weitere R\u00fcckmeldung von 10 H\u00fctten<\/p>\n\n\n\n<p>&nbsp;&nbsp;&nbsp;\nF.H.: Wie weit letzte H\u00fctte?<\/p>\n\n\n\n<p>&nbsp;&nbsp;&nbsp;\nN.H.: Maximal 2km<\/p>\n\n\n\n<p>&nbsp;&nbsp;&nbsp;\nM. S.:&nbsp; Buslinie?<\/p>\n\n\n\n<p>&nbsp;&nbsp;&nbsp;\nN.R.: Weitere R\u00fcckmeldungen vonseiten der H\u00fctten abwarten<\/p>\n\n\n\n<p>&nbsp;&nbsp;&nbsp;\n<strong>5.4 Laufende Projekte<\/strong><\/p>\n\n\n\n<ol class=\"wp-block-list\"><li>Berufsperspektiven<\/li><li>J.L.: J.E\nverantwortlich, online Format bei Zoom, J\u00e4ckle f\u00fcr Zoom statt Streaml\u00f6sung<\/li><li>K.H.: \u00d6ffentlich?<\/li><li>N.R.: Ja,\nauch f\u00fcr G\u00e4ste anderer Fachbereiche<\/li><li>Wie viele\nLeute bei Zoom?<\/li><li>M.E.: 256\nLeute bei Zoom<\/li><\/ol>\n\n\n\n<ul class=\"wp-block-list\"><li>Neuer trinationaler Studiengang<\/li><li><a href=\"https:\/\/fspolitik.pads.ccc.de\/107\">https:\/\/fspolitik.pads.ccc.de\/107<\/a><\/li><li>Siehe extra Pad (107)<\/li><li>J.L.: Pad durchgehen (Details\n     finden sich da)<\/li><li>J.L.: wird E-Mail schreiben<\/li><li>J.S.: Kontakt zu anderen\n     Fachschaften?<\/li><li>J.L.: ja, wird Kontakt geben<\/li><\/ul>\n\n\n\n<p>&nbsp;&nbsp;&nbsp;\n<strong>5.5 Finanzen<\/strong><\/p>\n\n\n\n<p>&nbsp;&#8211;<\/p>\n\n\n\n<p><strong>6. Termine\nund Sonstiges<\/strong><\/p>\n\n\n\n<p>1) Mitschnitte von Vorlesungen auch nach Corona.<\/p>\n\n\n\n<ul class=\"wp-block-list\"><li>J.L.: Bei vielen\nUnis standardm\u00e4\u00dfig; in den StuRa? Vorgehen?<\/li><li>M.E.: an der\ntechnischen Fakult\u00e4t Mitschnitt oder direkt online; vorteilhaft, wenn\nterminlich kollidiert oder zur Pr\u00fcfungsvorbereitung<\/li><li>J.S.: Manche\nProfessor*innen und Dozierenden fordern Kamera bei Konferenzen ein. Sich\nabsprechen mit anderen Fachschaften und StuRa zwecks Positionierung<\/li><li>M.E.:\nObrecht h\u00e4tte gerne Kamera<\/li><li>M.S.: Unterscheiden\nzwischen Wunsch nach Gesichtern zum Zwischenmenschlichen und Einfordern der\nKamera<\/li><\/ul>\n\n\n\n<p>&nbsp;N\u00e4chste\nWoche detailliert besprechen, Kamerapflicht geht nicht<\/p>\n\n\n\n<p><strong>7. Lob und\nTadel<\/strong><\/p>\n\n\n\n<ul class=\"wp-block-list\"><li>Lob an\nSa.Se. f\u00fcr Anschreiben der H\u00fctten<\/li><li>Lob an\nBundesverfassungsgericht f\u00fcr Ablehnen der Eilantr\u00e4ge gegen die Impfpflicht<\/li><li>Tadel an die\nFDP und faz (Zeitung mit weniger tollen Inhalten)<\/li><li>weiteres Lob\nan Sa.Se. f\u00fcr Organisation der H\u00fctten<\/li><\/ul>\n\n\n\n<p><strong>8. Reflexion\nder Sitzung<\/strong><\/p>\n\n\n\n<ul class=\"wp-block-list\"><li>Discord\nklappt gut&nbsp;<\/li><\/ul>\n\n\n\n<p>&nbsp;Ende\n21:48<\/p>\n","protected":false},"excerpt":{"rendered":"<p>Fachschaftssitzung vom 18.05.2020 Tagesordnung: 1. Formalia 2. StuRa &nbsp;&nbsp;&nbsp; 2.1 Bericht aus dem StuRa &nbsp;&nbsp;&nbsp; 2.2 Bewerbungen &nbsp;&nbsp;&nbsp; 2.3 Finanzantr\u00e4ge &nbsp;&nbsp;&nbsp; 2.4 Sonstige Antr\u00e4ge 3. Wahlergebnisse der Abstimmungen im StuRa letzte Woche 4. Weitere TOPe 5. Fachschaftsarbeit &nbsp;&nbsp;&nbsp; 5.1 Kaffee &nbsp;&nbsp;&nbsp; 5.2 Party &nbsp;&nbsp;&nbsp; 5.3 H\u00fctte &nbsp;&nbsp;&nbsp; 5.4 Laufende Projekte &nbsp;&nbsp;&nbsp; 5.5 Finanzen 6. Termine [&hellip;]<\/p>\n","protected":false},"author":10,"featured_media":0,"comment_status":"closed","ping_status":"closed","sticky":false,"template":"","format":"standard","meta":{"iawp_total_views":1,"footnotes":""},"categories":[18],"tags":[],"class_list":["post-3038","post","type-post","status-publish","format-standard","hentry","category-protokolle"],"_links":{"self":[{"href":"https:\/\/www.fspolitik.de\/index.php?rest_route=\/wp\/v2\/posts\/3038","targetHints":{"allow":["GET"]}}],"collection":[{"href":"https:\/\/www.fspolitik.de\/index.php?rest_route=\/wp\/v2\/posts"}],"about":[{"href":"https:\/\/www.fspolitik.de\/index.php?rest_route=\/wp\/v2\/types\/post"}],"author":[{"embeddable":true,"href":"https:\/\/www.fspolitik.de\/index.php?rest_route=\/wp\/v2\/users\/10"}],"replies":[{"embeddable":true,"href":"https:\/\/www.fspolitik.de\/index.php?rest_route=%2Fwp%2Fv2%2Fcomments&post=3038"}],"version-history":[{"count":1,"href":"https:\/\/www.fspolitik.de\/index.php?rest_route=\/wp\/v2\/posts\/3038\/revisions"}],"predecessor-version":[{"id":3039,"href":"https:\/\/www.fspolitik.de\/index.php?rest_route=\/wp\/v2\/posts\/3038\/revisions\/3039"}],"wp:attachment":[{"href":"https:\/\/www.fspolitik.de\/index.php?rest_route=%2Fwp%2Fv2%2Fmedia&parent=3038"}],"wp:term":[{"taxonomy":"category","embeddable":true,"href":"https:\/\/www.fspolitik.de\/index.php?rest_route=%2Fwp%2Fv2%2Fcategories&post=3038"},{"taxonomy":"post_tag","embeddable":true,"href":"https:\/\/www.fspolitik.de\/index.php?rest_route=%2Fwp%2Fv2%2Ftags&post=3038"}],"curies":[{"name":"wp","href":"https:\/\/api.w.org\/{rel}","templated":true}]}}