{"id":3040,"date":"2020-05-26T08:15:25","date_gmt":"2020-05-26T06:15:25","guid":{"rendered":"http:\/\/www.fspolitik.de\/?p=3040"},"modified":"2020-05-26T08:15:27","modified_gmt":"2020-05-26T06:15:27","slug":"protokoll-der-fachbereichssitzung-vom-25-05-2020","status":"publish","type":"post","link":"https:\/\/www.fspolitik.de\/?p=3040","title":{"rendered":"Protokoll der Fachbereichssitzung vom 25.05.2020"},"content":{"rendered":"\n<p><strong>Fachschaftssitzung\nvom 25.05.2020<\/strong><\/p>\n\n\n\n<p>Tagesordnung:<\/p>\n\n\n\n<p>1. Formalia<\/p>\n\n\n\n<p>2. StuRa<\/p>\n\n\n\n<p>&nbsp;&nbsp;&nbsp;\n2.1 Bericht aus dem StuRa<\/p>\n\n\n\n<p>&nbsp;&nbsp;&nbsp;\n2.2 Bewerbungen<\/p>\n\n\n\n<p>&nbsp;&nbsp;&nbsp;\n2.3 Finanzantr\u00e4ge<\/p>\n\n\n\n<p>&nbsp;&nbsp;&nbsp;\n2.4 Sonstige Antr\u00e4ge<\/p>\n\n\n\n<p>3.\nWahlergebnisse der Abstimmungen im StuRa letzte Woche<\/p>\n\n\n\n<p>4. Weitere\nTOPe<\/p>\n\n\n\n<p>5.\nFachschaftsarbeit<\/p>\n\n\n\n<p>&nbsp;&nbsp;&nbsp;\n5.1 Kaffee<\/p>\n\n\n\n<p>&nbsp;&nbsp;&nbsp;\n5.2 Party<\/p>\n\n\n\n<p>&nbsp;&nbsp;&nbsp;\n5.3 H\u00fctte<\/p>\n\n\n\n<p>&nbsp;&nbsp;&nbsp;\n5.4 Laufende Projekte<\/p>\n\n\n\n<p>&nbsp;&nbsp;&nbsp;\n5.5 Finanzen<\/p>\n\n\n\n<p>6. Termine\nund Sonstiges<\/p>\n\n\n\n<p>7. Lob und\nTadel<\/p>\n\n\n\n<p>8. Reflexion\nder Sitzung<\/p>\n\n\n\n<p>&#8212;&#8212;&#8212;&#8212;&#8212;&#8212;&#8212;&#8212;&#8212;&#8212;&#8212;&#8212;&#8212;&#8211;<\/p>\n\n\n\n<p>Protokoll<\/p>\n\n\n\n<p>Tagesordnung<\/p>\n\n\n\n<p><strong>1. Formalia<\/strong><\/p>\n\n\n\n<p>Redeleitung\n(w*): K.H.<\/p>\n\n\n\n<p>Protokoll:\nJ.E.<\/p>\n\n\n\n<p>Beschlussf\u00e4higkeit:\nja<\/p>\n\n\n\n<p>Genehmigung\ndes Protokolls: ja<\/p>\n\n\n\n<p>Vorschl\u00e4ge\nzur TO: <\/p>\n\n\n\n<ul class=\"wp-block-list\"><li>Vorziehen\ndes Punkts 5.3 H\u00fctte, da Sa.Se. fr\u00fcher gehen muss.<\/li><\/ul>\n\n\n\n<p>&nbsp;&nbsp;&nbsp;&nbsp;&nbsp;&nbsp;&nbsp;&nbsp;&nbsp;&nbsp;&nbsp; &#8211; Der TOP wird ohne Gegenrede vor\nTOP \u201e2. StuRa\u201c behandelt<\/p>\n\n\n\n<ul class=\"wp-block-list\"><li>trinationaler\nStudiengang<\/li><\/ul>\n\n\n\n<p><strong>2. StuRa<\/strong><\/p>\n\n\n\n<p><strong>&nbsp;&nbsp;&nbsp;\n2.1 Bericht aus dem StuRa<\/strong><\/p>\n\n\n\n<ul class=\"wp-block-list\"><li>Kreditm\u00f6glichkeiten\nf\u00fcr Studis in Corona-Zeiten<\/li><li>J.E.: Es wird noch zu einer\n     Absprache in der LAK kommen. Die LAK hat aber auch schon vorher Listen mit\n     Forderungen aufgestellt, es gab auch schon Briefe an das Ministerium.\n     Sobald es zu konkreten Absprachen kommt, halten sie uns auf dem\n     Laufenden.&nbsp;<\/li><\/ul>\n\n\n\n<p><strong>&nbsp;&nbsp;&nbsp;\n2.2 Bewerbungen<\/strong><\/p>\n\n\n\n<p>keine.&nbsp;&nbsp;<\/p>\n\n\n\n<p>&nbsp;&nbsp;&nbsp;\n<strong>2.3 Finanzantr\u00e4ge<\/strong><\/p>\n\n\n\n<p>&nbsp;keine.<\/p>\n\n\n\n<p><strong>&nbsp;&nbsp;&nbsp;\n2.4 Sonstige Antr\u00e4ge<\/strong><\/p>\n\n\n\n<ul class=\"wp-block-list\"><li>&nbsp;ideelle\nUnterst\u00fctzung (LEO Club Freiburg)<\/li><li>&nbsp;&#8222;engagiert sich auf\n     vielseitige Weise f\u00fcr hilfsbed\u00fcrftige Menschen aus der Region&#8220;<\/li><li>&nbsp;machen Spendenaktionen\n     f\u00fcr Projekte, sammeln Spendengelder<\/li><\/ul>\n\n\n\n<p>&nbsp;&nbsp;&nbsp;&nbsp;&nbsp;&nbsp;&nbsp;\nDisk.:<\/p>\n\n\n\n<ul class=\"wp-block-list\"><li>&nbsp;&nbsp;&nbsp;\nJ.E.: Diskussion \u00fcber Definition von Hilfsbed\u00fcrftigkeit im Stura<\/li><li>Herzenskinder, Spenden f\u00fcr\n     Tafel und AWO,&nbsp;<\/li><li>sind der\nkommunale Verband vom LIONS Club, werden aber nicht von denen finanziert<\/li><\/ul>\n\n\n\n<p>&nbsp;&nbsp;&nbsp;&nbsp;&nbsp;&nbsp;&nbsp;\nAbst.: 7 daf\u00fcr, 1 Enthaltung<\/p>\n\n\n\n<ul class=\"wp-block-list\"><li>angenommen<\/li><\/ul>\n\n\n\n<ul class=\"wp-block-list\"><li>Umwidmung\nder Gelder f\u00fcr Sitzungsverpflegung<\/li><li>Geld f\u00fcr Sitzungsverpflegung f\u00e4llt\n     offensichtlich weg, dieses soll genutzt werden, um Lizenzen f\u00fcr ein Videokonferenzprogramm\n     zu erwerben<\/li><li>Vorstand\nwill Auswahl und Organisation \u00fcbernehmen<\/li><li>wurde bereits als Eilabstimmung\n     abgestimmt?! ja<\/li><\/ul>\n\n\n\n<p>&nbsp;&nbsp;&nbsp;&nbsp;&nbsp;&nbsp;&nbsp;\nDisk.: &#8211;<\/p>\n\n\n\n<p>&nbsp;&nbsp;&nbsp;&nbsp;&nbsp;&nbsp;&nbsp;\nAbst.: &#8211; <\/p>\n\n\n\n<p><strong>3.\nWahlergebnisse der Abstimmungen im StuRa letzte Woche<\/strong><\/p>\n\n\n\n<ul class=\"wp-block-list\"><li>1) &#8222;5.\nAusgabe der Funzel&#8220;&nbsp;<\/li><li>Beantragt wurden 500.00\u20ac,\n     genehmigt wurden 500.00\u20ac.&nbsp;<\/li><li>2)\n&#8222;Winter-Kongress 2020 (BAKJ)&#8220;&nbsp;<\/li><li>Beantragt wurden 2000.00\u20ac,\n     genehmigt wurden 2000.00\u20ac.&nbsp;<\/li><li>3)\n&#8222;Studium Oecologicum&#8220;&nbsp;<\/li><li>Der Studierendenrat hat\n     beschlossen, die Summe des Projektwettbewerbes auf 339.000\u20ac festzusetzen.\n     Die Projektphase des Studium Oecologicum wird mit 61.000\u20ac unterst\u00fctzt. Der\n     Rest des Studierendenvorschlagsbudget 2021 wird nach VZ\u00c4 dezentral auf die\n     Fachbereiche aufgeteilt.&nbsp;<\/li><li>4) Form der\nStuRa-Wahl 2020&nbsp;<\/li><li>Der Studierendenrat hat\n     beschlossen, sich f\u00fcr die Durchf\u00fchrung der Studierendenratswahlen 2020 als\n     Online-Wahl im WS 2020\/21 auszusprechen.<\/li><li>5)\nCoronaforderungen &#8211; angenommen<\/li><li>6) Umwidmung\nSitzungsverpflegung (Eilabstimmung) \u2013 angenommen<\/li><li>also alles so, wie wir es auch\nangenommen hatten<\/li><\/ul>\n\n\n\n<p><strong>4. Weitere\nTOPe<\/strong><\/p>\n\n\n\n<p><strong>5.\nFachschaftsarbeit<\/strong><\/p>\n\n\n\n<p>&nbsp;&nbsp;&nbsp;\n<strong>5.1 Kaffee<\/strong><\/p>\n\n\n\n<p>&nbsp;&nbsp;&nbsp;\n1. Schicht (12-13 Uhr): &#8211;<\/p>\n\n\n\n<p>&nbsp;&nbsp;&nbsp;\n2. Schicht (13-14 Uhr): &#8211;<\/p>\n\n\n\n<p><strong>&nbsp;&nbsp;&nbsp;\n5.2 Party<\/strong><\/p>\n\n\n\n<ul class=\"wp-block-list\"><li>&nbsp;L.S.\nnach Rechnung vom Artik fragen !!!<\/li><\/ul>\n\n\n\n<p>&nbsp;&nbsp;&nbsp;\n<strong>5.3 H\u00fctte<\/strong><\/p>\n\n\n\n<ul class=\"wp-block-list\"><li>Sa.Se.: habe\nletzte Wochen Anfragen rausgeschickt, 3 haben theoretisch im Dez. + Nov. frei,\nangefragt ab 22.11. (im Kommentar &#8222;Wochenende im Nov. + Dez.&#8220;)<\/li><li>d\u00fcrfen ab\n30.05. coronam\u00e4\u00dfig wieder vermieten<\/li><li>H\u00fcttengr\u00f6\u00dfe\nso 30 Personen, wir sind in der Regel mehr, bezahlen dann halt den maximalen\nBetrag und nehmen entsprechend Leute wie letzte Jahre mit<\/li><li>Zeltplatz: w\u00e4re eine coole\n     Idee, ist aber Dezember und kalt und schneeig<\/li><li>bietet aber eine\ngro\u00dfe offene Fl\u00e4che (Flunkyballturnier, yay)<\/li><li>Anfahrt: mit\ndem Auto ungef\u00e4hr eine Stunde entfernt, Z\u00fcge gerade zu gucken echt schwer, weil\nmomentan nichts angezeigt wird im Internet (Corona)<\/li><li>Vielversprechendste\nH\u00fctte hat Volleyballplatz, gro\u00dfes Gel\u00e4nde, gro\u00dfe Gemeinschaftsr\u00e4um:&nbsp;<a href=\"https:\/\/www.gruppenhaus.de\/freizeithuette-leisenhof-schuttertal-hs3469.html\">https:\/\/www.gruppenhaus.de\/freizeithuette-leisenhof-schuttertal-hs3469.html<\/a>&nbsp;(2,5\nh Anfahrt, hat bis jetzt ganzen Dez. frei + 22.11.-Wochenende)<\/li><li>Moosb\u00e4rh\u00fctte\n(?) am Arsch der Welt beim Zell im Wiesental<a href=\"https:\/\/www.gruppenhaus.de\/moosybaerhuette-postadresse%3A-europaeisches-gaestehaus-todtmoos-hs9289.html\">https:\/\/www.gruppenhaus.de\/moosybaerhuette-postadresse%3A-europaeisches-gaestehaus-todtmoos-hs9289.html<\/a><\/li><li>Erwin-Schweizer-Heim:\nsuper gro\u00df, Tischtennisplatten, Autoparkpl\u00e4tze f\u00fcr unsere Sportwagen, Anfahrt\nkomplizierter (hat nur noch 11.12.-13.12. frei)<\/li><\/ul>\n\n\n\n<figure class=\"wp-block-embed\"><div class=\"wp-block-embed__wrapper\">\nhttps:\/\/www.gruppenhaus.de\/erwin-schweizerheim-schonach-hs3490.html\n<\/div><\/figure>\n\n\n\n<ul class=\"wp-block-list\"><li>Freizeith\u00fctte\nLeisenhof&nbsp;<a href=\"https:\/\/www.gruppenhaus.de\/freizeithuette-leisenhof-schuttertal-hs3469.html\">https:\/\/www.gruppenhaus.de\/freizeithuette-leisenhof-schuttertal-hs3469.html<\/a><\/li><li>Sa.Se.: wird\nLinks noch ins Pad hinzuf\u00fcgen; ABSTIMMUNG DANN N\u00c4CHSTE WOCHE<\/li><\/ul>\n\n\n\n<p><strong>&nbsp;&nbsp;&nbsp;\n5.4 Laufende Projekte<\/strong><\/p>\n\n\n\n<ul class=\"wp-block-list\"><li>&nbsp;trinationaler\nBachelor<\/li><li>E-Mail von J.L. an Geck; hat\n     versucht gem\u00e4\u00dfigt r\u00fcberzukommen<\/li><li>noch weitere\nPunkte? Sonst schickt er sie jetzt ab<\/li><li>Bitte von\nN.H. f\u00fcr Punkt \u00fcberarbeiten, sieht ein, dass er sich verlesen hat oder auch\nnicht (wird diskutiert)&nbsp;<\/li><li>Lob von K.H.\nf\u00fcr Mail, war nicht zu vorwurfsvoll, aber trotzdem ausdr\u00fccklich<\/li><\/ul>\n\n\n\n<p>&nbsp;&nbsp;&nbsp;\n<strong>5.5 Finanzen<\/strong><\/p>\n\n\n\n<p>&nbsp;&#8211;<\/p>\n\n\n\n<p><strong>6. Termine\nund Sonstiges<\/strong><\/p>\n\n\n\n<ul class=\"wp-block-list\"><li>Verletzung\ndes Beutelsbacher Konsens bei Raffelh\u00fcschen (?)<\/li><li>Raffelh\u00fcschen: Prof an der Uni\n     VWL<\/li><li>Videoausschnitt: nur ein\n     kleiner Schnipsel, aber so tickt der wohl, was man so h\u00f6rt; bei einzelnen\n     Vortr\u00e4gen kommt das auch durch; man m\u00fcsste da mal einen ganzen Vortrag\n     usw. h\u00f6ren und entsprechend dem Menschen mal auf die Finger hauen<\/li><li>Vorschlag:\nWenden uns an Fachschaft VWL und fragen da nach, ob man was davon wei\u00df und ob\nman sich da mal an die Studiengangskoordination wenden sollte<\/li><li>Beutelsbacher Konsens geht um\n     die Neutralit\u00e4t von Lehrenden im Sinne von keiner Indoktrination;\n     kritisches muss kritisch dargestellt werden<\/li><li>Kontakt zu pluraler \u00d6konomik\n     suchen, vielleicht finden wir da eine Fachschaftsperson etc. (J.E.\n     kontaktiert Bekannten)<\/li><li>N.H.: Wie kann er es wagen,\n     Thomas Gottschalk in den Dreck zu ziehen?<\/li><li>Wahl\nRektorat am Mittwoch im Audimax, wird live f\u00fcr \u00d6ffentlichkeit \u00fcbertragen<\/li><li>Gendern wird\nimmer mehr Mainstream, yay! Zumindest in unserer Filterblase<\/li><\/ul>\n\n\n\n<p><strong>7. Lob und\nTadel<\/strong><\/p>\n\n\n\n<ul class=\"wp-block-list\"><li>Lob an\nWagschal und J\u00e4ckle f\u00fcr gute Panel Umfrage<\/li><li>enorm interessant und gut\n     gemacht<\/li><li>Tadel an AfD\nf\u00fcr Hetze &#8211; geht allen auf den Sack und ist so 2015<\/li><li>Lob an J.L.\nf\u00fcr Auseinandersetzung mit trinationalem Studiengang und Engagement<\/li><li>Tadel an\nBild f\u00fcr Artikel \u00fcber Wissenschaftler*innen<\/li><li>Lob an\nDrosten und alle Wissenschaftler*innen<\/li><li>Debatte \u00fcber\nNutzung von Facebook und Twitter (J.E. von alter Sorte, h\u00e4ngt weiterhin an Facebook\nund liefert sich Kommentarschlachten mit wei\u00dfen alten M\u00e4nnern)<\/li><li>Lob an K.H.\nf\u00fcr Redeleitung<\/li><\/ul>\n\n\n\n<p><strong>8. Reflexion\nder Sitzung<\/strong><\/p>\n\n\n\n<ul class=\"wp-block-list\"><li>gute\nRedeleitung<\/li><li>J.E. hat\nsich manchmal nicht gemeldet, sorry f\u00fcrs Plappern<\/li><li>Klappt\nDiscord? &#8211; Bei manchen nicht so gut &#8211;&nbsp;Ansonsten demn\u00e4chst auch vielleicht \u00fcber\nStuRa-Lizenzen (M.S. fragt mal bei N.R. nach)<\/li><li>\u00fcber Ilias auch M\u00f6glichkeiten,\n     Sitzungen abzuhalten (muss man sich beim Rechenzentrum melden) &#8211;\n     Lerngruppen auch eine M\u00f6glichkeit<\/li><\/ul>\n\n\n\n<p>Ende der\nSitzung 21.10 Uhr&nbsp;<\/p>\n","protected":false},"excerpt":{"rendered":"<p>Fachschaftssitzung vom 25.05.2020 Tagesordnung: 1. Formalia 2. StuRa &nbsp;&nbsp;&nbsp; 2.1 Bericht aus dem StuRa &nbsp;&nbsp;&nbsp; 2.2 Bewerbungen &nbsp;&nbsp;&nbsp; 2.3 Finanzantr\u00e4ge &nbsp;&nbsp;&nbsp; 2.4 Sonstige Antr\u00e4ge 3. Wahlergebnisse der Abstimmungen im StuRa letzte Woche 4. Weitere TOPe 5. Fachschaftsarbeit &nbsp;&nbsp;&nbsp; 5.1 Kaffee &nbsp;&nbsp;&nbsp; 5.2 Party &nbsp;&nbsp;&nbsp; 5.3 H\u00fctte &nbsp;&nbsp;&nbsp; 5.4 Laufende Projekte &nbsp;&nbsp;&nbsp; 5.5 Finanzen 6. Termine [&hellip;]<\/p>\n","protected":false},"author":10,"featured_media":0,"comment_status":"closed","ping_status":"closed","sticky":false,"template":"","format":"standard","meta":{"iawp_total_views":2,"footnotes":""},"categories":[18],"tags":[],"class_list":["post-3040","post","type-post","status-publish","format-standard","hentry","category-protokolle"],"_links":{"self":[{"href":"https:\/\/www.fspolitik.de\/index.php?rest_route=\/wp\/v2\/posts\/3040","targetHints":{"allow":["GET"]}}],"collection":[{"href":"https:\/\/www.fspolitik.de\/index.php?rest_route=\/wp\/v2\/posts"}],"about":[{"href":"https:\/\/www.fspolitik.de\/index.php?rest_route=\/wp\/v2\/types\/post"}],"author":[{"embeddable":true,"href":"https:\/\/www.fspolitik.de\/index.php?rest_route=\/wp\/v2\/users\/10"}],"replies":[{"embeddable":true,"href":"https:\/\/www.fspolitik.de\/index.php?rest_route=%2Fwp%2Fv2%2Fcomments&post=3040"}],"version-history":[{"count":1,"href":"https:\/\/www.fspolitik.de\/index.php?rest_route=\/wp\/v2\/posts\/3040\/revisions"}],"predecessor-version":[{"id":3041,"href":"https:\/\/www.fspolitik.de\/index.php?rest_route=\/wp\/v2\/posts\/3040\/revisions\/3041"}],"wp:attachment":[{"href":"https:\/\/www.fspolitik.de\/index.php?rest_route=%2Fwp%2Fv2%2Fmedia&parent=3040"}],"wp:term":[{"taxonomy":"category","embeddable":true,"href":"https:\/\/www.fspolitik.de\/index.php?rest_route=%2Fwp%2Fv2%2Fcategories&post=3040"},{"taxonomy":"post_tag","embeddable":true,"href":"https:\/\/www.fspolitik.de\/index.php?rest_route=%2Fwp%2Fv2%2Ftags&post=3040"}],"curies":[{"name":"wp","href":"https:\/\/api.w.org\/{rel}","templated":true}]}}