{"id":3044,"date":"2020-06-08T22:21:49","date_gmt":"2020-06-08T20:21:49","guid":{"rendered":"http:\/\/www.fspolitik.de\/?p=3044"},"modified":"2020-06-08T22:21:51","modified_gmt":"2020-06-08T20:21:51","slug":"protokoll-der-fachbereichssitzung-vom-08-06-2020","status":"publish","type":"post","link":"https:\/\/www.fspolitik.de\/?p=3044","title":{"rendered":"Protokoll der Fachbereichssitzung vom 08.06.2020"},"content":{"rendered":"\n<p><strong>Fachschaftssitzung\nvom 08.06.2020<\/strong><\/p>\n\n\n\n<p>Tagesordnung:<\/p>\n\n\n\n<p>1. Formalia<\/p>\n\n\n\n<p>2. StuRa<\/p>\n\n\n\n<p>&nbsp;&nbsp;&nbsp;\n2.1 Bericht aus dem StuRa<\/p>\n\n\n\n<p>&nbsp;&nbsp;&nbsp;\n2.2 Bewerbungen<\/p>\n\n\n\n<p>&nbsp;&nbsp;&nbsp;\n2.3 Finanzantr\u00e4ge<\/p>\n\n\n\n<p>&nbsp;&nbsp;&nbsp;\n2.4 Sonstige Antr\u00e4ge<\/p>\n\n\n\n<p>3.\nWahlergebnisse der Abstimmungen im StuRa letzte Woche<\/p>\n\n\n\n<p>4. Weitere\nTOPe<\/p>\n\n\n\n<p>5.\nFachschaftsarbeit<\/p>\n\n\n\n<p>&nbsp;&nbsp;&nbsp;\n5.1 Kaffee<\/p>\n\n\n\n<p>&nbsp;&nbsp;&nbsp;\n5.2 Party<\/p>\n\n\n\n<p>&nbsp;&nbsp;&nbsp;\n5.3 H\u00fctte<\/p>\n\n\n\n<p>&nbsp;&nbsp;&nbsp;\n5.4 Laufende Projekte<\/p>\n\n\n\n<p>&nbsp;&nbsp;&nbsp;\n5.5 Finanzen<\/p>\n\n\n\n<p>6. Termine\nund Sonstiges<\/p>\n\n\n\n<p>7. Lob und\nTadel<\/p>\n\n\n\n<p>8. Reflexion\nder Sitzung<\/p>\n\n\n\n<p>&#8212;&#8212;&#8212;&#8212;&#8212;&#8212;&#8212;&#8212;&#8212;&#8212;&#8212;&#8212;&#8212;&#8211;<\/p>\n\n\n\n<p>Protokoll<\/p>\n\n\n\n<p>Tagesordnung<\/p>\n\n\n\n<p><strong>1. Formalia<\/strong><\/p>\n\n\n\n<p>Redeleitung\n(m*): N.H.<\/p>\n\n\n\n<p>Protokoll: Sa.Se.\n&amp; J.E.<\/p>\n\n\n\n<p>Beschlussf\u00e4higkeit:\nja<\/p>\n\n\n\n<p>Genehmigung\ndes Protokolls:<\/p>\n\n\n\n<p>Vorschl\u00e4ge\nzur TO:<\/p>\n\n\n\n<ul class=\"wp-block-list\"><li>Mail vorziehen vor den StuRa<\/li><\/ul>\n\n\n\n<p><strong>2. StuRa<\/strong><\/p>\n\n\n\n<p><strong>&nbsp;&nbsp;&nbsp;\n2.1 Bericht aus dem StuRa<\/strong><\/p>\n\n\n\n<ul class=\"wp-block-list\"><li>Rektorat hat\nWirtschaftsplan genehmigt.<\/li><li>Neue\nRektorin an der Uni. Hat bis jetzt einen ganz guten Eindruck gemacht, konnte\nnicht auf alle Fragen antworten, die aus Studi-Seite kamen; macht kompetenten\nEindruck; mit gro\u00dfer Mehrheit gew\u00e4hlt; sehr begeistert von Exzellenz&#8230;<\/li><li>Wahlkoordination:\nRektorat hat beschlossen, Uni-Wahlen zu verschieben. Finden Anfang November statt;\ngew\u00e4hlte Vertreter*innen bleiben bis dahin im Amt; alle, die sich zur Wahl\nstellen lassen wollen&nbsp;<\/li><li>Fristen f\u00fcrs Einreichen der\n     Listen: 42 Tage vor der Wahl (Mitte September)&nbsp;<\/li><li>M.S.: Gerne schon bis Ende Juli\n     Listen f\u00fcllen und abgeben<\/li><\/ul>\n\n\n\n<p><strong>&nbsp;&nbsp;&nbsp;\n2.2 Bewerbungen<\/strong><\/p>\n\n\n\n<ul class=\"wp-block-list\"><li>1)&nbsp;\nStephan Nickel (SVB-Gremium)<\/li><\/ul>\n\n\n\n<ul class=\"wp-block-list\"><li>2)&nbsp;\nMarion D\u00fcrr (SVB-Gremium)<\/li><\/ul>\n\n\n\n<ul class=\"wp-block-list\"><li>haben es\nbeide schon mal gemacht<\/li><li>studieren\nbeide Mikrosystemtechnik&nbsp;<\/li><li>GO-Antrag\nauf Abstimmung en block<\/li><\/ul>\n\n\n\n<p>Ohne Gegenrede angenommen<\/p>\n\n\n\n<ul class=\"wp-block-list\"><li>Abst.: einstimmig angenommen<\/li><li>Suchen noch\nweitere Bewerber*innen f\u00fcrs SVB-Gremium, vor allem Geisteswissenschaftler*innen<\/li><li>Ausschreiben auf Stura.org bei\n     News<\/li><\/ul>\n\n\n\n<p>&nbsp;&nbsp;<strong>&nbsp;\n2.3 Finanzantr\u00e4ge<\/strong><\/p>\n\n\n\n<ul class=\"wp-block-list\"><li>&nbsp;keine<\/li><\/ul>\n\n\n\n<p><strong>&nbsp;&nbsp;&nbsp;\n2.4 Sonstige Antr\u00e4ge<\/strong><\/p>\n\n\n\n<ul class=\"wp-block-list\"><li>&nbsp;auch\nkeine<\/li><\/ul>\n\n\n\n<p><strong>3.\nWahlergebnisse der Abstimmungen im StuRa letzte Woche<\/strong><\/p>\n\n\n\n<ul class=\"wp-block-list\"><li>&nbsp;keine<\/li><\/ul>\n\n\n\n<p><strong>4. Weitere\nTOPe<\/strong><\/p>\n\n\n\n<ul class=\"wp-block-list\"><li>keine<\/li><\/ul>\n\n\n\n<p><strong>5.\nFachschaftsarbeit<\/strong><\/p>\n\n\n\n<p>&nbsp;&nbsp;&nbsp;\n<strong>5.1 Kaffee<\/strong><\/p>\n\n\n\n<p>&nbsp;&nbsp;&nbsp;\n1. Schicht (12-13 Uhr): entf\u00e4llt <\/p>\n\n\n\n<p>&nbsp;&nbsp;&nbsp;\n2. Schicht (13-14 Uhr): entf\u00e4llt<\/p>\n\n\n\n<p><strong>&nbsp;&nbsp;&nbsp;\n5.2 Party<\/strong><\/p>\n\n\n\n<p>&nbsp;&#8211;\nRechnung inzwischen da?<\/p>\n\n\n\n<p><strong>&nbsp;&nbsp;&nbsp;\n5.3 H\u00fctte<\/strong><\/p>\n\n\n\n<p>Leisenhof-H\u00fctte:&nbsp;<\/p>\n\n\n\n<p>20.-22.\nNovember w\u00e4re gut, dieses WE wird angefragt&nbsp;<\/p>\n\n\n\n<p><strong>&nbsp;&nbsp;&nbsp;\n5.4 Laufende Projekte<\/strong><\/p>\n\n\n\n<ul class=\"wp-block-list\"><li>Berufsperspektiven<\/li><\/ul>\n\n\n\n<p>&nbsp;&nbsp;\nMail an J\u00e4ckle, Schubert in cc<\/p>\n\n\n\n<p>&nbsp;&nbsp;\nJ\u00e4ckle pr\u00e4feriert Zoom, Hilft Menschen zu finden.<\/p>\n\n\n\n<p>&nbsp;&nbsp;\nKontakt zu einem Menschen auf FB, der Lust dazu h\u00e4tte.<\/p>\n\n\n\n<p>&nbsp;&nbsp;\nZoom-Raum kann gebucht werden.<\/p>\n\n\n\n<ul class=\"wp-block-list\"><li>&nbsp;&nbsp;\nK.H w\u00fcrde sich in AK engagieren, wegen weiteren Leuten in Whatsapp-Gruppe\nschreiben<\/li><li>J.E.\nschreibt Mail an J\u00e4ckle und best\u00e4tigt das, schreibt Dude bei FB ob er Lust\nh\u00e4tte<\/li><li>Sp\u00e4testens 1\n1\/2 Wochen vor Pr\u00fcfungsphase<\/li><li>J.S.: Wichtig\nist, Leute zu finden<\/li><\/ul>\n\n\n\n<ul class=\"wp-block-list\"><li>neuer E-Mail-Verteiler: siehe oben<\/li><\/ul>\n\n\n\n<ul class=\"wp-block-list\"><li>Hilfe bei Pr\u00fcfungsschlamassel von\nzwei Studis<\/li><li>An\nProrektorin f\u00fcr Studium und Lehre schreiben, mit Belegen, dass man sich\nordnungsgem\u00e4\u00df angemeldet hatte etc.<\/li><li>Vermutlich am effektivsten<\/li><li>Hiwi und Rother in CC setzen,\n     E-Mail Ausschnitte sollten helfen.<\/li><li>F\u00fcr Pr\u00fcfung am 10.06. fr\u00fch\n     informieren, dass man da nicht antritt aus genannten Gr\u00fcnden<\/li><li>P.S.:\nH\u00e4rteantrag stellen<\/li><li>Sa.Se.: m\u00fcssen sehr stark\n     begr\u00fcndet sein<\/li><\/ul>\n\n\n\n<p><strong>&nbsp;&nbsp;&nbsp;\n5.5 Finanzen<\/strong><\/p>\n\n\n\n<p>&nbsp;&#8211;<\/p>\n\n\n\n<p><strong>6. Termine\nund Sonstiges<\/strong><\/p>\n\n\n\n<ul class=\"wp-block-list\"><li>Mail mit Stipendienwerbung<\/li><li>&nbsp;Master-Stipendium\nsoll beworben werden oder eben nicht?<\/li><li>Geld aus aufgel\u00f6ster Verbindung<\/li><li>Wurde in\nMail gefragt und wurde von Menschen kritisiert, ob man das bewerben sollte oder\nnicht<\/li><li>Wie objektiv sollte die\n     Fachschaft sein?<\/li><li>J.E.: Goldene\nMitte finden &#8211; nicht zu extrem, undemokratisch etc.&nbsp;<\/li><li>J.E.: Man\nk\u00f6nnte auch transparent sein und kommentieren, dass es schwierig ist und\nhinterfragt werden muss, wir aber im Sinne des Pluralismus teilen<\/li><li>N.R.: Man\nkann schon eine linke Linie fahren, die sollte auch nicht unbedingt\nabgeschw\u00e4cht werden<\/li><li>N.L.: Grunds\u00e4tzlich\nist es halt als Stipendium gut, jetzt in Corona-Zeiten finanzielle\nUnterst\u00fctzung zu bekommen.&nbsp;<\/li><li>M.S.: Prinzipiell\nsollte man sich vielleicht mal eine Richtlinie in \u00d6ffentlichkeitsarbeit setzen.<\/li><li>N.R.: Social-Media\nBeauftragte sind halt per se daf\u00fcr berechtigt, zu entscheiden. Vor allem, wenn\nes spontan geht, um eine Demo oder so; bei strittigen Sachen kann Nachfrage in\nFachschaft gemacht werden. M\u00f6glicher BerichtsTOP, was so gepostet wurde.<\/li><li>L.R.: findet\nIdee mit der Dokumentation gut, kann dazu ein Pad erstellen und bei\nUnsicherheiten nachfragen.<\/li><li>M.S.: klares\nJA zu Demoaufrufen gegen verfassungsfeindliche Parteien, trotzdem sollte man\nversuchen, eine Grundlage zu finden.<\/li><li>Vorschlag\nJ.E.: Statt FB-Teilungen, gro\u00dfer E-Mail Verteiler aller PoWi Studis. Von der\nFachschaft geleitet. Seminar hat schon so einen Verteiler.<\/li><li>Wie kommt man an Daten,\n     Mail-Adressen? Aufbauen \u00fcber Erstis die n\u00e4chsten Jahre.<\/li><li>Jetziger Verteiler l\u00e4uft \u00fcber\n     J., wurde in Vergangenheit abgelehnt, dass man da nicht rumschicken darf.<\/li><li>Hat das\nSeminar einen Mail-Verteiler? &#8211; Thema f\u00fcrs Gesch\u00e4ftsf\u00fchrungstreffen.<\/li><li>N.R.:1x im Semester\n     Info-Politik-Verteiler nutzen k\u00f6nnen &#8211; k\u00f6nnte man anfragen.<\/li><li>Sa.Se.:\nWertsch\u00e4tzende Sprache in den Mails. &#8222;Die Fachschaft liebt euch&#8220; ist\nja auch ein Slogan!&nbsp;<\/li><li>N.L.: Wollen\nwir das jetzt promoten oder nicht? Gerne eine Abstimmung.&nbsp;<\/li><li>N.H.:\nVorschlag, es jetzt bei FB zu teilen aber mit Infos zum Hintergrund<\/li><li>N.R.: hab Beschreibung\noffen: Stiftung KSTV Bavaria (ehemalige Verbindung) gewesen, 8 Stipendien a\n2100\u20ac f\u00fcr Masterstudis, die Masterarbeit in einem der F\u00e4cher der\nPhilosophischen Fakult\u00e4t schreiben; Motivationsschreiben, Empfehlungsschreiben,\nBachelorzeugnis, Noten aus Master, Lebenslauf mit Foto, Erkl\u00e4rung, dass man\nsonst keine F\u00f6rderung bekommt; Auswahlkommission von philosophischer Fakult\u00e4t\nw\u00e4hlt aus; wenn man das kriegt muss man einen Bericht schreiben hinterher und\nStiftung l\u00e4dt einen evtl. zum Mitgliedertreffen ein (also evtl. Verpflichtungen\ngegen\u00fcber Geldgeber*innen)<\/li><li>Abstimmung: 5 daf\u00fcr, 6 dagegen,\n     3 Enthaltungen<ul><li>Der Beitrag wird nicht geteilt<\/li><\/ul><\/li><\/ul>\n\n\n\n<ul class=\"wp-block-list\"><li>Solidarisierung\nmit Anti-Rassismus-Demos: Social-Media Beauftragte!&nbsp;<\/li><li>Mensa macht\nam Montag wieder auf!!!!! &#8211; Pink Sauce: Mensa-Podcast, sehr zu empfehlen<\/li><li>Ab n\u00e4chste\nWoche k\u00f6nnen wir auf Zoom umsteigen mit FS-Sitzung<\/li><li>N.R.: spricht mit Vorstand\n     wegen &#8222;Raumantrag&#8220; f\u00fcr Zoom<\/li><\/ul>\n\n\n\n<p><strong>7. Lob und\nTadel<\/strong><\/p>\n\n\n\n<ul class=\"wp-block-list\"><li>Lob f\u00fcr Rage\nAgainst the Machine-Kommentar<\/li><li>Lob f\u00fcr\nH\u00fctten und endliche Abstimmung<\/li><li>Lob an K.\nf\u00fcr AK<\/li><li>Lob an alle\nrandom Leute, die da waren<\/li><li>Tadel an\nDiscord, dass Leute die ganze Zeit gekickt werden<\/li><li>Tadel an\nGed\u00e4chtnis von J.L.<\/li><li>Lob an\nRechenzentrum f\u00fcr kostenlose Host-Lizenz von Zoom<\/li><li>Lob an ZEIT\nf\u00fcr Rassismus-Podcast bzw. f\u00fcr fr\u00fchzeitige Aufnahme von Podcast<\/li><\/ul>\n\n\n\n<p><strong>8. Reflexion\nder Sitzung<\/strong><\/p>\n\n\n\n<ul class=\"wp-block-list\"><li>F\u00fcr viele\nklappt das Format echt gut, aber f\u00fcr einige wenige gar nicht<\/li><li>Ab n\u00e4chste\nWoche Zoom ist hoffentlich besser und inklusiver&nbsp;<\/li><\/ul>\n\n\n\n<p>Sitzungsende um 21.45 Uhr.<\/p>\n","protected":false},"excerpt":{"rendered":"<p>Fachschaftssitzung vom 08.06.2020 Tagesordnung: 1. Formalia 2. StuRa &nbsp;&nbsp;&nbsp; 2.1 Bericht aus dem StuRa &nbsp;&nbsp;&nbsp; 2.2 Bewerbungen &nbsp;&nbsp;&nbsp; 2.3 Finanzantr\u00e4ge &nbsp;&nbsp;&nbsp; 2.4 Sonstige Antr\u00e4ge 3. Wahlergebnisse der Abstimmungen im StuRa letzte Woche 4. Weitere TOPe 5. Fachschaftsarbeit &nbsp;&nbsp;&nbsp; 5.1 Kaffee &nbsp;&nbsp;&nbsp; 5.2 Party &nbsp;&nbsp;&nbsp; 5.3 H\u00fctte &nbsp;&nbsp;&nbsp; 5.4 Laufende Projekte &nbsp;&nbsp;&nbsp; 5.5 Finanzen 6. Termine [&hellip;]<\/p>\n","protected":false},"author":10,"featured_media":0,"comment_status":"closed","ping_status":"closed","sticky":false,"template":"","format":"standard","meta":{"iawp_total_views":1,"footnotes":""},"categories":[18],"tags":[],"class_list":["post-3044","post","type-post","status-publish","format-standard","hentry","category-protokolle"],"_links":{"self":[{"href":"https:\/\/www.fspolitik.de\/index.php?rest_route=\/wp\/v2\/posts\/3044","targetHints":{"allow":["GET"]}}],"collection":[{"href":"https:\/\/www.fspolitik.de\/index.php?rest_route=\/wp\/v2\/posts"}],"about":[{"href":"https:\/\/www.fspolitik.de\/index.php?rest_route=\/wp\/v2\/types\/post"}],"author":[{"embeddable":true,"href":"https:\/\/www.fspolitik.de\/index.php?rest_route=\/wp\/v2\/users\/10"}],"replies":[{"embeddable":true,"href":"https:\/\/www.fspolitik.de\/index.php?rest_route=%2Fwp%2Fv2%2Fcomments&post=3044"}],"version-history":[{"count":2,"href":"https:\/\/www.fspolitik.de\/index.php?rest_route=\/wp\/v2\/posts\/3044\/revisions"}],"predecessor-version":[{"id":3046,"href":"https:\/\/www.fspolitik.de\/index.php?rest_route=\/wp\/v2\/posts\/3044\/revisions\/3046"}],"wp:attachment":[{"href":"https:\/\/www.fspolitik.de\/index.php?rest_route=%2Fwp%2Fv2%2Fmedia&parent=3044"}],"wp:term":[{"taxonomy":"category","embeddable":true,"href":"https:\/\/www.fspolitik.de\/index.php?rest_route=%2Fwp%2Fv2%2Fcategories&post=3044"},{"taxonomy":"post_tag","embeddable":true,"href":"https:\/\/www.fspolitik.de\/index.php?rest_route=%2Fwp%2Fv2%2Ftags&post=3044"}],"curies":[{"name":"wp","href":"https:\/\/api.w.org\/{rel}","templated":true}]}}